{"id":7409,"date":"2020-08-31T11:44:36","date_gmt":"2020-08-31T10:44:36","guid":{"rendered":"https:\/\/csp.ch\/vaud\/?p=7409"},"modified":"2024-10-17T10:24:03","modified_gmt":"2024-10-17T08:24:03","slug":"nord-vaudois-et-broye-nouvelles-permanences-de-soutien-social-et-juridique-pour-les-jeunes-jet-service","status":"publish","type":"post","link":"https:\/\/csp.ch\/vaud\/nord-vaudois-et-broye-nouvelles-permanences-de-soutien-social-et-juridique-pour-les-jeunes-jet-service\/","title":{"rendered":"Nord vaudois et Broye : permanences de soutien social et juridique pour les jeunes (Jet Service)"},"content":{"rendered":"<div class=\"wpb-content-wrapper\"><p>[vc_row][vc_column][vc_column_text css=\u00a0\u00bb\u00a0\u00bb]<\/p>\n<p class=\"p1\"><strong>Deux permanences socio-juridiques &#8211; gratuites, sans rendez-vous &#8211; sont accessibles aux jeunes du Nord vaudois et de la Broye vaudoise. Elles sont assur\u00e9es par le <a href=\"https:\/\/csp.ch\/vaud\/services\/questions-de-jeunes\/\">service social Jeunes du CSP Vaud<\/a>, Jet Service, avec le soutien de l\u2019Etat de Vaud.<\/strong><\/p>\n<p><strong>POUR QUI ?<\/strong><\/p>\n<p>Pour les jeunes de 16 \u00e0 25 ans et toute personne en formation.<\/p>\n<p><strong>POUR QUOI ?<\/strong><\/p>\n<p>Pour vous aider \u00e0 r\u00e9pondre \u00e0 vos questions dans les domaines suivants:<\/p>\n<ul>\n<li>Bourses<\/li>\n<li>Devoir d\u2019entretien<\/li>\n<li>Probl\u00e8mes financiers<\/li>\n<li>Difficult\u00e9s familiales<\/li>\n<li>Droit du travail<\/li>\n<li>Probl\u00e8mes avec la justice<\/li>\n<li>Autres questions li\u00e9es au droit et aux assurances sociales<\/li>\n<\/ul>\n<p>L\u2019accompagnement\u00a0 dans les d\u00e9marches et le suivi\u00a0 est assur\u00e9 en cas de besoin.<\/p>\n<p><strong>Pour toute question :\u00a0 <a href=\"&#x6d;&#x61;&#105;l&#x74;&#x6f;&#58;je&#x74;&#x2e;&#115;e&#x72;&#x76;&#105;&#99;e&#x40;&#x63;&#115;p&#x2d;&#x76;&#100;&#46;c&#x68;\">adressez-nous votre message par courriel<\/a><\/strong><\/p>\n<p>T\u00e9l: 021 560 60 30,<\/p>\n<p><strong><a href=\"http:\/\/www.csp.ch\/jetservice\">En savoir plus sur la page du Service<\/a><\/strong>[\/vc_column_text][\/vc_column][\/vc_row][vc_row][vc_column width=\u00a0\u00bb1\/2&Prime;][vc_column_text css=\u00a0\u00bb\u00a0\u00bb]<strong>O\u00d9 ?<\/strong><\/p>\n<p>Rue des Terreaux 10<\/p>\n<p>1530 <strong>Payerne<\/strong><\/p>\n<p>&nbsp;<\/p>\n<p><strong>QUAND ?<\/strong><\/p>\n<p>Un mercredi sur deux<\/p>\n<p>de 16h \u00e0 19h<\/p>\n<p>Merci d\u2019arriver entre 16h et 18h<\/p>\n<p><span style=\"color: #ff0000\"><strong>Attention, la permanence du mercredi 13 novembre sera ferm\u00e9e. Nous vous remercions de votre compr\u00e9hension.<\/strong><\/span><\/p>\n<p><strong>Acc\u00e8s \u00e0 toutes les permanences sans rendez-vous.<\/strong>[\/vc_column_text][\/vc_column][vc_column width=\u00a0\u00bb1\/2&Prime;][vc_column_text css=\u00a0\u00bb\u00a0\u00bb]<strong>O\u00d9 ?<\/strong><\/p>\n<p>Maison des Associations<\/p>\n<p>Quai de la Thi\u00e8le 3<\/p>\n<p>1400<strong> Yverdon-les-Bains<\/strong><\/p>\n<p><strong>QUAND ?<\/strong><\/p>\n<p>Tous les jeudis<\/p>\n<p>de 16h \u00e0 19h<\/p>\n<p>Merci d\u2019arriver entre 16h et 18h<\/p>\n<p><span style=\"color: #ff0000\"><strong>Attention, la permanence du jeudi 7 novembre sera ferm\u00e9e. Nous vous remercions de votre compr\u00e9hension.<\/strong><\/span><\/p>\n<p><strong>Acc\u00e8s \u00e0 toutes les permanences sans rendez-vous.<\/strong>[\/vc_column_text][\/vc_column][\/vc_row]<\/p>\n<\/div>","protected":false},"excerpt":{"rendered":"<p>[vc_row][vc_column][vc_column_text css=\u00a0\u00bb\u00a0\u00bb] Deux permanences socio-juridiques &#8211; gratuites, sans rendez-vous &#8211; sont accessibles aux jeunes du Nord vaudois et de la Broye vaudoise. Elles sont assur\u00e9es par le service social Jeunes du CSP Vaud, Jet Service, avec le soutien de l\u2019Etat de Vaud. POUR QUI ? Pour les jeunes de 16 \u00e0 25 ans et toute [&hellip;]<\/p>\n","protected":false},"author":2,"featured_media":7430,"comment_status":"closed","ping_status":"closed","sticky":false,"template":"","format":"standard","meta":{"_acf_changed":false,"footnotes":""},"categories":[23],"tags":[],"class_list":["post-7409","post","type-post","status-publish","format-standard","has-post-thumbnail","hentry","category-questions-de-jeunes"],"acf":[],"yoast_head":"<!-- This site is optimized with the Yoast SEO plugin v27.1.1 - https:\/\/yoast.com\/product\/yoast-seo-wordpress\/ -->\n<title>permanences pour les jeunes dans le Nord vaudois et la Broye<\/title>\n<meta name=\"description\" content=\"Deux nouvelles permanences sociojuridiques du service Jeunes du CSP Vaud ouvrent \u00e0 Yverdon-les-Bains et \u00e0 Payerne. Sans rendez-vous.\" \/>\n<meta name=\"robots\" content=\"index, follow, max-snippet:-1, max-image-preview:large, max-video-preview:-1\" \/>\n<link rel=\"canonical\" href=\"https:\/\/csp.ch\/vaud\/nord-vaudois-et-broye-nouvelles-permanences-de-soutien-social-et-juridique-pour-les-jeunes-jet-service\/\" \/>\n<meta property=\"og:locale\" content=\"fr_FR\" \/>\n<meta property=\"og:type\" content=\"article\" \/>\n<meta property=\"og:title\" content=\"permanences pour les jeunes dans le Nord vaudois et la Broye\" \/>\n<meta property=\"og:description\" content=\"Deux nouvelles permanences sociojuridiques du service Jeunes du CSP Vaud ouvrent \u00e0 Yverdon-les-Bains et \u00e0 Payerne. Sans rendez-vous.\" \/>\n<meta property=\"og:url\" content=\"https:\/\/csp.ch\/vaud\/nord-vaudois-et-broye-nouvelles-permanences-de-soutien-social-et-juridique-pour-les-jeunes-jet-service\/\" \/>\n<meta property=\"og:site_name\" content=\"CSP Vaud\" \/>\n<meta property=\"article:publisher\" content=\"https:\/\/www.facebook.com\/CSPSuisse\" \/>\n<meta property=\"article:published_time\" content=\"2020-08-31T10:44:36+00:00\" \/>\n<meta property=\"article:modified_time\" content=\"2024-10-17T08:24:03+00:00\" \/>\n<meta property=\"og:image\" content=\"https:\/\/csp.ch\/wp-content\/uploads\/sites\/4\/2020\/08\/Consultation_Personnes\u00a9CSP-VD_RebeccaBowring3917-copie.jpg\" \/>\n\t<meta property=\"og:image:width\" content=\"740\" \/>\n\t<meta property=\"og:image:height\" content=\"330\" \/>\n\t<meta property=\"og:image:type\" content=\"image\/jpeg\" \/>\n<meta name=\"author\" content=\"cspvaud\" \/>\n<meta name=\"twitter:card\" content=\"summary_large_image\" \/>\n<meta name=\"twitter:label1\" content=\"\u00c9crit par\" \/>\n\t<meta name=\"twitter:data1\" content=\"cspvaud\" \/>\n\t<meta name=\"twitter:label2\" content=\"Dur\u00e9e de lecture estim\u00e9e\" \/>\n\t<meta name=\"twitter:data2\" content=\"2 minutes\" \/>\n<script type=\"application\/ld+json\" class=\"yoast-schema-graph\">{\"@context\":\"https:\/\/schema.org\",\"@graph\":[{\"@type\":\"Article\",\"@id\":\"https:\/\/csp.ch\/vaud\/nord-vaudois-et-broye-nouvelles-permanences-de-soutien-social-et-juridique-pour-les-jeunes-jet-service\/#article\",\"isPartOf\":{\"@id\":\"https:\/\/csp.ch\/vaud\/nord-vaudois-et-broye-nouvelles-permanences-de-soutien-social-et-juridique-pour-les-jeunes-jet-service\/\"},\"author\":{\"name\":\"cspvaud\",\"@id\":\"https:\/\/csp.ch\/vaud\/#\/schema\/person\/0e2e3c0a611f671e0d9f38e9c45d1a4c\"},\"headline\":\"Nord vaudois et Broye : permanences de soutien social et juridique pour les jeunes (Jet Service)\",\"datePublished\":\"2020-08-31T10:44:36+00:00\",\"dateModified\":\"2024-10-17T08:24:03+00:00\",\"mainEntityOfPage\":{\"@id\":\"https:\/\/csp.ch\/vaud\/nord-vaudois-et-broye-nouvelles-permanences-de-soutien-social-et-juridique-pour-les-jeunes-jet-service\/\"},\"wordCount\":277,\"publisher\":{\"@id\":\"https:\/\/csp.ch\/vaud\/#organization\"},\"image\":{\"@id\":\"https:\/\/csp.ch\/vaud\/nord-vaudois-et-broye-nouvelles-permanences-de-soutien-social-et-juridique-pour-les-jeunes-jet-service\/#primaryimage\"},\"thumbnailUrl\":\"https:\/\/csp.ch\/wp-content\/uploads\/sites\/4\/2020\/08\/Consultation_Personnes\u00a9CSP-VD_RebeccaBowring3917-copie.jpg\",\"articleSection\":[\"Questions de jeunes\"],\"inLanguage\":\"fr-FR\"},{\"@type\":\"WebPage\",\"@id\":\"https:\/\/csp.ch\/vaud\/nord-vaudois-et-broye-nouvelles-permanences-de-soutien-social-et-juridique-pour-les-jeunes-jet-service\/\",\"url\":\"https:\/\/csp.ch\/vaud\/nord-vaudois-et-broye-nouvelles-permanences-de-soutien-social-et-juridique-pour-les-jeunes-jet-service\/\",\"name\":\"permanences pour les jeunes dans le Nord vaudois et la Broye\",\"isPartOf\":{\"@id\":\"https:\/\/csp.ch\/vaud\/#website\"},\"primaryImageOfPage\":{\"@id\":\"https:\/\/csp.ch\/vaud\/nord-vaudois-et-broye-nouvelles-permanences-de-soutien-social-et-juridique-pour-les-jeunes-jet-service\/#primaryimage\"},\"image\":{\"@id\":\"https:\/\/csp.ch\/vaud\/nord-vaudois-et-broye-nouvelles-permanences-de-soutien-social-et-juridique-pour-les-jeunes-jet-service\/#primaryimage\"},\"thumbnailUrl\":\"https:\/\/csp.ch\/wp-content\/uploads\/sites\/4\/2020\/08\/Consultation_Personnes\u00a9CSP-VD_RebeccaBowring3917-copie.jpg\",\"datePublished\":\"2020-08-31T10:44:36+00:00\",\"dateModified\":\"2024-10-17T08:24:03+00:00\",\"description\":\"Deux nouvelles permanences sociojuridiques du service Jeunes du CSP Vaud ouvrent \u00e0 Yverdon-les-Bains et \u00e0 Payerne. Sans rendez-vous.\",\"breadcrumb\":{\"@id\":\"https:\/\/csp.ch\/vaud\/nord-vaudois-et-broye-nouvelles-permanences-de-soutien-social-et-juridique-pour-les-jeunes-jet-service\/#breadcrumb\"},\"inLanguage\":\"fr-FR\",\"potentialAction\":[{\"@type\":\"ReadAction\",\"target\":[\"https:\/\/csp.ch\/vaud\/nord-vaudois-et-broye-nouvelles-permanences-de-soutien-social-et-juridique-pour-les-jeunes-jet-service\/\"]}]},{\"@type\":\"ImageObject\",\"inLanguage\":\"fr-FR\",\"@id\":\"https:\/\/csp.ch\/vaud\/nord-vaudois-et-broye-nouvelles-permanences-de-soutien-social-et-juridique-pour-les-jeunes-jet-service\/#primaryimage\",\"url\":\"https:\/\/csp.ch\/wp-content\/uploads\/sites\/4\/2020\/08\/Consultation_Personnes\u00a9CSP-VD_RebeccaBowring3917-copie.jpg\",\"contentUrl\":\"https:\/\/csp.ch\/wp-content\/uploads\/sites\/4\/2020\/08\/Consultation_Personnes\u00a9CSP-VD_RebeccaBowring3917-copie.jpg\",\"width\":740,\"height\":330,\"caption\":\"Nord vaudois et Broye : Consultation sociale et juridique pour les jeunes CSP Vaud\"},{\"@type\":\"BreadcrumbList\",\"@id\":\"https:\/\/csp.ch\/vaud\/nord-vaudois-et-broye-nouvelles-permanences-de-soutien-social-et-juridique-pour-les-jeunes-jet-service\/#breadcrumb\",\"itemListElement\":[{\"@type\":\"ListItem\",\"position\":1,\"name\":\"Accueil\",\"item\":\"https:\/\/csp.ch\/vaud\/\"},{\"@type\":\"ListItem\",\"position\":2,\"name\":\"Nord vaudois et Broye : permanences de soutien social et juridique pour les jeunes (Jet Service)\"}]},{\"@type\":\"WebSite\",\"@id\":\"https:\/\/csp.ch\/vaud\/#website\",\"url\":\"https:\/\/csp.ch\/vaud\/\",\"name\":\"https:\/\/csp.ch\/vaud\/\",\"description\":\"\",\"publisher\":{\"@id\":\"https:\/\/csp.ch\/vaud\/#organization\"},\"potentialAction\":[{\"@type\":\"SearchAction\",\"target\":{\"@type\":\"EntryPoint\",\"urlTemplate\":\"https:\/\/csp.ch\/vaud\/?s={search_term_string}\"},\"query-input\":{\"@type\":\"PropertyValueSpecification\",\"valueRequired\":true,\"valueName\":\"search_term_string\"}}],\"inLanguage\":\"fr-FR\"},{\"@type\":\"Organization\",\"@id\":\"https:\/\/csp.ch\/vaud\/#organization\",\"name\":\"https:\/\/csp.ch\/vaud\/\",\"url\":\"https:\/\/csp.ch\/vaud\/\",\"logo\":{\"@type\":\"ImageObject\",\"inLanguage\":\"fr-FR\",\"@id\":\"https:\/\/csp.ch\/vaud\/#\/schema\/logo\/image\/\",\"url\":\"https:\/\/csp.ch\/wp-content\/uploads\/sites\/4\/2022\/11\/Logo-CSP-VD-RVB.OK_.jpg\",\"contentUrl\":\"https:\/\/csp.ch\/wp-content\/uploads\/sites\/4\/2022\/11\/Logo-CSP-VD-RVB.OK_.jpg\",\"width\":600,\"height\":306,\"caption\":\"https:\/\/csp.ch\/vaud\/\"},\"image\":{\"@id\":\"https:\/\/csp.ch\/vaud\/#\/schema\/logo\/image\/\"},\"sameAs\":[\"https:\/\/www.facebook.com\/CSPSuisse\",\"https:\/\/www.linkedin.com\/company\/csp-vaud\/mycompany\"]},{\"@type\":\"Person\",\"@id\":\"https:\/\/csp.ch\/vaud\/#\/schema\/person\/0e2e3c0a611f671e0d9f38e9c45d1a4c\",\"name\":\"cspvaud\",\"image\":{\"@type\":\"ImageObject\",\"inLanguage\":\"fr-FR\",\"@id\":\"https:\/\/csp.ch\/vaud\/#\/schema\/person\/image\/\",\"url\":\"https:\/\/secure.gravatar.com\/avatar\/1ec2290fc6cafe5fe1e714ab17a90fad8880eef23ea050bc908a05b7cdf28dd5?s=96&d=mm&r=g\",\"contentUrl\":\"https:\/\/secure.gravatar.com\/avatar\/1ec2290fc6cafe5fe1e714ab17a90fad8880eef23ea050bc908a05b7cdf28dd5?s=96&d=mm&r=g\",\"caption\":\"cspvaud\"},\"url\":\"https:\/\/csp.ch\/vaud\/author\/cspvaud\/\"}]}<\/script>\n<!-- \/ Yoast SEO plugin. -->","yoast_head_json":{"title":"permanences pour les jeunes dans le Nord vaudois et la Broye","description":"Deux nouvelles permanences sociojuridiques du service Jeunes du CSP Vaud ouvrent \u00e0 Yverdon-les-Bains et \u00e0 Payerne. Sans rendez-vous.","robots":{"index":"index","follow":"follow","max-snippet":"max-snippet:-1","max-image-preview":"max-image-preview:large","max-video-preview":"max-video-preview:-1"},"canonical":"https:\/\/csp.ch\/vaud\/nord-vaudois-et-broye-nouvelles-permanences-de-soutien-social-et-juridique-pour-les-jeunes-jet-service\/","og_locale":"fr_FR","og_type":"article","og_title":"permanences pour les jeunes dans le Nord vaudois et la Broye","og_description":"Deux nouvelles permanences sociojuridiques du service Jeunes du CSP Vaud ouvrent \u00e0 Yverdon-les-Bains et \u00e0 Payerne. Sans rendez-vous.","og_url":"https:\/\/csp.ch\/vaud\/nord-vaudois-et-broye-nouvelles-permanences-de-soutien-social-et-juridique-pour-les-jeunes-jet-service\/","og_site_name":"CSP Vaud","article_publisher":"https:\/\/www.facebook.com\/CSPSuisse","article_published_time":"2020-08-31T10:44:36+00:00","article_modified_time":"2024-10-17T08:24:03+00:00","og_image":[{"width":740,"height":330,"url":"https:\/\/csp.ch\/wp-content\/uploads\/sites\/4\/2020\/08\/Consultation_Personnes\u00a9CSP-VD_RebeccaBowring3917-copie.jpg","type":"image\/jpeg"}],"author":"cspvaud","twitter_card":"summary_large_image","twitter_misc":{"\u00c9crit par":"cspvaud","Dur\u00e9e de lecture estim\u00e9e":"2 minutes"},"schema":{"@context":"https:\/\/schema.org","@graph":[{"@type":"Article","@id":"https:\/\/csp.ch\/vaud\/nord-vaudois-et-broye-nouvelles-permanences-de-soutien-social-et-juridique-pour-les-jeunes-jet-service\/#article","isPartOf":{"@id":"https:\/\/csp.ch\/vaud\/nord-vaudois-et-broye-nouvelles-permanences-de-soutien-social-et-juridique-pour-les-jeunes-jet-service\/"},"author":{"name":"cspvaud","@id":"https:\/\/csp.ch\/vaud\/#\/schema\/person\/0e2e3c0a611f671e0d9f38e9c45d1a4c"},"headline":"Nord vaudois et Broye : permanences de soutien social et juridique pour les jeunes (Jet Service)","datePublished":"2020-08-31T10:44:36+00:00","dateModified":"2024-10-17T08:24:03+00:00","mainEntityOfPage":{"@id":"https:\/\/csp.ch\/vaud\/nord-vaudois-et-broye-nouvelles-permanences-de-soutien-social-et-juridique-pour-les-jeunes-jet-service\/"},"wordCount":277,"publisher":{"@id":"https:\/\/csp.ch\/vaud\/#organization"},"image":{"@id":"https:\/\/csp.ch\/vaud\/nord-vaudois-et-broye-nouvelles-permanences-de-soutien-social-et-juridique-pour-les-jeunes-jet-service\/#primaryimage"},"thumbnailUrl":"https:\/\/csp.ch\/wp-content\/uploads\/sites\/4\/2020\/08\/Consultation_Personnes\u00a9CSP-VD_RebeccaBowring3917-copie.jpg","articleSection":["Questions de jeunes"],"inLanguage":"fr-FR"},{"@type":"WebPage","@id":"https:\/\/csp.ch\/vaud\/nord-vaudois-et-broye-nouvelles-permanences-de-soutien-social-et-juridique-pour-les-jeunes-jet-service\/","url":"https:\/\/csp.ch\/vaud\/nord-vaudois-et-broye-nouvelles-permanences-de-soutien-social-et-juridique-pour-les-jeunes-jet-service\/","name":"permanences pour les jeunes dans le Nord vaudois et la Broye","isPartOf":{"@id":"https:\/\/csp.ch\/vaud\/#website"},"primaryImageOfPage":{"@id":"https:\/\/csp.ch\/vaud\/nord-vaudois-et-broye-nouvelles-permanences-de-soutien-social-et-juridique-pour-les-jeunes-jet-service\/#primaryimage"},"image":{"@id":"https:\/\/csp.ch\/vaud\/nord-vaudois-et-broye-nouvelles-permanences-de-soutien-social-et-juridique-pour-les-jeunes-jet-service\/#primaryimage"},"thumbnailUrl":"https:\/\/csp.ch\/wp-content\/uploads\/sites\/4\/2020\/08\/Consultation_Personnes\u00a9CSP-VD_RebeccaBowring3917-copie.jpg","datePublished":"2020-08-31T10:44:36+00:00","dateModified":"2024-10-17T08:24:03+00:00","description":"Deux nouvelles permanences sociojuridiques du service Jeunes du CSP Vaud ouvrent \u00e0 Yverdon-les-Bains et \u00e0 Payerne. Sans rendez-vous.","breadcrumb":{"@id":"https:\/\/csp.ch\/vaud\/nord-vaudois-et-broye-nouvelles-permanences-de-soutien-social-et-juridique-pour-les-jeunes-jet-service\/#breadcrumb"},"inLanguage":"fr-FR","potentialAction":[{"@type":"ReadAction","target":["https:\/\/csp.ch\/vaud\/nord-vaudois-et-broye-nouvelles-permanences-de-soutien-social-et-juridique-pour-les-jeunes-jet-service\/"]}]},{"@type":"ImageObject","inLanguage":"fr-FR","@id":"https:\/\/csp.ch\/vaud\/nord-vaudois-et-broye-nouvelles-permanences-de-soutien-social-et-juridique-pour-les-jeunes-jet-service\/#primaryimage","url":"https:\/\/csp.ch\/wp-content\/uploads\/sites\/4\/2020\/08\/Consultation_Personnes\u00a9CSP-VD_RebeccaBowring3917-copie.jpg","contentUrl":"https:\/\/csp.ch\/wp-content\/uploads\/sites\/4\/2020\/08\/Consultation_Personnes\u00a9CSP-VD_RebeccaBowring3917-copie.jpg","width":740,"height":330,"caption":"Nord vaudois et Broye : Consultation sociale et juridique pour les jeunes CSP Vaud"},{"@type":"BreadcrumbList","@id":"https:\/\/csp.ch\/vaud\/nord-vaudois-et-broye-nouvelles-permanences-de-soutien-social-et-juridique-pour-les-jeunes-jet-service\/#breadcrumb","itemListElement":[{"@type":"ListItem","position":1,"name":"Accueil","item":"https:\/\/csp.ch\/vaud\/"},{"@type":"ListItem","position":2,"name":"Nord vaudois et Broye : permanences de soutien social et juridique pour les jeunes (Jet Service)"}]},{"@type":"WebSite","@id":"https:\/\/csp.ch\/vaud\/#website","url":"https:\/\/csp.ch\/vaud\/","name":"https:\/\/csp.ch\/vaud\/","description":"","publisher":{"@id":"https:\/\/csp.ch\/vaud\/#organization"},"potentialAction":[{"@type":"SearchAction","target":{"@type":"EntryPoint","urlTemplate":"https:\/\/csp.ch\/vaud\/?s={search_term_string}"},"query-input":{"@type":"PropertyValueSpecification","valueRequired":true,"valueName":"search_term_string"}}],"inLanguage":"fr-FR"},{"@type":"Organization","@id":"https:\/\/csp.ch\/vaud\/#organization","name":"https:\/\/csp.ch\/vaud\/","url":"https:\/\/csp.ch\/vaud\/","logo":{"@type":"ImageObject","inLanguage":"fr-FR","@id":"https:\/\/csp.ch\/vaud\/#\/schema\/logo\/image\/","url":"https:\/\/csp.ch\/wp-content\/uploads\/sites\/4\/2022\/11\/Logo-CSP-VD-RVB.OK_.jpg","contentUrl":"https:\/\/csp.ch\/wp-content\/uploads\/sites\/4\/2022\/11\/Logo-CSP-VD-RVB.OK_.jpg","width":600,"height":306,"caption":"https:\/\/csp.ch\/vaud\/"},"image":{"@id":"https:\/\/csp.ch\/vaud\/#\/schema\/logo\/image\/"},"sameAs":["https:\/\/www.facebook.com\/CSPSuisse","https:\/\/www.linkedin.com\/company\/csp-vaud\/mycompany"]},{"@type":"Person","@id":"https:\/\/csp.ch\/vaud\/#\/schema\/person\/0e2e3c0a611f671e0d9f38e9c45d1a4c","name":"cspvaud","image":{"@type":"ImageObject","inLanguage":"fr-FR","@id":"https:\/\/csp.ch\/vaud\/#\/schema\/person\/image\/","url":"https:\/\/secure.gravatar.com\/avatar\/1ec2290fc6cafe5fe1e714ab17a90fad8880eef23ea050bc908a05b7cdf28dd5?s=96&d=mm&r=g","contentUrl":"https:\/\/secure.gravatar.com\/avatar\/1ec2290fc6cafe5fe1e714ab17a90fad8880eef23ea050bc908a05b7cdf28dd5?s=96&d=mm&r=g","caption":"cspvaud"},"url":"https:\/\/csp.ch\/vaud\/author\/cspvaud\/"}]}},"_links":{"self":[{"href":"https:\/\/csp.ch\/vaud\/wp-json\/wp\/v2\/posts\/7409","targetHints":{"allow":["GET"]}}],"collection":[{"href":"https:\/\/csp.ch\/vaud\/wp-json\/wp\/v2\/posts"}],"about":[{"href":"https:\/\/csp.ch\/vaud\/wp-json\/wp\/v2\/types\/post"}],"author":[{"embeddable":true,"href":"https:\/\/csp.ch\/vaud\/wp-json\/wp\/v2\/users\/2"}],"replies":[{"embeddable":true,"href":"https:\/\/csp.ch\/vaud\/wp-json\/wp\/v2\/comments?post=7409"}],"version-history":[{"count":4,"href":"https:\/\/csp.ch\/vaud\/wp-json\/wp\/v2\/posts\/7409\/revisions"}],"predecessor-version":[{"id":23305,"href":"https:\/\/csp.ch\/vaud\/wp-json\/wp\/v2\/posts\/7409\/revisions\/23305"}],"wp:featuredmedia":[{"embeddable":true,"href":"https:\/\/csp.ch\/vaud\/wp-json\/wp\/v2\/media\/7430"}],"wp:attachment":[{"href":"https:\/\/csp.ch\/vaud\/wp-json\/wp\/v2\/media?parent=7409"}],"wp:term":[{"taxonomy":"category","embeddable":true,"href":"https:\/\/csp.ch\/vaud\/wp-json\/wp\/v2\/categories?post=7409"},{"taxonomy":"post_tag","embeddable":true,"href":"https:\/\/csp.ch\/vaud\/wp-json\/wp\/v2\/tags?post=7409"}],"curies":[{"name":"wp","href":"https:\/\/api.w.org\/{rel}","templated":true}]}}