{"id":3558,"date":"2019-04-11T07:58:11","date_gmt":"2019-04-11T06:58:11","guid":{"rendered":"https:\/\/csp.ch\/vaud\/?p=3558"},"modified":"2023-06-12T16:39:58","modified_gmt":"2023-06-12T14:39:58","slug":"une-premiere-victoire-pour-les-boursier-ere-s-du-canton-de-vaud","status":"publish","type":"post","link":"https:\/\/csp.ch\/vaud\/une-premiere-victoire-pour-les-boursier-ere-s-du-canton-de-vaud\/","title":{"rendered":"3 millions suppl\u00e9mentaires allou\u00e9s au budget des bourses d&rsquo;\u00e9tudes !"},"content":{"rendered":"<h3>Une premi\u00e8re victoire pour les boursier\u00b7\u00e8re\u00b7s du Canton de Vaud<\/h3>\n<p>Dans sa s\u00e9ance du 1er avril dernier, le Conseil d\u2019Etat a donn\u00e9 son feu vert pour augmenter de quelque <strong>3 millions<\/strong> le budget allou\u00e9 aux bourses d\u2019\u00e9tudes. Cette d\u00e9cision est le fruit d\u2019un processus consultatif auquel <a href=\"https:\/\/csp.ch\/vaud\/services\/questions-de-jeunes\/\">Jet Service<\/a>, le secteur jeunes et personnes en formation du CSP Vaud participe depuis avril 2018 au sein de la Plateforme Bourses.<\/p>\n<p>Suite au rattachement de l&rsquo;Office des bourses (OCBE) au D\u00e9partement de la sant\u00e9 et de l\u2019action sociale (DSAS), et aux difficult\u00e9s rencontr\u00e9es dans l&rsquo;application de la nouvelle loi (d\u00e8s avril 2016), le Conseiller d\u2019Etat sortant M. Pierre-Yves Maillard a institu\u00e9 cette plateforme qui r\u00e9unit <strong>Jet Service, la F\u00e9d\u00e9ration des associations d\u2019\u00e9tudiant.e.s et le syndicat SUD Etudiant.e.s<\/strong> <strong>et<\/strong> <strong>Pr\u00e9caires<\/strong> autour de l&rsquo;OCBE.<\/p>\n<p>L\u2019augmentation du budget comprend les trois mesures suivantes\u00a0:<\/p>\n<ol>\n<li>Augmentation des frais de repas pris \u00e0 l\u2019ext\u00e9rieur de 7.- \u00e0 10.-<\/li>\n<li>Augmentation des frais de transport dor\u00e9navant calqu\u00e9s sur les montants des zones tarifaires (en lieu et place d\u2019un forfait transport sous-\u00e9valu\u00e9).<\/li>\n<li>Assouplissement de l\u2019acc\u00e8s \u00e0 l\u2019ind\u00e9pendance financi\u00e8re (pour rappel 6 ans ou 2 ans si dipl\u00f4me professionnalisant en main). Autrement dit, il ne s\u2019agira plus de d\u00e9montrer mois par mois des revenus donnant droit au statut d\u2019ind\u00e9pendant mais d\u2019avoir obtenu un montant de revenus annualis\u00e9.<\/li>\n<\/ol>\n<p>Depuis les premiers travaux visant la r\u00e9vision de la loi sur l\u2019aide aux \u00e9tudes et \u00e0 la formation professionnelle (LAEF) en 2014, men\u00e9s sous l\u2019\u00e9gide d\u2019Anne-Catherine Lyon, jusqu\u2019\u00e0 la Plateforme Bourses, Jet Service a continuellement attir\u00e9 l\u2019attention des pouvoirs publics sur les points probl\u00e9matiques voire r\u00e9gressifs contenus dans cette r\u00e9cente loi, son r\u00e8glement et son bar\u00e8me par un important travail de documentation.<\/p>\n<p>Le CSP Vaud salue donc cette d\u00e9cision qui repr\u00e9sente une augmentation de 500.- par boursier.\u00e8re (selon le calcul de l\u2019OCBE). Toutefois le chemin ne peut s\u2019arr\u00eater l\u00e0, la loi actuelle et son r\u00e8glement n\u00e9cessitant une r\u00e9vision de fond \u00e0 bien des \u00e9gards, un nouveau calendrier attend la Plateforme Bourses dans lequel le CSP Vaud continuera de d\u00e9fendre les droits et les conditions des personnes en formation.<\/p>\n","protected":false},"excerpt":{"rendered":"<p>Une premi\u00e8re victoire pour les boursier\u00b7\u00e8re\u00b7s du Canton de Vaud Dans sa s\u00e9ance du 1er avril dernier, le Conseil d\u2019Etat a donn\u00e9 son feu vert pour augmenter de quelque 3 millions le budget allou\u00e9 aux bourses d\u2019\u00e9tudes. Cette d\u00e9cision est le fruit d\u2019un processus consultatif auquel Jet Service, le secteur jeunes et personnes en formation [&hellip;]<\/p>\n","protected":false},"author":2,"featured_media":3560,"comment_status":"closed","ping_status":"closed","sticky":false,"template":"","format":"standard","meta":{"_acf_changed":false,"footnotes":""},"categories":[27,23],"tags":[],"class_list":["post-3558","post","type-post","status-publish","format-standard","has-post-thumbnail","hentry","category-prises-de-position","category-questions-de-jeunes"],"acf":[],"yoast_head":"<!-- This site is optimized with the Yoast SEO plugin v27.1.1 - https:\/\/yoast.com\/product\/yoast-seo-wordpress\/ -->\n<title>3 millions suppl\u00e9mentaires allou\u00e9s au budget des bourses d&#039;\u00e9tudes<\/title>\n<meta name=\"description\" content=\"Le CSP Vaud salue la d\u00e9cision du Canton, qui repr\u00e9sente une augmentation de 500.- par boursier.\u00e8re. Toutefois le chemin ne peut s\u2019arr\u00eater l\u00e0.\" \/>\n<meta name=\"robots\" content=\"index, follow, max-snippet:-1, max-image-preview:large, max-video-preview:-1\" \/>\n<link rel=\"canonical\" href=\"https:\/\/csp.ch\/vaud\/une-premiere-victoire-pour-les-boursier-ere-s-du-canton-de-vaud\/\" \/>\n<meta property=\"og:locale\" content=\"fr_FR\" \/>\n<meta property=\"og:type\" content=\"article\" \/>\n<meta property=\"og:title\" content=\"3 millions suppl\u00e9mentaires allou\u00e9s au budget des bourses d&#039;\u00e9tudes\" \/>\n<meta property=\"og:description\" content=\"Le CSP Vaud salue la d\u00e9cision du Canton, qui repr\u00e9sente une augmentation de 500.- par boursier.\u00e8re. Toutefois le chemin ne peut s\u2019arr\u00eater l\u00e0.\" \/>\n<meta property=\"og:url\" content=\"https:\/\/csp.ch\/vaud\/une-premiere-victoire-pour-les-boursier-ere-s-du-canton-de-vaud\/\" \/>\n<meta property=\"og:site_name\" content=\"CSP Vaud\" \/>\n<meta property=\"article:publisher\" content=\"https:\/\/www.facebook.com\/CSPSuisse\" \/>\n<meta property=\"article:published_time\" content=\"2019-04-11T06:58:11+00:00\" \/>\n<meta property=\"article:modified_time\" content=\"2023-06-12T14:39:58+00:00\" \/>\n<meta property=\"og:image\" content=\"https:\/\/csp.ch\/wp-content\/uploads\/sites\/4\/2019\/04\/20150917\u00a9CSP-VD_RebeccaBowring4116-scaled.jpg\" \/>\n\t<meta property=\"og:image:width\" content=\"2560\" \/>\n\t<meta property=\"og:image:height\" content=\"1707\" \/>\n\t<meta property=\"og:image:type\" content=\"image\/jpeg\" \/>\n<meta name=\"author\" content=\"cspvaud\" \/>\n<meta name=\"twitter:card\" content=\"summary_large_image\" \/>\n<meta name=\"twitter:label1\" content=\"\u00c9crit par\" \/>\n\t<meta name=\"twitter:data1\" content=\"cspvaud\" \/>\n\t<meta name=\"twitter:label2\" content=\"Dur\u00e9e de lecture estim\u00e9e\" \/>\n\t<meta name=\"twitter:data2\" content=\"2 minutes\" \/>\n<script type=\"application\/ld+json\" class=\"yoast-schema-graph\">{\"@context\":\"https:\/\/schema.org\",\"@graph\":[{\"@type\":\"Article\",\"@id\":\"https:\/\/csp.ch\/vaud\/une-premiere-victoire-pour-les-boursier-ere-s-du-canton-de-vaud\/#article\",\"isPartOf\":{\"@id\":\"https:\/\/csp.ch\/vaud\/une-premiere-victoire-pour-les-boursier-ere-s-du-canton-de-vaud\/\"},\"author\":{\"name\":\"cspvaud\",\"@id\":\"https:\/\/csp.ch\/vaud\/#\/schema\/person\/0e2e3c0a611f671e0d9f38e9c45d1a4c\"},\"headline\":\"3 millions suppl\u00e9mentaires allou\u00e9s au budget des bourses d&rsquo;\u00e9tudes !\",\"datePublished\":\"2019-04-11T06:58:11+00:00\",\"dateModified\":\"2023-06-12T14:39:58+00:00\",\"mainEntityOfPage\":{\"@id\":\"https:\/\/csp.ch\/vaud\/une-premiere-victoire-pour-les-boursier-ere-s-du-canton-de-vaud\/\"},\"wordCount\":407,\"publisher\":{\"@id\":\"https:\/\/csp.ch\/vaud\/#organization\"},\"image\":{\"@id\":\"https:\/\/csp.ch\/vaud\/une-premiere-victoire-pour-les-boursier-ere-s-du-canton-de-vaud\/#primaryimage\"},\"thumbnailUrl\":\"https:\/\/csp.ch\/wp-content\/uploads\/sites\/4\/2019\/04\/20150917\u00a9CSP-VD_RebeccaBowring4116-scaled.jpg\",\"articleSection\":[\"Prises de position\",\"Questions de jeunes\"],\"inLanguage\":\"fr-FR\"},{\"@type\":\"WebPage\",\"@id\":\"https:\/\/csp.ch\/vaud\/une-premiere-victoire-pour-les-boursier-ere-s-du-canton-de-vaud\/\",\"url\":\"https:\/\/csp.ch\/vaud\/une-premiere-victoire-pour-les-boursier-ere-s-du-canton-de-vaud\/\",\"name\":\"3 millions suppl\u00e9mentaires allou\u00e9s au budget des bourses d'\u00e9tudes\",\"isPartOf\":{\"@id\":\"https:\/\/csp.ch\/vaud\/#website\"},\"primaryImageOfPage\":{\"@id\":\"https:\/\/csp.ch\/vaud\/une-premiere-victoire-pour-les-boursier-ere-s-du-canton-de-vaud\/#primaryimage\"},\"image\":{\"@id\":\"https:\/\/csp.ch\/vaud\/une-premiere-victoire-pour-les-boursier-ere-s-du-canton-de-vaud\/#primaryimage\"},\"thumbnailUrl\":\"https:\/\/csp.ch\/wp-content\/uploads\/sites\/4\/2019\/04\/20150917\u00a9CSP-VD_RebeccaBowring4116-scaled.jpg\",\"datePublished\":\"2019-04-11T06:58:11+00:00\",\"dateModified\":\"2023-06-12T14:39:58+00:00\",\"description\":\"Le CSP Vaud salue la d\u00e9cision du Canton, qui repr\u00e9sente une augmentation de 500.- par boursier.\u00e8re. Toutefois le chemin ne peut s\u2019arr\u00eater l\u00e0.\",\"breadcrumb\":{\"@id\":\"https:\/\/csp.ch\/vaud\/une-premiere-victoire-pour-les-boursier-ere-s-du-canton-de-vaud\/#breadcrumb\"},\"inLanguage\":\"fr-FR\",\"potentialAction\":[{\"@type\":\"ReadAction\",\"target\":[\"https:\/\/csp.ch\/vaud\/une-premiere-victoire-pour-les-boursier-ere-s-du-canton-de-vaud\/\"]}]},{\"@type\":\"ImageObject\",\"inLanguage\":\"fr-FR\",\"@id\":\"https:\/\/csp.ch\/vaud\/une-premiere-victoire-pour-les-boursier-ere-s-du-canton-de-vaud\/#primaryimage\",\"url\":\"https:\/\/csp.ch\/wp-content\/uploads\/sites\/4\/2019\/04\/20150917\u00a9CSP-VD_RebeccaBowring4116-scaled.jpg\",\"contentUrl\":\"https:\/\/csp.ch\/wp-content\/uploads\/sites\/4\/2019\/04\/20150917\u00a9CSP-VD_RebeccaBowring4116-scaled.jpg\",\"width\":2560,\"height\":1707},{\"@type\":\"BreadcrumbList\",\"@id\":\"https:\/\/csp.ch\/vaud\/une-premiere-victoire-pour-les-boursier-ere-s-du-canton-de-vaud\/#breadcrumb\",\"itemListElement\":[{\"@type\":\"ListItem\",\"position\":1,\"name\":\"Accueil\",\"item\":\"https:\/\/csp.ch\/vaud\/\"},{\"@type\":\"ListItem\",\"position\":2,\"name\":\"3 millions suppl\u00e9mentaires allou\u00e9s au budget des bourses d&rsquo;\u00e9tudes !\"}]},{\"@type\":\"WebSite\",\"@id\":\"https:\/\/csp.ch\/vaud\/#website\",\"url\":\"https:\/\/csp.ch\/vaud\/\",\"name\":\"https:\/\/csp.ch\/vaud\/\",\"description\":\"\",\"publisher\":{\"@id\":\"https:\/\/csp.ch\/vaud\/#organization\"},\"potentialAction\":[{\"@type\":\"SearchAction\",\"target\":{\"@type\":\"EntryPoint\",\"urlTemplate\":\"https:\/\/csp.ch\/vaud\/?s={search_term_string}\"},\"query-input\":{\"@type\":\"PropertyValueSpecification\",\"valueRequired\":true,\"valueName\":\"search_term_string\"}}],\"inLanguage\":\"fr-FR\"},{\"@type\":\"Organization\",\"@id\":\"https:\/\/csp.ch\/vaud\/#organization\",\"name\":\"https:\/\/csp.ch\/vaud\/\",\"url\":\"https:\/\/csp.ch\/vaud\/\",\"logo\":{\"@type\":\"ImageObject\",\"inLanguage\":\"fr-FR\",\"@id\":\"https:\/\/csp.ch\/vaud\/#\/schema\/logo\/image\/\",\"url\":\"https:\/\/csp.ch\/wp-content\/uploads\/sites\/4\/2022\/11\/Logo-CSP-VD-RVB.OK_.jpg\",\"contentUrl\":\"https:\/\/csp.ch\/wp-content\/uploads\/sites\/4\/2022\/11\/Logo-CSP-VD-RVB.OK_.jpg\",\"width\":600,\"height\":306,\"caption\":\"https:\/\/csp.ch\/vaud\/\"},\"image\":{\"@id\":\"https:\/\/csp.ch\/vaud\/#\/schema\/logo\/image\/\"},\"sameAs\":[\"https:\/\/www.facebook.com\/CSPSuisse\",\"https:\/\/www.linkedin.com\/company\/csp-vaud\/mycompany\"]},{\"@type\":\"Person\",\"@id\":\"https:\/\/csp.ch\/vaud\/#\/schema\/person\/0e2e3c0a611f671e0d9f38e9c45d1a4c\",\"name\":\"cspvaud\",\"image\":{\"@type\":\"ImageObject\",\"inLanguage\":\"fr-FR\",\"@id\":\"https:\/\/csp.ch\/vaud\/#\/schema\/person\/image\/\",\"url\":\"https:\/\/secure.gravatar.com\/avatar\/1ec2290fc6cafe5fe1e714ab17a90fad8880eef23ea050bc908a05b7cdf28dd5?s=96&d=mm&r=g\",\"contentUrl\":\"https:\/\/secure.gravatar.com\/avatar\/1ec2290fc6cafe5fe1e714ab17a90fad8880eef23ea050bc908a05b7cdf28dd5?s=96&d=mm&r=g\",\"caption\":\"cspvaud\"},\"url\":\"https:\/\/csp.ch\/vaud\/author\/cspvaud\/\"}]}<\/script>\n<!-- \/ Yoast SEO plugin. -->","yoast_head_json":{"title":"3 millions suppl\u00e9mentaires allou\u00e9s au budget des bourses d'\u00e9tudes","description":"Le CSP Vaud salue la d\u00e9cision du Canton, qui repr\u00e9sente une augmentation de 500.- par boursier.\u00e8re. Toutefois le chemin ne peut s\u2019arr\u00eater l\u00e0.","robots":{"index":"index","follow":"follow","max-snippet":"max-snippet:-1","max-image-preview":"max-image-preview:large","max-video-preview":"max-video-preview:-1"},"canonical":"https:\/\/csp.ch\/vaud\/une-premiere-victoire-pour-les-boursier-ere-s-du-canton-de-vaud\/","og_locale":"fr_FR","og_type":"article","og_title":"3 millions suppl\u00e9mentaires allou\u00e9s au budget des bourses d'\u00e9tudes","og_description":"Le CSP Vaud salue la d\u00e9cision du Canton, qui repr\u00e9sente une augmentation de 500.- par boursier.\u00e8re. Toutefois le chemin ne peut s\u2019arr\u00eater l\u00e0.","og_url":"https:\/\/csp.ch\/vaud\/une-premiere-victoire-pour-les-boursier-ere-s-du-canton-de-vaud\/","og_site_name":"CSP Vaud","article_publisher":"https:\/\/www.facebook.com\/CSPSuisse","article_published_time":"2019-04-11T06:58:11+00:00","article_modified_time":"2023-06-12T14:39:58+00:00","og_image":[{"width":2560,"height":1707,"url":"https:\/\/csp.ch\/wp-content\/uploads\/sites\/4\/2019\/04\/20150917\u00a9CSP-VD_RebeccaBowring4116-scaled.jpg","type":"image\/jpeg"}],"author":"cspvaud","twitter_card":"summary_large_image","twitter_misc":{"\u00c9crit par":"cspvaud","Dur\u00e9e de lecture estim\u00e9e":"2 minutes"},"schema":{"@context":"https:\/\/schema.org","@graph":[{"@type":"Article","@id":"https:\/\/csp.ch\/vaud\/une-premiere-victoire-pour-les-boursier-ere-s-du-canton-de-vaud\/#article","isPartOf":{"@id":"https:\/\/csp.ch\/vaud\/une-premiere-victoire-pour-les-boursier-ere-s-du-canton-de-vaud\/"},"author":{"name":"cspvaud","@id":"https:\/\/csp.ch\/vaud\/#\/schema\/person\/0e2e3c0a611f671e0d9f38e9c45d1a4c"},"headline":"3 millions suppl\u00e9mentaires allou\u00e9s au budget des bourses d&rsquo;\u00e9tudes !","datePublished":"2019-04-11T06:58:11+00:00","dateModified":"2023-06-12T14:39:58+00:00","mainEntityOfPage":{"@id":"https:\/\/csp.ch\/vaud\/une-premiere-victoire-pour-les-boursier-ere-s-du-canton-de-vaud\/"},"wordCount":407,"publisher":{"@id":"https:\/\/csp.ch\/vaud\/#organization"},"image":{"@id":"https:\/\/csp.ch\/vaud\/une-premiere-victoire-pour-les-boursier-ere-s-du-canton-de-vaud\/#primaryimage"},"thumbnailUrl":"https:\/\/csp.ch\/wp-content\/uploads\/sites\/4\/2019\/04\/20150917\u00a9CSP-VD_RebeccaBowring4116-scaled.jpg","articleSection":["Prises de position","Questions de jeunes"],"inLanguage":"fr-FR"},{"@type":"WebPage","@id":"https:\/\/csp.ch\/vaud\/une-premiere-victoire-pour-les-boursier-ere-s-du-canton-de-vaud\/","url":"https:\/\/csp.ch\/vaud\/une-premiere-victoire-pour-les-boursier-ere-s-du-canton-de-vaud\/","name":"3 millions suppl\u00e9mentaires allou\u00e9s au budget des bourses d'\u00e9tudes","isPartOf":{"@id":"https:\/\/csp.ch\/vaud\/#website"},"primaryImageOfPage":{"@id":"https:\/\/csp.ch\/vaud\/une-premiere-victoire-pour-les-boursier-ere-s-du-canton-de-vaud\/#primaryimage"},"image":{"@id":"https:\/\/csp.ch\/vaud\/une-premiere-victoire-pour-les-boursier-ere-s-du-canton-de-vaud\/#primaryimage"},"thumbnailUrl":"https:\/\/csp.ch\/wp-content\/uploads\/sites\/4\/2019\/04\/20150917\u00a9CSP-VD_RebeccaBowring4116-scaled.jpg","datePublished":"2019-04-11T06:58:11+00:00","dateModified":"2023-06-12T14:39:58+00:00","description":"Le CSP Vaud salue la d\u00e9cision du Canton, qui repr\u00e9sente une augmentation de 500.- par boursier.\u00e8re. Toutefois le chemin ne peut s\u2019arr\u00eater l\u00e0.","breadcrumb":{"@id":"https:\/\/csp.ch\/vaud\/une-premiere-victoire-pour-les-boursier-ere-s-du-canton-de-vaud\/#breadcrumb"},"inLanguage":"fr-FR","potentialAction":[{"@type":"ReadAction","target":["https:\/\/csp.ch\/vaud\/une-premiere-victoire-pour-les-boursier-ere-s-du-canton-de-vaud\/"]}]},{"@type":"ImageObject","inLanguage":"fr-FR","@id":"https:\/\/csp.ch\/vaud\/une-premiere-victoire-pour-les-boursier-ere-s-du-canton-de-vaud\/#primaryimage","url":"https:\/\/csp.ch\/wp-content\/uploads\/sites\/4\/2019\/04\/20150917\u00a9CSP-VD_RebeccaBowring4116-scaled.jpg","contentUrl":"https:\/\/csp.ch\/wp-content\/uploads\/sites\/4\/2019\/04\/20150917\u00a9CSP-VD_RebeccaBowring4116-scaled.jpg","width":2560,"height":1707},{"@type":"BreadcrumbList","@id":"https:\/\/csp.ch\/vaud\/une-premiere-victoire-pour-les-boursier-ere-s-du-canton-de-vaud\/#breadcrumb","itemListElement":[{"@type":"ListItem","position":1,"name":"Accueil","item":"https:\/\/csp.ch\/vaud\/"},{"@type":"ListItem","position":2,"name":"3 millions suppl\u00e9mentaires allou\u00e9s au budget des bourses d&rsquo;\u00e9tudes !"}]},{"@type":"WebSite","@id":"https:\/\/csp.ch\/vaud\/#website","url":"https:\/\/csp.ch\/vaud\/","name":"https:\/\/csp.ch\/vaud\/","description":"","publisher":{"@id":"https:\/\/csp.ch\/vaud\/#organization"},"potentialAction":[{"@type":"SearchAction","target":{"@type":"EntryPoint","urlTemplate":"https:\/\/csp.ch\/vaud\/?s={search_term_string}"},"query-input":{"@type":"PropertyValueSpecification","valueRequired":true,"valueName":"search_term_string"}}],"inLanguage":"fr-FR"},{"@type":"Organization","@id":"https:\/\/csp.ch\/vaud\/#organization","name":"https:\/\/csp.ch\/vaud\/","url":"https:\/\/csp.ch\/vaud\/","logo":{"@type":"ImageObject","inLanguage":"fr-FR","@id":"https:\/\/csp.ch\/vaud\/#\/schema\/logo\/image\/","url":"https:\/\/csp.ch\/wp-content\/uploads\/sites\/4\/2022\/11\/Logo-CSP-VD-RVB.OK_.jpg","contentUrl":"https:\/\/csp.ch\/wp-content\/uploads\/sites\/4\/2022\/11\/Logo-CSP-VD-RVB.OK_.jpg","width":600,"height":306,"caption":"https:\/\/csp.ch\/vaud\/"},"image":{"@id":"https:\/\/csp.ch\/vaud\/#\/schema\/logo\/image\/"},"sameAs":["https:\/\/www.facebook.com\/CSPSuisse","https:\/\/www.linkedin.com\/company\/csp-vaud\/mycompany"]},{"@type":"Person","@id":"https:\/\/csp.ch\/vaud\/#\/schema\/person\/0e2e3c0a611f671e0d9f38e9c45d1a4c","name":"cspvaud","image":{"@type":"ImageObject","inLanguage":"fr-FR","@id":"https:\/\/csp.ch\/vaud\/#\/schema\/person\/image\/","url":"https:\/\/secure.gravatar.com\/avatar\/1ec2290fc6cafe5fe1e714ab17a90fad8880eef23ea050bc908a05b7cdf28dd5?s=96&d=mm&r=g","contentUrl":"https:\/\/secure.gravatar.com\/avatar\/1ec2290fc6cafe5fe1e714ab17a90fad8880eef23ea050bc908a05b7cdf28dd5?s=96&d=mm&r=g","caption":"cspvaud"},"url":"https:\/\/csp.ch\/vaud\/author\/cspvaud\/"}]}},"_links":{"self":[{"href":"https:\/\/csp.ch\/vaud\/wp-json\/wp\/v2\/posts\/3558","targetHints":{"allow":["GET"]}}],"collection":[{"href":"https:\/\/csp.ch\/vaud\/wp-json\/wp\/v2\/posts"}],"about":[{"href":"https:\/\/csp.ch\/vaud\/wp-json\/wp\/v2\/types\/post"}],"author":[{"embeddable":true,"href":"https:\/\/csp.ch\/vaud\/wp-json\/wp\/v2\/users\/2"}],"replies":[{"embeddable":true,"href":"https:\/\/csp.ch\/vaud\/wp-json\/wp\/v2\/comments?post=3558"}],"version-history":[{"count":3,"href":"https:\/\/csp.ch\/vaud\/wp-json\/wp\/v2\/posts\/3558\/revisions"}],"predecessor-version":[{"id":19031,"href":"https:\/\/csp.ch\/vaud\/wp-json\/wp\/v2\/posts\/3558\/revisions\/19031"}],"wp:featuredmedia":[{"embeddable":true,"href":"https:\/\/csp.ch\/vaud\/wp-json\/wp\/v2\/media\/3560"}],"wp:attachment":[{"href":"https:\/\/csp.ch\/vaud\/wp-json\/wp\/v2\/media?parent=3558"}],"wp:term":[{"taxonomy":"category","embeddable":true,"href":"https:\/\/csp.ch\/vaud\/wp-json\/wp\/v2\/categories?post=3558"},{"taxonomy":"post_tag","embeddable":true,"href":"https:\/\/csp.ch\/vaud\/wp-json\/wp\/v2\/tags?post=3558"}],"curies":[{"name":"wp","href":"https:\/\/api.w.org\/{rel}","templated":true}]}}