{"id":30529,"date":"2026-09-02T13:18:16","date_gmt":"2026-09-02T11:18:16","guid":{"rendered":"https:\/\/csp.ch\/vaud\/?p=30529"},"modified":"2026-09-02T13:20:41","modified_gmt":"2026-09-02T11:20:41","slug":"freedom-le-destin-de-shewit-une-avant-premiere-a-pully","status":"publish","type":"post","link":"https:\/\/csp.ch\/vaud\/freedom-le-destin-de-shewit-une-avant-premiere-a-pully\/","title":{"rendered":"\u00ab Freedom \u2013 Le Destin de Shewit \u00bb : une avant-premi\u00e8re \u00e0 Pully"},"content":{"rendered":"<p><strong>Le CSP Vaud et l\u2019EPER sont partenaires de l\u2019avant-premi\u00e8re du documentaire <em>Freedom \u2013 Le Destin de Shewit<\/em>, r\u00e9alis\u00e9 par Anne-Fr\u00e9d\u00e9rique Widmann. La projection sera suivie d\u2019une table ronde en pr\u00e9sence de la r\u00e9alisatrice, de la protagoniste et de repr\u00e9sentant\u00b7e\u00b7s de l\u2019EPER et du CSP Vaud.<\/strong><\/p>\n<p>&nbsp;<\/p>\n<h3><strong>Dix ans dans le parcours de Shewit<\/strong><\/h3>\n<p>&nbsp;<\/p>\n<p><em>Freedom \u2013 Le Destin de Shewit<\/em> retrace pendant dix ans le parcours de Shewit, une jeune femme r\u00e9fugi\u00e9e \u00e9rythr\u00e9enne.<\/p>\n<p>\u00c0 15 ans, Shewit fuit l\u2019\u00c9rythr\u00e9e pour \u00e9chapper \u00e0 l\u2019oppression et \u00e0 un pass\u00e9 qui la hante. Son parcours d\u2019exil est marqu\u00e9 par les violences et les dangers : en Libye, elle est notamment faite prisonni\u00e8re par des trafiquants d\u2019\u00eatres humains. Elle rejoint finalement la Suisse, pays dans lequel elle place tous ses espoirs.<\/p>\n<p>Mais sept ans apr\u00e8s son arriv\u00e9e, Shewit n\u2019a toujours pas obtenu de permis de s\u00e9jour. Son avenir reste suspendu \u00e0 la d\u00e9cision des autorit\u00e9s et elle est menac\u00e9e d\u2019expulsion. Malgr\u00e9 cette incertitude, elle pers\u00e9v\u00e8re et poursuit son r\u00eave : devenir une femme libre.<\/p>\n<p>\u00c0 travers son histoire personnelle, le documentaire aborde des enjeux qui font \u00e9cho au travail du CSP Vaud, accompagnant au quotidien des personnes confront\u00e9es aux r\u00e9alit\u00e9s de l\u2019exil et du s\u00e9jour en Suisse.<\/p>\n<p>&nbsp;<\/p>\n<iframe loading=\"lazy\"  id=\"_ytid_93646\"  width=\"800\" height=\"450\"  data-origwidth=\"800\" data-origheight=\"450\" src=\"https:\/\/www.youtube.com\/embed\/pNoovahtIGk?enablejsapi=1&autoplay=0&cc_load_policy=0&cc_lang_pref=&iv_load_policy=1&loop=0&rel=1&fs=1&playsinline=0&autohide=2&theme=dark&color=red&controls=1&disablekb=0&\" class=\"__youtube_prefs__  no-lazyload\" title=\"YouTube player\"  allow=\"fullscreen; accelerometer; autoplay; clipboard-write; encrypted-media; gyroscope; picture-in-picture; web-share\" referrerpolicy=\"strict-origin-when-cross-origin\" allowfullscreen data-no-lazy=\"1\" data-skipgform_ajax_framebjll=\"\"><\/iframe>\n<p>&nbsp;<\/p>\n<h3><strong>Une soir\u00e9e pour prolonger la r\u00e9flexion<\/strong><\/h3>\n<p>&nbsp;<\/p>\n<p>La projection sera suivie d\u2019une table ronde mod\u00e9r\u00e9e par Samson Yemane. Elle r\u00e9unira des repr\u00e9sentant\u00b7e\u00b7s de l\u2019EPER et du CSP Vaud ainsi que Anne-Fr\u00e9d\u00e9rique Widmann (r\u00e9alisatrice du film) et Shewit Tekie (protagoniste).<\/p>\n<p>Cette discussion permettra de revenir sur les th\u00e9matiques soulev\u00e9es par le documentaire et d\u2019\u00e9changer autour des r\u00e9alit\u00e9s v\u00e9cues par les personnes en situation d\u2019exil.<\/p>\n<p>&nbsp;<\/p>\n<h3><\/h3>\n<h3><\/h3>\n<h3><strong>D\u00e9roul\u00e9 de la soir\u00e9e<\/strong><\/h3>\n<p>&nbsp;<\/p>\n<p><strong>Mercredi 16 septembre 2026 \u2013 CityClub, Pully<\/strong><\/p>\n<ul>\n<li><strong>18h30<\/strong> \u2013 Projection du film <em>Freedom \u2013 Le Destin de Shewit<\/em><\/li>\n<li><strong>20h00<\/strong> \u2013 Table ronde mod\u00e9r\u00e9e par Samson Yemane, en pr\u00e9sence de la r\u00e9alisatrice, de l\u2019actrice et de repr\u00e9sentant\u00b7e\u00b7s de l\u2019EPER et du CSP Vaud<\/li>\n<li><strong>21h00<\/strong> \u2013 Ap\u00e9ritif<\/li>\n<\/ul>\n<p>&nbsp;<\/p>\n<p><a href=\"https:\/\/cityclub.ticketack.com\/screening\/buy\/563b59f6-33c0-4de7-a5f6-16f84ab51ad2\">Billetterie<\/a><\/p>\n","protected":false},"excerpt":{"rendered":"<p>Le CSP Vaud et l\u2019EPER sont partenaires de l\u2019avant-premi\u00e8re du documentaire Freedom \u2013 Le Destin de Shewit, r\u00e9alis\u00e9 par Anne-Fr\u00e9d\u00e9rique Widmann. La projection sera suivie d\u2019une table ronde en pr\u00e9sence de la r\u00e9alisatrice, de la protagoniste et de repr\u00e9sentant\u00b7e\u00b7s de l\u2019EPER et du CSP Vaud. &nbsp; Dix ans dans le parcours de Shewit &nbsp; Freedom [&hellip;]<\/p>\n","protected":false},"author":2,"featured_media":30530,"comment_status":"closed","ping_status":"closed","sticky":false,"template":"","format":"standard","meta":{"_acf_changed":false,"footnotes":""},"categories":[19],"tags":[],"class_list":["post-30529","post","type-post","status-publish","format-standard","has-post-thumbnail","hentry","category-questions-de-migration"],"acf":[],"yoast_head":"<!-- This site is optimized with the Yoast SEO plugin v27.7 - https:\/\/yoast.com\/product\/yoast-seo-wordpress\/ -->\n<title>\u00ab Freedom \u2013 Le Destin de Shewit \u00bb : une avant-premi\u00e8re \u00e0 Pully - CSP Vaud<\/title>\n<meta name=\"robots\" content=\"index, follow, max-snippet:-1, max-image-preview:large, max-video-preview:-1\" \/>\n<link rel=\"canonical\" href=\"https:\/\/csp.ch\/vaud\/freedom-le-destin-de-shewit-une-avant-premiere-a-pully\/\" \/>\n<meta property=\"og:locale\" content=\"fr_FR\" \/>\n<meta property=\"og:type\" content=\"article\" \/>\n<meta property=\"og:title\" content=\"\u00ab Freedom \u2013 Le Destin de Shewit \u00bb : une avant-premi\u00e8re \u00e0 Pully - CSP Vaud\" \/>\n<meta property=\"og:description\" content=\"Le CSP Vaud et l\u2019EPER sont partenaires de l\u2019avant-premi\u00e8re du documentaire Freedom \u2013 Le Destin de Shewit, r\u00e9alis\u00e9 par Anne-Fr\u00e9d\u00e9rique Widmann. La projection sera suivie d\u2019une table ronde en pr\u00e9sence de la r\u00e9alisatrice, de la protagoniste et de repr\u00e9sentant\u00b7e\u00b7s de l\u2019EPER et du CSP Vaud. &nbsp; Dix ans dans le parcours de Shewit &nbsp; Freedom [&hellip;]\" \/>\n<meta property=\"og:url\" content=\"https:\/\/csp.ch\/vaud\/freedom-le-destin-de-shewit-une-avant-premiere-a-pully\/\" \/>\n<meta property=\"og:site_name\" content=\"CSP Vaud\" \/>\n<meta property=\"article:publisher\" content=\"https:\/\/www.facebook.com\/CSPSuisse\" \/>\n<meta property=\"article:published_time\" content=\"2026-09-02T11:18:16+00:00\" \/>\n<meta property=\"article:modified_time\" content=\"2026-09-02T11:20:41+00:00\" \/>\n<meta property=\"og:image\" content=\"https:\/\/csp.ch\/wp-content\/uploads\/sites\/4\/2026\/09\/movie_image_79_36213-scaled.jpg\" \/>\n\t<meta property=\"og:image:width\" content=\"2560\" \/>\n\t<meta property=\"og:image:height\" content=\"1440\" \/>\n\t<meta property=\"og:image:type\" content=\"image\/jpeg\" \/>\n<meta name=\"author\" content=\"cspvaud\" \/>\n<meta name=\"twitter:card\" content=\"summary_large_image\" \/>\n<meta name=\"twitter:label1\" content=\"\u00c9crit par\" \/>\n\t<meta name=\"twitter:data1\" content=\"cspvaud\" \/>\n\t<meta name=\"twitter:label2\" content=\"Dur\u00e9e de lecture estim\u00e9e\" \/>\n\t<meta name=\"twitter:data2\" content=\"2 minutes\" \/>\n<script type=\"application\/ld+json\" class=\"yoast-schema-graph\">{\"@context\":\"https:\\\/\\\/schema.org\",\"@graph\":[{\"@type\":\"Article\",\"@id\":\"https:\\\/\\\/csp.ch\\\/vaud\\\/freedom-le-destin-de-shewit-une-avant-premiere-a-pully\\\/#article\",\"isPartOf\":{\"@id\":\"https:\\\/\\\/csp.ch\\\/vaud\\\/freedom-le-destin-de-shewit-une-avant-premiere-a-pully\\\/\"},\"author\":{\"name\":\"cspvaud\",\"@id\":\"https:\\\/\\\/csp.ch\\\/vaud\\\/#\\\/schema\\\/person\\\/0e2e3c0a611f671e0d9f38e9c45d1a4c\"},\"headline\":\"\u00ab Freedom \u2013 Le Destin de Shewit \u00bb : une avant-premi\u00e8re \u00e0 Pully\",\"datePublished\":\"2026-09-02T11:18:16+00:00\",\"dateModified\":\"2026-09-02T11:20:41+00:00\",\"mainEntityOfPage\":{\"@id\":\"https:\\\/\\\/csp.ch\\\/vaud\\\/freedom-le-destin-de-shewit-une-avant-premiere-a-pully\\\/\"},\"wordCount\":392,\"publisher\":{\"@id\":\"https:\\\/\\\/csp.ch\\\/vaud\\\/#organization\"},\"image\":{\"@id\":\"https:\\\/\\\/csp.ch\\\/vaud\\\/freedom-le-destin-de-shewit-une-avant-premiere-a-pully\\\/#primaryimage\"},\"thumbnailUrl\":\"https:\\\/\\\/csp.ch\\\/wp-content\\\/uploads\\\/sites\\\/4\\\/2026\\\/09\\\/movie_image_79_36213-scaled.jpg\",\"articleSection\":[\"Questions de migration\"],\"inLanguage\":\"fr-FR\"},{\"@type\":\"WebPage\",\"@id\":\"https:\\\/\\\/csp.ch\\\/vaud\\\/freedom-le-destin-de-shewit-une-avant-premiere-a-pully\\\/\",\"url\":\"https:\\\/\\\/csp.ch\\\/vaud\\\/freedom-le-destin-de-shewit-une-avant-premiere-a-pully\\\/\",\"name\":\"\u00ab Freedom \u2013 Le Destin de Shewit \u00bb : une avant-premi\u00e8re \u00e0 Pully - CSP Vaud\",\"isPartOf\":{\"@id\":\"https:\\\/\\\/csp.ch\\\/vaud\\\/#website\"},\"primaryImageOfPage\":{\"@id\":\"https:\\\/\\\/csp.ch\\\/vaud\\\/freedom-le-destin-de-shewit-une-avant-premiere-a-pully\\\/#primaryimage\"},\"image\":{\"@id\":\"https:\\\/\\\/csp.ch\\\/vaud\\\/freedom-le-destin-de-shewit-une-avant-premiere-a-pully\\\/#primaryimage\"},\"thumbnailUrl\":\"https:\\\/\\\/csp.ch\\\/wp-content\\\/uploads\\\/sites\\\/4\\\/2026\\\/09\\\/movie_image_79_36213-scaled.jpg\",\"datePublished\":\"2026-09-02T11:18:16+00:00\",\"dateModified\":\"2026-09-02T11:20:41+00:00\",\"breadcrumb\":{\"@id\":\"https:\\\/\\\/csp.ch\\\/vaud\\\/freedom-le-destin-de-shewit-une-avant-premiere-a-pully\\\/#breadcrumb\"},\"inLanguage\":\"fr-FR\",\"potentialAction\":[{\"@type\":\"ReadAction\",\"target\":[\"https:\\\/\\\/csp.ch\\\/vaud\\\/freedom-le-destin-de-shewit-une-avant-premiere-a-pully\\\/\"]}]},{\"@type\":\"ImageObject\",\"inLanguage\":\"fr-FR\",\"@id\":\"https:\\\/\\\/csp.ch\\\/vaud\\\/freedom-le-destin-de-shewit-une-avant-premiere-a-pully\\\/#primaryimage\",\"url\":\"https:\\\/\\\/csp.ch\\\/wp-content\\\/uploads\\\/sites\\\/4\\\/2026\\\/09\\\/movie_image_79_36213-scaled.jpg\",\"contentUrl\":\"https:\\\/\\\/csp.ch\\\/wp-content\\\/uploads\\\/sites\\\/4\\\/2026\\\/09\\\/movie_image_79_36213-scaled.jpg\",\"width\":2560,\"height\":1440},{\"@type\":\"BreadcrumbList\",\"@id\":\"https:\\\/\\\/csp.ch\\\/vaud\\\/freedom-le-destin-de-shewit-une-avant-premiere-a-pully\\\/#breadcrumb\",\"itemListElement\":[{\"@type\":\"ListItem\",\"position\":1,\"name\":\"Accueil\",\"item\":\"https:\\\/\\\/csp.ch\\\/vaud\\\/\"},{\"@type\":\"ListItem\",\"position\":2,\"name\":\"\u00ab Freedom \u2013 Le Destin de Shewit \u00bb : une avant-premi\u00e8re \u00e0 Pully\"}]},{\"@type\":\"WebSite\",\"@id\":\"https:\\\/\\\/csp.ch\\\/vaud\\\/#website\",\"url\":\"https:\\\/\\\/csp.ch\\\/vaud\\\/\",\"name\":\"https:\\\/\\\/csp.ch\\\/vaud\\\/\",\"description\":\"\",\"publisher\":{\"@id\":\"https:\\\/\\\/csp.ch\\\/vaud\\\/#organization\"},\"potentialAction\":[{\"@type\":\"SearchAction\",\"target\":{\"@type\":\"EntryPoint\",\"urlTemplate\":\"https:\\\/\\\/csp.ch\\\/vaud\\\/?s={search_term_string}\"},\"query-input\":{\"@type\":\"PropertyValueSpecification\",\"valueRequired\":true,\"valueName\":\"search_term_string\"}}],\"inLanguage\":\"fr-FR\"},{\"@type\":\"Organization\",\"@id\":\"https:\\\/\\\/csp.ch\\\/vaud\\\/#organization\",\"name\":\"https:\\\/\\\/csp.ch\\\/vaud\\\/\",\"url\":\"https:\\\/\\\/csp.ch\\\/vaud\\\/\",\"logo\":{\"@type\":\"ImageObject\",\"inLanguage\":\"fr-FR\",\"@id\":\"https:\\\/\\\/csp.ch\\\/vaud\\\/#\\\/schema\\\/logo\\\/image\\\/\",\"url\":\"https:\\\/\\\/csp.ch\\\/wp-content\\\/uploads\\\/sites\\\/4\\\/2022\\\/11\\\/Logo-CSP-VD-RVB.OK_.jpg\",\"contentUrl\":\"https:\\\/\\\/csp.ch\\\/wp-content\\\/uploads\\\/sites\\\/4\\\/2022\\\/11\\\/Logo-CSP-VD-RVB.OK_.jpg\",\"width\":600,\"height\":306,\"caption\":\"https:\\\/\\\/csp.ch\\\/vaud\\\/\"},\"image\":{\"@id\":\"https:\\\/\\\/csp.ch\\\/vaud\\\/#\\\/schema\\\/logo\\\/image\\\/\"},\"sameAs\":[\"https:\\\/\\\/www.facebook.com\\\/CSPSuisse\",\"https:\\\/\\\/www.linkedin.com\\\/company\\\/csp-vaud\\\/mycompany\"]},{\"@type\":\"Person\",\"@id\":\"https:\\\/\\\/csp.ch\\\/vaud\\\/#\\\/schema\\\/person\\\/0e2e3c0a611f671e0d9f38e9c45d1a4c\",\"name\":\"cspvaud\",\"image\":{\"@type\":\"ImageObject\",\"inLanguage\":\"fr-FR\",\"@id\":\"https:\\\/\\\/secure.gravatar.com\\\/avatar\\\/1ec2290fc6cafe5fe1e714ab17a90fad8880eef23ea050bc908a05b7cdf28dd5?s=96&d=mm&r=g\",\"url\":\"https:\\\/\\\/secure.gravatar.com\\\/avatar\\\/1ec2290fc6cafe5fe1e714ab17a90fad8880eef23ea050bc908a05b7cdf28dd5?s=96&d=mm&r=g\",\"contentUrl\":\"https:\\\/\\\/secure.gravatar.com\\\/avatar\\\/1ec2290fc6cafe5fe1e714ab17a90fad8880eef23ea050bc908a05b7cdf28dd5?s=96&d=mm&r=g\",\"caption\":\"cspvaud\"},\"url\":\"https:\\\/\\\/csp.ch\\\/vaud\\\/author\\\/cspvaud\\\/\"}]}<\/script>\n<!-- \/ Yoast SEO plugin. -->","yoast_head_json":{"title":"\u00ab Freedom \u2013 Le Destin de Shewit \u00bb : une avant-premi\u00e8re \u00e0 Pully - CSP Vaud","robots":{"index":"index","follow":"follow","max-snippet":"max-snippet:-1","max-image-preview":"max-image-preview:large","max-video-preview":"max-video-preview:-1"},"canonical":"https:\/\/csp.ch\/vaud\/freedom-le-destin-de-shewit-une-avant-premiere-a-pully\/","og_locale":"fr_FR","og_type":"article","og_title":"\u00ab Freedom \u2013 Le Destin de Shewit \u00bb : une avant-premi\u00e8re \u00e0 Pully - CSP Vaud","og_description":"Le CSP Vaud et l\u2019EPER sont partenaires de l\u2019avant-premi\u00e8re du documentaire Freedom \u2013 Le Destin de Shewit, r\u00e9alis\u00e9 par Anne-Fr\u00e9d\u00e9rique Widmann. La projection sera suivie d\u2019une table ronde en pr\u00e9sence de la r\u00e9alisatrice, de la protagoniste et de repr\u00e9sentant\u00b7e\u00b7s de l\u2019EPER et du CSP Vaud. &nbsp; Dix ans dans le parcours de Shewit &nbsp; Freedom [&hellip;]","og_url":"https:\/\/csp.ch\/vaud\/freedom-le-destin-de-shewit-une-avant-premiere-a-pully\/","og_site_name":"CSP Vaud","article_publisher":"https:\/\/www.facebook.com\/CSPSuisse","article_published_time":"2026-09-02T11:18:16+00:00","article_modified_time":"2026-09-02T11:20:41+00:00","og_image":[{"width":2560,"height":1440,"url":"https:\/\/csp.ch\/wp-content\/uploads\/sites\/4\/2026\/09\/movie_image_79_36213-scaled.jpg","type":"image\/jpeg"}],"author":"cspvaud","twitter_card":"summary_large_image","twitter_misc":{"\u00c9crit par":"cspvaud","Dur\u00e9e de lecture estim\u00e9e":"2 minutes"},"schema":{"@context":"https:\/\/schema.org","@graph":[{"@type":"Article","@id":"https:\/\/csp.ch\/vaud\/freedom-le-destin-de-shewit-une-avant-premiere-a-pully\/#article","isPartOf":{"@id":"https:\/\/csp.ch\/vaud\/freedom-le-destin-de-shewit-une-avant-premiere-a-pully\/"},"author":{"name":"cspvaud","@id":"https:\/\/csp.ch\/vaud\/#\/schema\/person\/0e2e3c0a611f671e0d9f38e9c45d1a4c"},"headline":"\u00ab Freedom \u2013 Le Destin de Shewit \u00bb : une avant-premi\u00e8re \u00e0 Pully","datePublished":"2026-09-02T11:18:16+00:00","dateModified":"2026-09-02T11:20:41+00:00","mainEntityOfPage":{"@id":"https:\/\/csp.ch\/vaud\/freedom-le-destin-de-shewit-une-avant-premiere-a-pully\/"},"wordCount":392,"publisher":{"@id":"https:\/\/csp.ch\/vaud\/#organization"},"image":{"@id":"https:\/\/csp.ch\/vaud\/freedom-le-destin-de-shewit-une-avant-premiere-a-pully\/#primaryimage"},"thumbnailUrl":"https:\/\/csp.ch\/wp-content\/uploads\/sites\/4\/2026\/09\/movie_image_79_36213-scaled.jpg","articleSection":["Questions de migration"],"inLanguage":"fr-FR"},{"@type":"WebPage","@id":"https:\/\/csp.ch\/vaud\/freedom-le-destin-de-shewit-une-avant-premiere-a-pully\/","url":"https:\/\/csp.ch\/vaud\/freedom-le-destin-de-shewit-une-avant-premiere-a-pully\/","name":"\u00ab Freedom \u2013 Le Destin de Shewit \u00bb : une avant-premi\u00e8re \u00e0 Pully - CSP Vaud","isPartOf":{"@id":"https:\/\/csp.ch\/vaud\/#website"},"primaryImageOfPage":{"@id":"https:\/\/csp.ch\/vaud\/freedom-le-destin-de-shewit-une-avant-premiere-a-pully\/#primaryimage"},"image":{"@id":"https:\/\/csp.ch\/vaud\/freedom-le-destin-de-shewit-une-avant-premiere-a-pully\/#primaryimage"},"thumbnailUrl":"https:\/\/csp.ch\/wp-content\/uploads\/sites\/4\/2026\/09\/movie_image_79_36213-scaled.jpg","datePublished":"2026-09-02T11:18:16+00:00","dateModified":"2026-09-02T11:20:41+00:00","breadcrumb":{"@id":"https:\/\/csp.ch\/vaud\/freedom-le-destin-de-shewit-une-avant-premiere-a-pully\/#breadcrumb"},"inLanguage":"fr-FR","potentialAction":[{"@type":"ReadAction","target":["https:\/\/csp.ch\/vaud\/freedom-le-destin-de-shewit-une-avant-premiere-a-pully\/"]}]},{"@type":"ImageObject","inLanguage":"fr-FR","@id":"https:\/\/csp.ch\/vaud\/freedom-le-destin-de-shewit-une-avant-premiere-a-pully\/#primaryimage","url":"https:\/\/csp.ch\/wp-content\/uploads\/sites\/4\/2026\/09\/movie_image_79_36213-scaled.jpg","contentUrl":"https:\/\/csp.ch\/wp-content\/uploads\/sites\/4\/2026\/09\/movie_image_79_36213-scaled.jpg","width":2560,"height":1440},{"@type":"BreadcrumbList","@id":"https:\/\/csp.ch\/vaud\/freedom-le-destin-de-shewit-une-avant-premiere-a-pully\/#breadcrumb","itemListElement":[{"@type":"ListItem","position":1,"name":"Accueil","item":"https:\/\/csp.ch\/vaud\/"},{"@type":"ListItem","position":2,"name":"\u00ab Freedom \u2013 Le Destin de Shewit \u00bb : une avant-premi\u00e8re \u00e0 Pully"}]},{"@type":"WebSite","@id":"https:\/\/csp.ch\/vaud\/#website","url":"https:\/\/csp.ch\/vaud\/","name":"https:\/\/csp.ch\/vaud\/","description":"","publisher":{"@id":"https:\/\/csp.ch\/vaud\/#organization"},"potentialAction":[{"@type":"SearchAction","target":{"@type":"EntryPoint","urlTemplate":"https:\/\/csp.ch\/vaud\/?s={search_term_string}"},"query-input":{"@type":"PropertyValueSpecification","valueRequired":true,"valueName":"search_term_string"}}],"inLanguage":"fr-FR"},{"@type":"Organization","@id":"https:\/\/csp.ch\/vaud\/#organization","name":"https:\/\/csp.ch\/vaud\/","url":"https:\/\/csp.ch\/vaud\/","logo":{"@type":"ImageObject","inLanguage":"fr-FR","@id":"https:\/\/csp.ch\/vaud\/#\/schema\/logo\/image\/","url":"https:\/\/csp.ch\/wp-content\/uploads\/sites\/4\/2022\/11\/Logo-CSP-VD-RVB.OK_.jpg","contentUrl":"https:\/\/csp.ch\/wp-content\/uploads\/sites\/4\/2022\/11\/Logo-CSP-VD-RVB.OK_.jpg","width":600,"height":306,"caption":"https:\/\/csp.ch\/vaud\/"},"image":{"@id":"https:\/\/csp.ch\/vaud\/#\/schema\/logo\/image\/"},"sameAs":["https:\/\/www.facebook.com\/CSPSuisse","https:\/\/www.linkedin.com\/company\/csp-vaud\/mycompany"]},{"@type":"Person","@id":"https:\/\/csp.ch\/vaud\/#\/schema\/person\/0e2e3c0a611f671e0d9f38e9c45d1a4c","name":"cspvaud","image":{"@type":"ImageObject","inLanguage":"fr-FR","@id":"https:\/\/secure.gravatar.com\/avatar\/1ec2290fc6cafe5fe1e714ab17a90fad8880eef23ea050bc908a05b7cdf28dd5?s=96&d=mm&r=g","url":"https:\/\/secure.gravatar.com\/avatar\/1ec2290fc6cafe5fe1e714ab17a90fad8880eef23ea050bc908a05b7cdf28dd5?s=96&d=mm&r=g","contentUrl":"https:\/\/secure.gravatar.com\/avatar\/1ec2290fc6cafe5fe1e714ab17a90fad8880eef23ea050bc908a05b7cdf28dd5?s=96&d=mm&r=g","caption":"cspvaud"},"url":"https:\/\/csp.ch\/vaud\/author\/cspvaud\/"}]}},"_links":{"self":[{"href":"https:\/\/csp.ch\/vaud\/wp-json\/wp\/v2\/posts\/30529","targetHints":{"allow":["GET"]}}],"collection":[{"href":"https:\/\/csp.ch\/vaud\/wp-json\/wp\/v2\/posts"}],"about":[{"href":"https:\/\/csp.ch\/vaud\/wp-json\/wp\/v2\/types\/post"}],"author":[{"embeddable":true,"href":"https:\/\/csp.ch\/vaud\/wp-json\/wp\/v2\/users\/2"}],"replies":[{"embeddable":true,"href":"https:\/\/csp.ch\/vaud\/wp-json\/wp\/v2\/comments?post=30529"}],"version-history":[{"count":3,"href":"https:\/\/csp.ch\/vaud\/wp-json\/wp\/v2\/posts\/30529\/revisions"}],"predecessor-version":[{"id":30536,"href":"https:\/\/csp.ch\/vaud\/wp-json\/wp\/v2\/posts\/30529\/revisions\/30536"}],"wp:featuredmedia":[{"embeddable":true,"href":"https:\/\/csp.ch\/vaud\/wp-json\/wp\/v2\/media\/30530"}],"wp:attachment":[{"href":"https:\/\/csp.ch\/vaud\/wp-json\/wp\/v2\/media?parent=30529"}],"wp:term":[{"taxonomy":"category","embeddable":true,"href":"https:\/\/csp.ch\/vaud\/wp-json\/wp\/v2\/categories?post=30529"},{"taxonomy":"post_tag","embeddable":true,"href":"https:\/\/csp.ch\/vaud\/wp-json\/wp\/v2\/tags?post=30529"}],"curies":[{"name":"wp","href":"https:\/\/api.w.org\/{rel}","templated":true}]}}