{"id":19264,"date":"2023-06-30T15:38:24","date_gmt":"2023-06-30T13:38:24","guid":{"rendered":"https:\/\/csp.ch\/vaud\/?p=19264"},"modified":"2023-06-30T17:21:37","modified_gmt":"2023-06-30T15:21:37","slug":"pour-des-droits-politiques-pour-celles-et-ceux-qui-vivent-ici","status":"publish","type":"post","link":"https:\/\/csp.ch\/vaud\/pour-des-droits-politiques-pour-celles-et-ceux-qui-vivent-ici\/","title":{"rendered":"\u00abPour des droits politiques pour celles et ceux qui vivent ici\u00bb"},"content":{"rendered":"<p><strong>Le CSP Vaud soutient l&rsquo;initiative du mouvement \u00ab\u00a0Agissons\u00a0\u00bb \u00ab\u00a0Pour des droits politiques pour celles et ceux qui vivent ici\u00a0\u00bb. Fid\u00e8le \u00e0 sa ligne de d\u00e9fense des personnes migrantes et \u00e0 la suite du soutien qu&rsquo;il a toujours apport\u00e9 aux initiatives visant \u00e0 accorder des droits \u00e9tendus aux personnes migrantes qui contribuent \u00e0 la vie de notre canton.<\/strong><\/p>\n<p class=\"p1\">\u00ab Pour des droits politiques pour celles et ceux qui vivent ici \u00bb. Cette initiative a pour but d&rsquo;\u00e9tendre les droits d\u00e9mocratiques que cela soit le droit de signature, de vote et d&rsquo;\u00e9ligibilit\u00e9, au niveau cantonal, \u00e0 toutes les personnes \u00e9trang\u00e8res domicili\u00e9es dans le canton de Vaud depuis 3 ans au moins et depuis 10 ans au moins en Suisse. <strong>L&rsquo;initiative est \u00e0 signer avant le 4 ao\u00fbt 2023<\/strong>.<\/p>\n<p>Pour t\u00e9l\u00e9charger les feuilles de signatures, <a href=\"https:\/\/agissons-ch.org\/initiative-1\">suivre ce lien<\/a> !<\/p>\n<hr \/>\n<p>Voici l&rsquo;argumentaire des initiant\u00b7e\u00b7s figurant sur leur site.<\/p>\n<h4>Participation de toutes et tous<\/h4>\n<p class=\"p1\">Celles et ceux qui travaillent, produisent, consomment et vivent sur un territoire devraient pouvoir se m\u00ealer des affaires publiques et participer pleinement \u00e0 la vie et aux d\u00e9cisions politiques.<\/p>\n<p class=\"p1\">Actuellement, plus d&rsquo;un tiers de la population r\u00e9sidant dans le canton de Vaud n&rsquo;a pas la nationalit\u00e9 suisse et ne dispose donc pas du droit de signature, de vote et d&rsquo;\u00e9ligibilit\u00e9.<\/p>\n<p class=\"p1\">Ces personnes sont pourtant actives dans la vie sociale du canton; elles ont un emploi, paient des imp\u00f4ts et vivent sur le m\u00eame territoire, parfois depuis des d\u00e9cennies. En quoi sont-elles diff\u00e9rentes des Suissesses et Suisses de naissance ou par naturalisation ?<\/p>\n<h4 class=\"p1\">Une participation \u00e9largie pour une meilleure repr\u00e9sentativit\u00e9<\/h4>\n<p class=\"p1\">Il en r\u00e9sulte que les \u00e9lections et votations ne sont pas repr\u00e9sentatives de la population du canton de Vaud et qu&rsquo;elles ne vont pas dans le sens d&rsquo;un \u00e9largissement de la d\u00e9mocratie : ce tiers manquant de la population est \u00e9galement impact\u00e9 par les d\u00e9cisions politiques, pourtant, il n&rsquo;a pas son mot \u00e0 dire !<\/p>\n<p class=\"p1\">L&rsquo;instauration des droits politiques pour les non-Suissesses et les non-Suisses permettra de combler ce probl\u00e8me de repr\u00e9sentativit\u00e9 et d&rsquo;inclusivit\u00e9.<\/p>\n<blockquote>\n<p class=\"p1\">Renfor\u00e7ons la souverainet\u00e9 populaire et la coh\u00e9sion de la soci\u00e9t\u00e9 en leur donnant le droit de participer activement aux processus d\u00e9mocratiques !<\/p>\n<\/blockquote>\n<p class=\"p1\">Une meilleure repr\u00e9sentation populaire m\u00e8nera \u00e0 des d\u00e9cisions plus sens\u00e9es pour le grand nombre !<\/p>\n<h4 class=\"p1\">Une totale int\u00e9gration passant par l&rsquo;acc\u00e8s aux droits politiques<\/h4>\n<p class=\"p1\">La participation aux votations et \u00e9lections permettra de faciliter l&rsquo;int\u00e9gration des personnes \u00e9trang\u00e8res qui pourront participer au pilier de la vie communautaire suisse qu&rsquo;est sa d\u00e9mocratie. Bien des personnes qui paient leurs imp\u00f4ts ici sans en avoir la nationalit\u00e9 ne demandent qu&rsquo;\u00e0 prendre part enti\u00e8rement \u00e0 notre soci\u00e9t\u00e9 et \u00e0 s&rsquo;y adapter. Donnons-en leur le droit !<\/p>\n<hr \/>\n<h4 class=\"p1\">CE QUE L&rsquo;INITIATIVE DEMANDE<\/h4>\n<p class=\"p1\">Article 74 Corps \u00e9lectoral<\/p>\n<p class=\"p1\">1 Toute personne appartenant au corps \u00e9lectoral dispose des droits politiques et de l&rsquo;exercice de ceux-ci.<\/p>\n<p class=\"p1\">2 Font partie du corps \u00e9lectoral cantonal si elles sont \u00e2g\u00e9es de dix-huit ans r\u00e9volus et ne sont pas prot\u00e9g\u00e9es par une curatelle de port\u00e9e g\u00e9n\u00e9rale ou un mandat pour cause d&rsquo;inaptitude, en raison d&rsquo;une incapacit\u00e9 durable de discernement :<\/p>\n<p class=\"p1\">A les personnes de nationalit\u00e9 suisse domicili\u00e9es dans le canton.<\/p>\n<p class=\"p1\">B les personnes \u00e9trang\u00e8res domicili\u00e9es dans le canton qui ont leur domicile l\u00e9gal en Suisse depuis dix ans au moins et dans le canton depuis trois ans au moins.<\/p>\n<p class=\"p1\">3 La loi pr\u00e9voit une proc\u00e9dure simple permettant \u00e0 la personne vis\u00e9e par l&rsquo;alin\u00e9a 2, phrase introductive in fine, d&rsquo;obtenir son int\u00e9gration ou sa r\u00e9int\u00e9gration dans le corps \u00e9lectoral, en prouvant qu&rsquo;elle est capable de discernement.<\/p>\n<hr \/>\n<p class=\"p1\">Prenez connaissance de nos diff\u00e9rents services, <a href=\"https:\/\/csp.ch\/vaud\/les-consultations\/\">en cliquant ici<\/a> ! C&rsquo;est \u00e0 partir de leur exp\u00e9rience que le CSP Vaud prend position dans la cit\u00e9, comme le pr\u00e9voient ses<a href=\"https:\/\/csp.ch\/wp-content\/uploads\/sites\/4\/2019\/07\/CSP-303-011904_Satuts2019-8pages-parPage_FINAL.pdf\"> statuts<\/a>.<\/p>\n","protected":false},"excerpt":{"rendered":"<p>Le CSP Vaud soutient l&rsquo;initiative du mouvement \u00ab\u00a0Agissons\u00a0\u00bb \u00ab\u00a0Pour des droits politiques pour celles et ceux qui vivent ici\u00a0\u00bb. Fid\u00e8le \u00e0 sa ligne de d\u00e9fense des personnes migrantes et \u00e0 la suite du soutien qu&rsquo;il a toujours apport\u00e9 aux initiatives visant \u00e0 accorder des droits \u00e9tendus aux personnes migrantes qui contribuent \u00e0 la vie de [&hellip;]<\/p>\n","protected":false},"author":2,"featured_media":19270,"comment_status":"closed","ping_status":"closed","sticky":false,"template":"","format":"standard","meta":{"_acf_changed":false,"footnotes":""},"categories":[39,27],"tags":[],"class_list":["post-19264","post","type-post","status-publish","format-standard","has-post-thumbnail","hentry","category-institution","category-prises-de-position"],"acf":[],"yoast_head":"<!-- This site is optimized with the Yoast SEO plugin v27.1.1 - https:\/\/yoast.com\/product\/yoast-seo-wordpress\/ -->\n<title>\u00abPour des droits politiques pour celles et ceux qui vivent ici\u00bb<\/title>\n<meta name=\"description\" content=\"Le CSP Vaud soutient l&#039;initiative du mouvement &quot;Agissons&quot; &quot;Pour des droits politiques pour celles et ceux qui vient ici&quot;.\" \/>\n<meta name=\"robots\" content=\"index, follow, max-snippet:-1, max-image-preview:large, max-video-preview:-1\" \/>\n<link rel=\"canonical\" href=\"https:\/\/csp.ch\/vaud\/pour-des-droits-politiques-pour-celles-et-ceux-qui-vivent-ici\/\" \/>\n<meta property=\"og:locale\" content=\"fr_FR\" \/>\n<meta property=\"og:type\" content=\"article\" \/>\n<meta property=\"og:title\" content=\"\u00abPour des droits politiques pour celles et ceux qui vivent ici\u00bb\" \/>\n<meta property=\"og:description\" content=\"Le CSP Vaud soutient l&#039;initiative du mouvement &quot;Agissons&quot; &quot;Pour des droits politiques pour celles et ceux qui vient ici&quot;.\" \/>\n<meta property=\"og:url\" content=\"https:\/\/csp.ch\/vaud\/pour-des-droits-politiques-pour-celles-et-ceux-qui-vivent-ici\/\" \/>\n<meta property=\"og:site_name\" content=\"CSP Vaud\" \/>\n<meta property=\"article:publisher\" content=\"https:\/\/www.facebook.com\/CSPSuisse\" \/>\n<meta property=\"article:published_time\" content=\"2023-06-30T13:38:24+00:00\" \/>\n<meta property=\"article:modified_time\" content=\"2023-06-30T15:21:37+00:00\" \/>\n<meta property=\"og:image\" content=\"https:\/\/csp.ch\/wp-content\/uploads\/sites\/4\/2023\/06\/Voter-imaginelibre.jpg\" \/>\n\t<meta property=\"og:image:width\" content=\"740\" \/>\n\t<meta property=\"og:image:height\" content=\"360\" \/>\n\t<meta property=\"og:image:type\" content=\"image\/jpeg\" \/>\n<meta name=\"author\" content=\"cspvaud\" \/>\n<meta name=\"twitter:card\" content=\"summary_large_image\" \/>\n<meta name=\"twitter:label1\" content=\"\u00c9crit par\" \/>\n\t<meta name=\"twitter:data1\" content=\"cspvaud\" \/>\n\t<meta name=\"twitter:label2\" content=\"Dur\u00e9e de lecture estim\u00e9e\" \/>\n\t<meta name=\"twitter:data2\" content=\"4 minutes\" \/>\n<script type=\"application\/ld+json\" class=\"yoast-schema-graph\">{\"@context\":\"https:\/\/schema.org\",\"@graph\":[{\"@type\":\"Article\",\"@id\":\"https:\/\/csp.ch\/vaud\/pour-des-droits-politiques-pour-celles-et-ceux-qui-vivent-ici\/#article\",\"isPartOf\":{\"@id\":\"https:\/\/csp.ch\/vaud\/pour-des-droits-politiques-pour-celles-et-ceux-qui-vivent-ici\/\"},\"author\":{\"name\":\"cspvaud\",\"@id\":\"https:\/\/csp.ch\/vaud\/#\/schema\/person\/0e2e3c0a611f671e0d9f38e9c45d1a4c\"},\"headline\":\"\u00abPour des droits politiques pour celles et ceux qui vivent ici\u00bb\",\"datePublished\":\"2023-06-30T13:38:24+00:00\",\"dateModified\":\"2023-06-30T15:21:37+00:00\",\"mainEntityOfPage\":{\"@id\":\"https:\/\/csp.ch\/vaud\/pour-des-droits-politiques-pour-celles-et-ceux-qui-vivent-ici\/\"},\"wordCount\":669,\"publisher\":{\"@id\":\"https:\/\/csp.ch\/vaud\/#organization\"},\"image\":{\"@id\":\"https:\/\/csp.ch\/vaud\/pour-des-droits-politiques-pour-celles-et-ceux-qui-vivent-ici\/#primaryimage\"},\"thumbnailUrl\":\"https:\/\/csp.ch\/wp-content\/uploads\/sites\/4\/2023\/06\/Voter-imaginelibre.jpg\",\"articleSection\":[\"Institution\",\"Prises de position\"],\"inLanguage\":\"fr-FR\"},{\"@type\":\"WebPage\",\"@id\":\"https:\/\/csp.ch\/vaud\/pour-des-droits-politiques-pour-celles-et-ceux-qui-vivent-ici\/\",\"url\":\"https:\/\/csp.ch\/vaud\/pour-des-droits-politiques-pour-celles-et-ceux-qui-vivent-ici\/\",\"name\":\"\u00abPour des droits politiques pour celles et ceux qui vivent ici\u00bb\",\"isPartOf\":{\"@id\":\"https:\/\/csp.ch\/vaud\/#website\"},\"primaryImageOfPage\":{\"@id\":\"https:\/\/csp.ch\/vaud\/pour-des-droits-politiques-pour-celles-et-ceux-qui-vivent-ici\/#primaryimage\"},\"image\":{\"@id\":\"https:\/\/csp.ch\/vaud\/pour-des-droits-politiques-pour-celles-et-ceux-qui-vivent-ici\/#primaryimage\"},\"thumbnailUrl\":\"https:\/\/csp.ch\/wp-content\/uploads\/sites\/4\/2023\/06\/Voter-imaginelibre.jpg\",\"datePublished\":\"2023-06-30T13:38:24+00:00\",\"dateModified\":\"2023-06-30T15:21:37+00:00\",\"description\":\"Le CSP Vaud soutient l'initiative du mouvement \\\"Agissons\\\" \\\"Pour des droits politiques pour celles et ceux qui vient ici\\\".\",\"breadcrumb\":{\"@id\":\"https:\/\/csp.ch\/vaud\/pour-des-droits-politiques-pour-celles-et-ceux-qui-vivent-ici\/#breadcrumb\"},\"inLanguage\":\"fr-FR\",\"potentialAction\":[{\"@type\":\"ReadAction\",\"target\":[\"https:\/\/csp.ch\/vaud\/pour-des-droits-politiques-pour-celles-et-ceux-qui-vivent-ici\/\"]}]},{\"@type\":\"ImageObject\",\"inLanguage\":\"fr-FR\",\"@id\":\"https:\/\/csp.ch\/vaud\/pour-des-droits-politiques-pour-celles-et-ceux-qui-vivent-ici\/#primaryimage\",\"url\":\"https:\/\/csp.ch\/wp-content\/uploads\/sites\/4\/2023\/06\/Voter-imaginelibre.jpg\",\"contentUrl\":\"https:\/\/csp.ch\/wp-content\/uploads\/sites\/4\/2023\/06\/Voter-imaginelibre.jpg\",\"width\":740,\"height\":360,\"caption\":\"Vector set of illustrated people\"},{\"@type\":\"BreadcrumbList\",\"@id\":\"https:\/\/csp.ch\/vaud\/pour-des-droits-politiques-pour-celles-et-ceux-qui-vivent-ici\/#breadcrumb\",\"itemListElement\":[{\"@type\":\"ListItem\",\"position\":1,\"name\":\"Accueil\",\"item\":\"https:\/\/csp.ch\/vaud\/\"},{\"@type\":\"ListItem\",\"position\":2,\"name\":\"\u00abPour des droits politiques pour celles et ceux qui vivent ici\u00bb\"}]},{\"@type\":\"WebSite\",\"@id\":\"https:\/\/csp.ch\/vaud\/#website\",\"url\":\"https:\/\/csp.ch\/vaud\/\",\"name\":\"https:\/\/csp.ch\/vaud\/\",\"description\":\"\",\"publisher\":{\"@id\":\"https:\/\/csp.ch\/vaud\/#organization\"},\"potentialAction\":[{\"@type\":\"SearchAction\",\"target\":{\"@type\":\"EntryPoint\",\"urlTemplate\":\"https:\/\/csp.ch\/vaud\/?s={search_term_string}\"},\"query-input\":{\"@type\":\"PropertyValueSpecification\",\"valueRequired\":true,\"valueName\":\"search_term_string\"}}],\"inLanguage\":\"fr-FR\"},{\"@type\":\"Organization\",\"@id\":\"https:\/\/csp.ch\/vaud\/#organization\",\"name\":\"https:\/\/csp.ch\/vaud\/\",\"url\":\"https:\/\/csp.ch\/vaud\/\",\"logo\":{\"@type\":\"ImageObject\",\"inLanguage\":\"fr-FR\",\"@id\":\"https:\/\/csp.ch\/vaud\/#\/schema\/logo\/image\/\",\"url\":\"https:\/\/csp.ch\/wp-content\/uploads\/sites\/4\/2022\/11\/Logo-CSP-VD-RVB.OK_.jpg\",\"contentUrl\":\"https:\/\/csp.ch\/wp-content\/uploads\/sites\/4\/2022\/11\/Logo-CSP-VD-RVB.OK_.jpg\",\"width\":600,\"height\":306,\"caption\":\"https:\/\/csp.ch\/vaud\/\"},\"image\":{\"@id\":\"https:\/\/csp.ch\/vaud\/#\/schema\/logo\/image\/\"},\"sameAs\":[\"https:\/\/www.facebook.com\/CSPSuisse\",\"https:\/\/www.linkedin.com\/company\/csp-vaud\/mycompany\"]},{\"@type\":\"Person\",\"@id\":\"https:\/\/csp.ch\/vaud\/#\/schema\/person\/0e2e3c0a611f671e0d9f38e9c45d1a4c\",\"name\":\"cspvaud\",\"image\":{\"@type\":\"ImageObject\",\"inLanguage\":\"fr-FR\",\"@id\":\"https:\/\/csp.ch\/vaud\/#\/schema\/person\/image\/\",\"url\":\"https:\/\/secure.gravatar.com\/avatar\/1ec2290fc6cafe5fe1e714ab17a90fad8880eef23ea050bc908a05b7cdf28dd5?s=96&d=mm&r=g\",\"contentUrl\":\"https:\/\/secure.gravatar.com\/avatar\/1ec2290fc6cafe5fe1e714ab17a90fad8880eef23ea050bc908a05b7cdf28dd5?s=96&d=mm&r=g\",\"caption\":\"cspvaud\"},\"url\":\"https:\/\/csp.ch\/vaud\/author\/cspvaud\/\"}]}<\/script>\n<!-- \/ Yoast SEO plugin. -->","yoast_head_json":{"title":"\u00abPour des droits politiques pour celles et ceux qui vivent ici\u00bb","description":"Le CSP Vaud soutient l'initiative du mouvement \"Agissons\" \"Pour des droits politiques pour celles et ceux qui vient ici\".","robots":{"index":"index","follow":"follow","max-snippet":"max-snippet:-1","max-image-preview":"max-image-preview:large","max-video-preview":"max-video-preview:-1"},"canonical":"https:\/\/csp.ch\/vaud\/pour-des-droits-politiques-pour-celles-et-ceux-qui-vivent-ici\/","og_locale":"fr_FR","og_type":"article","og_title":"\u00abPour des droits politiques pour celles et ceux qui vivent ici\u00bb","og_description":"Le CSP Vaud soutient l'initiative du mouvement \"Agissons\" \"Pour des droits politiques pour celles et ceux qui vient ici\".","og_url":"https:\/\/csp.ch\/vaud\/pour-des-droits-politiques-pour-celles-et-ceux-qui-vivent-ici\/","og_site_name":"CSP Vaud","article_publisher":"https:\/\/www.facebook.com\/CSPSuisse","article_published_time":"2023-06-30T13:38:24+00:00","article_modified_time":"2023-06-30T15:21:37+00:00","og_image":[{"width":740,"height":360,"url":"https:\/\/csp.ch\/wp-content\/uploads\/sites\/4\/2023\/06\/Voter-imaginelibre.jpg","type":"image\/jpeg"}],"author":"cspvaud","twitter_card":"summary_large_image","twitter_misc":{"\u00c9crit par":"cspvaud","Dur\u00e9e de lecture estim\u00e9e":"4 minutes"},"schema":{"@context":"https:\/\/schema.org","@graph":[{"@type":"Article","@id":"https:\/\/csp.ch\/vaud\/pour-des-droits-politiques-pour-celles-et-ceux-qui-vivent-ici\/#article","isPartOf":{"@id":"https:\/\/csp.ch\/vaud\/pour-des-droits-politiques-pour-celles-et-ceux-qui-vivent-ici\/"},"author":{"name":"cspvaud","@id":"https:\/\/csp.ch\/vaud\/#\/schema\/person\/0e2e3c0a611f671e0d9f38e9c45d1a4c"},"headline":"\u00abPour des droits politiques pour celles et ceux qui vivent ici\u00bb","datePublished":"2023-06-30T13:38:24+00:00","dateModified":"2023-06-30T15:21:37+00:00","mainEntityOfPage":{"@id":"https:\/\/csp.ch\/vaud\/pour-des-droits-politiques-pour-celles-et-ceux-qui-vivent-ici\/"},"wordCount":669,"publisher":{"@id":"https:\/\/csp.ch\/vaud\/#organization"},"image":{"@id":"https:\/\/csp.ch\/vaud\/pour-des-droits-politiques-pour-celles-et-ceux-qui-vivent-ici\/#primaryimage"},"thumbnailUrl":"https:\/\/csp.ch\/wp-content\/uploads\/sites\/4\/2023\/06\/Voter-imaginelibre.jpg","articleSection":["Institution","Prises de position"],"inLanguage":"fr-FR"},{"@type":"WebPage","@id":"https:\/\/csp.ch\/vaud\/pour-des-droits-politiques-pour-celles-et-ceux-qui-vivent-ici\/","url":"https:\/\/csp.ch\/vaud\/pour-des-droits-politiques-pour-celles-et-ceux-qui-vivent-ici\/","name":"\u00abPour des droits politiques pour celles et ceux qui vivent ici\u00bb","isPartOf":{"@id":"https:\/\/csp.ch\/vaud\/#website"},"primaryImageOfPage":{"@id":"https:\/\/csp.ch\/vaud\/pour-des-droits-politiques-pour-celles-et-ceux-qui-vivent-ici\/#primaryimage"},"image":{"@id":"https:\/\/csp.ch\/vaud\/pour-des-droits-politiques-pour-celles-et-ceux-qui-vivent-ici\/#primaryimage"},"thumbnailUrl":"https:\/\/csp.ch\/wp-content\/uploads\/sites\/4\/2023\/06\/Voter-imaginelibre.jpg","datePublished":"2023-06-30T13:38:24+00:00","dateModified":"2023-06-30T15:21:37+00:00","description":"Le CSP Vaud soutient l'initiative du mouvement \"Agissons\" \"Pour des droits politiques pour celles et ceux qui vient ici\".","breadcrumb":{"@id":"https:\/\/csp.ch\/vaud\/pour-des-droits-politiques-pour-celles-et-ceux-qui-vivent-ici\/#breadcrumb"},"inLanguage":"fr-FR","potentialAction":[{"@type":"ReadAction","target":["https:\/\/csp.ch\/vaud\/pour-des-droits-politiques-pour-celles-et-ceux-qui-vivent-ici\/"]}]},{"@type":"ImageObject","inLanguage":"fr-FR","@id":"https:\/\/csp.ch\/vaud\/pour-des-droits-politiques-pour-celles-et-ceux-qui-vivent-ici\/#primaryimage","url":"https:\/\/csp.ch\/wp-content\/uploads\/sites\/4\/2023\/06\/Voter-imaginelibre.jpg","contentUrl":"https:\/\/csp.ch\/wp-content\/uploads\/sites\/4\/2023\/06\/Voter-imaginelibre.jpg","width":740,"height":360,"caption":"Vector set of illustrated people"},{"@type":"BreadcrumbList","@id":"https:\/\/csp.ch\/vaud\/pour-des-droits-politiques-pour-celles-et-ceux-qui-vivent-ici\/#breadcrumb","itemListElement":[{"@type":"ListItem","position":1,"name":"Accueil","item":"https:\/\/csp.ch\/vaud\/"},{"@type":"ListItem","position":2,"name":"\u00abPour des droits politiques pour celles et ceux qui vivent ici\u00bb"}]},{"@type":"WebSite","@id":"https:\/\/csp.ch\/vaud\/#website","url":"https:\/\/csp.ch\/vaud\/","name":"https:\/\/csp.ch\/vaud\/","description":"","publisher":{"@id":"https:\/\/csp.ch\/vaud\/#organization"},"potentialAction":[{"@type":"SearchAction","target":{"@type":"EntryPoint","urlTemplate":"https:\/\/csp.ch\/vaud\/?s={search_term_string}"},"query-input":{"@type":"PropertyValueSpecification","valueRequired":true,"valueName":"search_term_string"}}],"inLanguage":"fr-FR"},{"@type":"Organization","@id":"https:\/\/csp.ch\/vaud\/#organization","name":"https:\/\/csp.ch\/vaud\/","url":"https:\/\/csp.ch\/vaud\/","logo":{"@type":"ImageObject","inLanguage":"fr-FR","@id":"https:\/\/csp.ch\/vaud\/#\/schema\/logo\/image\/","url":"https:\/\/csp.ch\/wp-content\/uploads\/sites\/4\/2022\/11\/Logo-CSP-VD-RVB.OK_.jpg","contentUrl":"https:\/\/csp.ch\/wp-content\/uploads\/sites\/4\/2022\/11\/Logo-CSP-VD-RVB.OK_.jpg","width":600,"height":306,"caption":"https:\/\/csp.ch\/vaud\/"},"image":{"@id":"https:\/\/csp.ch\/vaud\/#\/schema\/logo\/image\/"},"sameAs":["https:\/\/www.facebook.com\/CSPSuisse","https:\/\/www.linkedin.com\/company\/csp-vaud\/mycompany"]},{"@type":"Person","@id":"https:\/\/csp.ch\/vaud\/#\/schema\/person\/0e2e3c0a611f671e0d9f38e9c45d1a4c","name":"cspvaud","image":{"@type":"ImageObject","inLanguage":"fr-FR","@id":"https:\/\/csp.ch\/vaud\/#\/schema\/person\/image\/","url":"https:\/\/secure.gravatar.com\/avatar\/1ec2290fc6cafe5fe1e714ab17a90fad8880eef23ea050bc908a05b7cdf28dd5?s=96&d=mm&r=g","contentUrl":"https:\/\/secure.gravatar.com\/avatar\/1ec2290fc6cafe5fe1e714ab17a90fad8880eef23ea050bc908a05b7cdf28dd5?s=96&d=mm&r=g","caption":"cspvaud"},"url":"https:\/\/csp.ch\/vaud\/author\/cspvaud\/"}]}},"_links":{"self":[{"href":"https:\/\/csp.ch\/vaud\/wp-json\/wp\/v2\/posts\/19264","targetHints":{"allow":["GET"]}}],"collection":[{"href":"https:\/\/csp.ch\/vaud\/wp-json\/wp\/v2\/posts"}],"about":[{"href":"https:\/\/csp.ch\/vaud\/wp-json\/wp\/v2\/types\/post"}],"author":[{"embeddable":true,"href":"https:\/\/csp.ch\/vaud\/wp-json\/wp\/v2\/users\/2"}],"replies":[{"embeddable":true,"href":"https:\/\/csp.ch\/vaud\/wp-json\/wp\/v2\/comments?post=19264"}],"version-history":[{"count":3,"href":"https:\/\/csp.ch\/vaud\/wp-json\/wp\/v2\/posts\/19264\/revisions"}],"predecessor-version":[{"id":19276,"href":"https:\/\/csp.ch\/vaud\/wp-json\/wp\/v2\/posts\/19264\/revisions\/19276"}],"wp:featuredmedia":[{"embeddable":true,"href":"https:\/\/csp.ch\/vaud\/wp-json\/wp\/v2\/media\/19270"}],"wp:attachment":[{"href":"https:\/\/csp.ch\/vaud\/wp-json\/wp\/v2\/media?parent=19264"}],"wp:term":[{"taxonomy":"category","embeddable":true,"href":"https:\/\/csp.ch\/vaud\/wp-json\/wp\/v2\/categories?post=19264"},{"taxonomy":"post_tag","embeddable":true,"href":"https:\/\/csp.ch\/vaud\/wp-json\/wp\/v2\/tags?post=19264"}],"curies":[{"name":"wp","href":"https:\/\/api.w.org\/{rel}","templated":true}]}}