{"id":1712,"date":"2017-07-10T15:54:03","date_gmt":"2017-07-10T14:54:03","guid":{"rendered":"https:\/\/csp.ch\/vaud\/?p=1712"},"modified":"2017-07-10T15:57:30","modified_gmt":"2017-07-10T14:57:30","slug":"violences-conjugales-et-permis-de-sejour","status":"publish","type":"post","link":"https:\/\/csp.ch\/vaud\/violences-conjugales-et-permis-de-sejour\/","title":{"rendered":"Violences conjugales et permis de s\u00e9jour"},"content":{"rendered":"<p>Depuis plus de quinze ans, le Centre social protestant Vaud, et plus particulie\u0300rement son secteur destine\u0301 aux personnes immigre\u0301es, la Fraternite\u0301, rec\u0327oit et de\u0301fend des femmes vivant en Suisse apre\u0300s avoir obtenu un permis de se\u0301jour au motif du regroupement familial et qui subissent des violences conjugales. Elle doivent donc se s\u00e9parer de leur conjoint pour se prot\u00e9ger. Si la famille est dissoute, le motif de l\u2019octroi du permis (le regroupement familial) tombe. Il est ne\u0301anmoins possible de conserver son droit a\u0300 une autorisation de se\u0301jour a\u0300 certaines conditions. Actuellement, malheureusement, la situation demeure insatisfaisante. Alors que la loi n\u2019exige plus que les raisons \u00abpersonnelles majeures\u00bb invoque\u0301es soient cumulatives, les autorite\u0301s de de\u0301cision continuent de demander aux personnes concerne\u0301es de prouver l\u2019\u00abintensite\u0301\u00bb de la violence subie et sa re\u0301pe\u0301tition.<\/p>\n<p>Lire la suite dans le dossier du <a href=\"https:\/\/csp.ch\/vaud\/wp-content\/uploads\/sites\/4\/2017\/07\/CSP_NOUVELLES_JUIN_2017_Web.pdf\">num\u00e9ro de juin 2017\u00a0<\/a><\/p>\n","protected":false},"excerpt":{"rendered":"<p>Depuis plus de quinze ans, le Centre social protestant Vaud, et plus particulie\u0300rement son secteur destine\u0301 aux personnes immigre\u0301es, la Fraternite\u0301, rec\u0327oit et de\u0301fend des femmes vivant en Suisse apre\u0300s avoir obtenu un permis de se\u0301jour au motif du regroupement familial et qui subissent des violences conjugales. Elle doivent donc se s\u00e9parer de leur conjoint [&hellip;]<\/p>\n","protected":false},"author":2,"featured_media":1697,"comment_status":"closed","ping_status":"closed","sticky":false,"template":"","format":"standard","meta":{"_acf_changed":false,"footnotes":""},"categories":[19],"tags":[],"class_list":["post-1712","post","type-post","status-publish","format-standard","has-post-thumbnail","hentry","category-questions-de-migration"],"acf":[],"yoast_head":"<!-- This site is optimized with the Yoast SEO plugin v27.1.1 - https:\/\/yoast.com\/product\/yoast-seo-wordpress\/ -->\n<title>Violences conjugales et permis de s\u00e9jour - CSP Vaud<\/title>\n<meta name=\"description\" content=\"Ce num\u00e9ro des Nouvelles traite des difficult\u00e9s rencontr\u00e9es par les femmes migrantes victimes de violences conjugales pour conserver leur permis se s\u00e9jour.\" \/>\n<meta name=\"robots\" content=\"index, follow, max-snippet:-1, max-image-preview:large, max-video-preview:-1\" \/>\n<link rel=\"canonical\" href=\"https:\/\/csp.ch\/vaud\/violences-conjugales-et-permis-de-sejour\/\" \/>\n<meta property=\"og:locale\" content=\"fr_FR\" \/>\n<meta property=\"og:type\" content=\"article\" \/>\n<meta property=\"og:title\" content=\"Violences conjugales et permis de s\u00e9jour - CSP Vaud\" \/>\n<meta property=\"og:description\" content=\"Ce num\u00e9ro des Nouvelles traite des difficult\u00e9s rencontr\u00e9es par les femmes migrantes victimes de violences conjugales pour conserver leur permis se s\u00e9jour.\" \/>\n<meta property=\"og:url\" content=\"https:\/\/csp.ch\/vaud\/violences-conjugales-et-permis-de-sejour\/\" \/>\n<meta property=\"og:site_name\" content=\"CSP Vaud\" \/>\n<meta property=\"article:publisher\" content=\"https:\/\/www.facebook.com\/CSPSuisse\" \/>\n<meta property=\"article:published_time\" content=\"2017-07-10T14:54:03+00:00\" \/>\n<meta property=\"article:modified_time\" content=\"2017-07-10T14:57:30+00:00\" \/>\n<meta property=\"og:image\" content=\"https:\/\/csp.ch\/wp-content\/uploads\/sites\/4\/2017\/07\/CSP_NOUVELLES_JUIN_2017_Web_couv.jpg\" \/>\n\t<meta property=\"og:image:width\" content=\"1240\" \/>\n\t<meta property=\"og:image:height\" content=\"1753\" \/>\n\t<meta property=\"og:image:type\" content=\"image\/jpeg\" \/>\n<meta name=\"author\" content=\"cspvaud\" \/>\n<meta name=\"twitter:card\" content=\"summary_large_image\" \/>\n<meta name=\"twitter:label1\" content=\"\u00c9crit par\" \/>\n\t<meta name=\"twitter:data1\" content=\"cspvaud\" \/>\n\t<meta name=\"twitter:label2\" content=\"Dur\u00e9e de lecture estim\u00e9e\" \/>\n\t<meta name=\"twitter:data2\" content=\"1 minute\" \/>\n<script type=\"application\/ld+json\" class=\"yoast-schema-graph\">{\"@context\":\"https:\/\/schema.org\",\"@graph\":[{\"@type\":\"Article\",\"@id\":\"https:\/\/csp.ch\/vaud\/violences-conjugales-et-permis-de-sejour\/#article\",\"isPartOf\":{\"@id\":\"https:\/\/csp.ch\/vaud\/violences-conjugales-et-permis-de-sejour\/\"},\"author\":{\"name\":\"cspvaud\",\"@id\":\"https:\/\/csp.ch\/vaud\/#\/schema\/person\/0e2e3c0a611f671e0d9f38e9c45d1a4c\"},\"headline\":\"Violences conjugales et permis de s\u00e9jour\",\"datePublished\":\"2017-07-10T14:54:03+00:00\",\"dateModified\":\"2017-07-10T14:57:30+00:00\",\"mainEntityOfPage\":{\"@id\":\"https:\/\/csp.ch\/vaud\/violences-conjugales-et-permis-de-sejour\/\"},\"wordCount\":166,\"publisher\":{\"@id\":\"https:\/\/csp.ch\/vaud\/#organization\"},\"image\":{\"@id\":\"https:\/\/csp.ch\/vaud\/violences-conjugales-et-permis-de-sejour\/#primaryimage\"},\"thumbnailUrl\":\"https:\/\/csp.ch\/wp-content\/uploads\/sites\/4\/2017\/07\/CSP_NOUVELLES_JUIN_2017_Web_couv.jpg\",\"articleSection\":[\"Questions de migration\"],\"inLanguage\":\"fr-FR\"},{\"@type\":\"WebPage\",\"@id\":\"https:\/\/csp.ch\/vaud\/violences-conjugales-et-permis-de-sejour\/\",\"url\":\"https:\/\/csp.ch\/vaud\/violences-conjugales-et-permis-de-sejour\/\",\"name\":\"Violences conjugales et permis de s\u00e9jour - CSP Vaud\",\"isPartOf\":{\"@id\":\"https:\/\/csp.ch\/vaud\/#website\"},\"primaryImageOfPage\":{\"@id\":\"https:\/\/csp.ch\/vaud\/violences-conjugales-et-permis-de-sejour\/#primaryimage\"},\"image\":{\"@id\":\"https:\/\/csp.ch\/vaud\/violences-conjugales-et-permis-de-sejour\/#primaryimage\"},\"thumbnailUrl\":\"https:\/\/csp.ch\/wp-content\/uploads\/sites\/4\/2017\/07\/CSP_NOUVELLES_JUIN_2017_Web_couv.jpg\",\"datePublished\":\"2017-07-10T14:54:03+00:00\",\"dateModified\":\"2017-07-10T14:57:30+00:00\",\"description\":\"Ce num\u00e9ro des Nouvelles traite des difficult\u00e9s rencontr\u00e9es par les femmes migrantes victimes de violences conjugales pour conserver leur permis se s\u00e9jour.\",\"breadcrumb\":{\"@id\":\"https:\/\/csp.ch\/vaud\/violences-conjugales-et-permis-de-sejour\/#breadcrumb\"},\"inLanguage\":\"fr-FR\",\"potentialAction\":[{\"@type\":\"ReadAction\",\"target\":[\"https:\/\/csp.ch\/vaud\/violences-conjugales-et-permis-de-sejour\/\"]}]},{\"@type\":\"ImageObject\",\"inLanguage\":\"fr-FR\",\"@id\":\"https:\/\/csp.ch\/vaud\/violences-conjugales-et-permis-de-sejour\/#primaryimage\",\"url\":\"https:\/\/csp.ch\/wp-content\/uploads\/sites\/4\/2017\/07\/CSP_NOUVELLES_JUIN_2017_Web_couv.jpg\",\"contentUrl\":\"https:\/\/csp.ch\/wp-content\/uploads\/sites\/4\/2017\/07\/CSP_NOUVELLES_JUIN_2017_Web_couv.jpg\",\"width\":1240,\"height\":1753,\"caption\":\"violences conjugales et permis de s\u00e9jour\"},{\"@type\":\"BreadcrumbList\",\"@id\":\"https:\/\/csp.ch\/vaud\/violences-conjugales-et-permis-de-sejour\/#breadcrumb\",\"itemListElement\":[{\"@type\":\"ListItem\",\"position\":1,\"name\":\"Accueil\",\"item\":\"https:\/\/csp.ch\/vaud\/\"},{\"@type\":\"ListItem\",\"position\":2,\"name\":\"Violences conjugales et permis de s\u00e9jour\"}]},{\"@type\":\"WebSite\",\"@id\":\"https:\/\/csp.ch\/vaud\/#website\",\"url\":\"https:\/\/csp.ch\/vaud\/\",\"name\":\"https:\/\/csp.ch\/vaud\/\",\"description\":\"\",\"publisher\":{\"@id\":\"https:\/\/csp.ch\/vaud\/#organization\"},\"potentialAction\":[{\"@type\":\"SearchAction\",\"target\":{\"@type\":\"EntryPoint\",\"urlTemplate\":\"https:\/\/csp.ch\/vaud\/?s={search_term_string}\"},\"query-input\":{\"@type\":\"PropertyValueSpecification\",\"valueRequired\":true,\"valueName\":\"search_term_string\"}}],\"inLanguage\":\"fr-FR\"},{\"@type\":\"Organization\",\"@id\":\"https:\/\/csp.ch\/vaud\/#organization\",\"name\":\"https:\/\/csp.ch\/vaud\/\",\"url\":\"https:\/\/csp.ch\/vaud\/\",\"logo\":{\"@type\":\"ImageObject\",\"inLanguage\":\"fr-FR\",\"@id\":\"https:\/\/csp.ch\/vaud\/#\/schema\/logo\/image\/\",\"url\":\"https:\/\/csp.ch\/wp-content\/uploads\/sites\/4\/2022\/11\/Logo-CSP-VD-RVB.OK_.jpg\",\"contentUrl\":\"https:\/\/csp.ch\/wp-content\/uploads\/sites\/4\/2022\/11\/Logo-CSP-VD-RVB.OK_.jpg\",\"width\":600,\"height\":306,\"caption\":\"https:\/\/csp.ch\/vaud\/\"},\"image\":{\"@id\":\"https:\/\/csp.ch\/vaud\/#\/schema\/logo\/image\/\"},\"sameAs\":[\"https:\/\/www.facebook.com\/CSPSuisse\",\"https:\/\/www.linkedin.com\/company\/csp-vaud\/mycompany\"]},{\"@type\":\"Person\",\"@id\":\"https:\/\/csp.ch\/vaud\/#\/schema\/person\/0e2e3c0a611f671e0d9f38e9c45d1a4c\",\"name\":\"cspvaud\",\"image\":{\"@type\":\"ImageObject\",\"inLanguage\":\"fr-FR\",\"@id\":\"https:\/\/csp.ch\/vaud\/#\/schema\/person\/image\/\",\"url\":\"https:\/\/secure.gravatar.com\/avatar\/1ec2290fc6cafe5fe1e714ab17a90fad8880eef23ea050bc908a05b7cdf28dd5?s=96&d=mm&r=g\",\"contentUrl\":\"https:\/\/secure.gravatar.com\/avatar\/1ec2290fc6cafe5fe1e714ab17a90fad8880eef23ea050bc908a05b7cdf28dd5?s=96&d=mm&r=g\",\"caption\":\"cspvaud\"},\"url\":\"https:\/\/csp.ch\/vaud\/author\/cspvaud\/\"}]}<\/script>\n<!-- \/ Yoast SEO plugin. -->","yoast_head_json":{"title":"Violences conjugales et permis de s\u00e9jour - CSP Vaud","description":"Ce num\u00e9ro des Nouvelles traite des difficult\u00e9s rencontr\u00e9es par les femmes migrantes victimes de violences conjugales pour conserver leur permis se s\u00e9jour.","robots":{"index":"index","follow":"follow","max-snippet":"max-snippet:-1","max-image-preview":"max-image-preview:large","max-video-preview":"max-video-preview:-1"},"canonical":"https:\/\/csp.ch\/vaud\/violences-conjugales-et-permis-de-sejour\/","og_locale":"fr_FR","og_type":"article","og_title":"Violences conjugales et permis de s\u00e9jour - CSP Vaud","og_description":"Ce num\u00e9ro des Nouvelles traite des difficult\u00e9s rencontr\u00e9es par les femmes migrantes victimes de violences conjugales pour conserver leur permis se s\u00e9jour.","og_url":"https:\/\/csp.ch\/vaud\/violences-conjugales-et-permis-de-sejour\/","og_site_name":"CSP Vaud","article_publisher":"https:\/\/www.facebook.com\/CSPSuisse","article_published_time":"2017-07-10T14:54:03+00:00","article_modified_time":"2017-07-10T14:57:30+00:00","og_image":[{"width":1240,"height":1753,"url":"https:\/\/csp.ch\/wp-content\/uploads\/sites\/4\/2017\/07\/CSP_NOUVELLES_JUIN_2017_Web_couv.jpg","type":"image\/jpeg"}],"author":"cspvaud","twitter_card":"summary_large_image","twitter_misc":{"\u00c9crit par":"cspvaud","Dur\u00e9e de lecture estim\u00e9e":"1 minute"},"schema":{"@context":"https:\/\/schema.org","@graph":[{"@type":"Article","@id":"https:\/\/csp.ch\/vaud\/violences-conjugales-et-permis-de-sejour\/#article","isPartOf":{"@id":"https:\/\/csp.ch\/vaud\/violences-conjugales-et-permis-de-sejour\/"},"author":{"name":"cspvaud","@id":"https:\/\/csp.ch\/vaud\/#\/schema\/person\/0e2e3c0a611f671e0d9f38e9c45d1a4c"},"headline":"Violences conjugales et permis de s\u00e9jour","datePublished":"2017-07-10T14:54:03+00:00","dateModified":"2017-07-10T14:57:30+00:00","mainEntityOfPage":{"@id":"https:\/\/csp.ch\/vaud\/violences-conjugales-et-permis-de-sejour\/"},"wordCount":166,"publisher":{"@id":"https:\/\/csp.ch\/vaud\/#organization"},"image":{"@id":"https:\/\/csp.ch\/vaud\/violences-conjugales-et-permis-de-sejour\/#primaryimage"},"thumbnailUrl":"https:\/\/csp.ch\/wp-content\/uploads\/sites\/4\/2017\/07\/CSP_NOUVELLES_JUIN_2017_Web_couv.jpg","articleSection":["Questions de migration"],"inLanguage":"fr-FR"},{"@type":"WebPage","@id":"https:\/\/csp.ch\/vaud\/violences-conjugales-et-permis-de-sejour\/","url":"https:\/\/csp.ch\/vaud\/violences-conjugales-et-permis-de-sejour\/","name":"Violences conjugales et permis de s\u00e9jour - CSP Vaud","isPartOf":{"@id":"https:\/\/csp.ch\/vaud\/#website"},"primaryImageOfPage":{"@id":"https:\/\/csp.ch\/vaud\/violences-conjugales-et-permis-de-sejour\/#primaryimage"},"image":{"@id":"https:\/\/csp.ch\/vaud\/violences-conjugales-et-permis-de-sejour\/#primaryimage"},"thumbnailUrl":"https:\/\/csp.ch\/wp-content\/uploads\/sites\/4\/2017\/07\/CSP_NOUVELLES_JUIN_2017_Web_couv.jpg","datePublished":"2017-07-10T14:54:03+00:00","dateModified":"2017-07-10T14:57:30+00:00","description":"Ce num\u00e9ro des Nouvelles traite des difficult\u00e9s rencontr\u00e9es par les femmes migrantes victimes de violences conjugales pour conserver leur permis se s\u00e9jour.","breadcrumb":{"@id":"https:\/\/csp.ch\/vaud\/violences-conjugales-et-permis-de-sejour\/#breadcrumb"},"inLanguage":"fr-FR","potentialAction":[{"@type":"ReadAction","target":["https:\/\/csp.ch\/vaud\/violences-conjugales-et-permis-de-sejour\/"]}]},{"@type":"ImageObject","inLanguage":"fr-FR","@id":"https:\/\/csp.ch\/vaud\/violences-conjugales-et-permis-de-sejour\/#primaryimage","url":"https:\/\/csp.ch\/wp-content\/uploads\/sites\/4\/2017\/07\/CSP_NOUVELLES_JUIN_2017_Web_couv.jpg","contentUrl":"https:\/\/csp.ch\/wp-content\/uploads\/sites\/4\/2017\/07\/CSP_NOUVELLES_JUIN_2017_Web_couv.jpg","width":1240,"height":1753,"caption":"violences conjugales et permis de s\u00e9jour"},{"@type":"BreadcrumbList","@id":"https:\/\/csp.ch\/vaud\/violences-conjugales-et-permis-de-sejour\/#breadcrumb","itemListElement":[{"@type":"ListItem","position":1,"name":"Accueil","item":"https:\/\/csp.ch\/vaud\/"},{"@type":"ListItem","position":2,"name":"Violences conjugales et permis de s\u00e9jour"}]},{"@type":"WebSite","@id":"https:\/\/csp.ch\/vaud\/#website","url":"https:\/\/csp.ch\/vaud\/","name":"https:\/\/csp.ch\/vaud\/","description":"","publisher":{"@id":"https:\/\/csp.ch\/vaud\/#organization"},"potentialAction":[{"@type":"SearchAction","target":{"@type":"EntryPoint","urlTemplate":"https:\/\/csp.ch\/vaud\/?s={search_term_string}"},"query-input":{"@type":"PropertyValueSpecification","valueRequired":true,"valueName":"search_term_string"}}],"inLanguage":"fr-FR"},{"@type":"Organization","@id":"https:\/\/csp.ch\/vaud\/#organization","name":"https:\/\/csp.ch\/vaud\/","url":"https:\/\/csp.ch\/vaud\/","logo":{"@type":"ImageObject","inLanguage":"fr-FR","@id":"https:\/\/csp.ch\/vaud\/#\/schema\/logo\/image\/","url":"https:\/\/csp.ch\/wp-content\/uploads\/sites\/4\/2022\/11\/Logo-CSP-VD-RVB.OK_.jpg","contentUrl":"https:\/\/csp.ch\/wp-content\/uploads\/sites\/4\/2022\/11\/Logo-CSP-VD-RVB.OK_.jpg","width":600,"height":306,"caption":"https:\/\/csp.ch\/vaud\/"},"image":{"@id":"https:\/\/csp.ch\/vaud\/#\/schema\/logo\/image\/"},"sameAs":["https:\/\/www.facebook.com\/CSPSuisse","https:\/\/www.linkedin.com\/company\/csp-vaud\/mycompany"]},{"@type":"Person","@id":"https:\/\/csp.ch\/vaud\/#\/schema\/person\/0e2e3c0a611f671e0d9f38e9c45d1a4c","name":"cspvaud","image":{"@type":"ImageObject","inLanguage":"fr-FR","@id":"https:\/\/csp.ch\/vaud\/#\/schema\/person\/image\/","url":"https:\/\/secure.gravatar.com\/avatar\/1ec2290fc6cafe5fe1e714ab17a90fad8880eef23ea050bc908a05b7cdf28dd5?s=96&d=mm&r=g","contentUrl":"https:\/\/secure.gravatar.com\/avatar\/1ec2290fc6cafe5fe1e714ab17a90fad8880eef23ea050bc908a05b7cdf28dd5?s=96&d=mm&r=g","caption":"cspvaud"},"url":"https:\/\/csp.ch\/vaud\/author\/cspvaud\/"}]}},"_links":{"self":[{"href":"https:\/\/csp.ch\/vaud\/wp-json\/wp\/v2\/posts\/1712","targetHints":{"allow":["GET"]}}],"collection":[{"href":"https:\/\/csp.ch\/vaud\/wp-json\/wp\/v2\/posts"}],"about":[{"href":"https:\/\/csp.ch\/vaud\/wp-json\/wp\/v2\/types\/post"}],"author":[{"embeddable":true,"href":"https:\/\/csp.ch\/vaud\/wp-json\/wp\/v2\/users\/2"}],"replies":[{"embeddable":true,"href":"https:\/\/csp.ch\/vaud\/wp-json\/wp\/v2\/comments?post=1712"}],"version-history":[{"count":3,"href":"https:\/\/csp.ch\/vaud\/wp-json\/wp\/v2\/posts\/1712\/revisions"}],"predecessor-version":[{"id":1715,"href":"https:\/\/csp.ch\/vaud\/wp-json\/wp\/v2\/posts\/1712\/revisions\/1715"}],"wp:featuredmedia":[{"embeddable":true,"href":"https:\/\/csp.ch\/vaud\/wp-json\/wp\/v2\/media\/1697"}],"wp:attachment":[{"href":"https:\/\/csp.ch\/vaud\/wp-json\/wp\/v2\/media?parent=1712"}],"wp:term":[{"taxonomy":"category","embeddable":true,"href":"https:\/\/csp.ch\/vaud\/wp-json\/wp\/v2\/categories?post=1712"},{"taxonomy":"post_tag","embeddable":true,"href":"https:\/\/csp.ch\/vaud\/wp-json\/wp\/v2\/tags?post=1712"}],"curies":[{"name":"wp","href":"https:\/\/api.w.org\/{rel}","templated":true}]}}