{"id":1609,"date":"2014-12-15T14:42:20","date_gmt":"2014-12-15T13:42:20","guid":{"rendered":"https:\/\/csp.ch\/vaud\/?p=1609"},"modified":"2017-03-27T15:38:28","modified_gmt":"2017-03-27T14:38:28","slug":"survol-chronologique-jet-service-1984-2014","status":"publish","type":"post","link":"https:\/\/csp.ch\/vaud\/survol-chronologique-jet-service-1984-2014\/","title":{"rendered":"Survol chronologique Jet Service 1984-2014"},"content":{"rendered":"<h2>Survol chronologique Jet Service 1984-2014<\/h2>\n<p>Cette s\u00e9lection pr\u00e9sente certaines actions et projets collectifs men\u00e9s avec des partenaires de terrain, qui font partie int\u00e9grante de l\u2019histoire de Jet service. Diverses collaborations et partenariats ont abouti \u00e0 la cr\u00e9ation d\u2019associations elles m\u00eames actives sur le terrain de la pr\u00e9vention et de l\u2019action<\/p>\n<p><strong>1984 &#8211;<\/strong> Ouverture de deux permanences; la \u00abBourse du travail temporaire\u00bb pour jeunes de 18 \u00e0 25 ans et la permanence \u00abApprentis\u00bb.<\/p>\n<p><strong>1985 &#8211;<\/strong> Participation \u00e0 la cr\u00e9ation du Groupe de liaison des activit\u00e9s de jeunesse-Vaud (GLAJ)<\/p>\n<p><strong>1990<\/strong>\u00a0&#8211; Participation \u00e0 la cr\u00e9ation de l\u2019association romande CIAO.<\/p>\n<p><strong>1992 &#8211;\u00a0<\/strong>Ouverture d\u2019une Permanence des jeunes sans emplois ou au ch\u00f4mage. Participation \u00e0 la cr\u00e9ation de l\u2019association Jeunes et Travail (AJT) avec Job service et Work\u2019in.<\/p>\n<p><strong>1994 &#8211;<\/strong> D\u00e9but d\u2019un programme pilote de formation lanc\u00e9 par l\u2019AJT: le \u00abProgramme Projet Professionnel 15-22\u00bb, soutenu par l\u2019OFIAMT.<\/p>\n<p><strong>1997 &#8211;<\/strong> Participation \u00e0 la cr\u00e9ation de la CIA (Communaut\u00e9 d\u2019int\u00e9r\u00eat pour les apprenti-e-s) avec CVAJ et MD\u2019Jump Participation \u00e0 la cr\u00e9ation de l\u2019association Mobilet\u2019 avec CVAJ et MdJ.<\/p>\n<p><strong>1998 &#8211;<\/strong> Cr\u00e9ation du Service Droits des Jeunes. Ouverture d\u2019une permanence Jet dans les locaux du CSR de Prilly. Ouverture du premier Semestre de motivation, le Semo de la r\u00e9gion lausannoise, avec l\u2019association Mobilet\u2019\u00a0avec CVAJ et MdJ<\/p>\n<p><strong>1999 &#8211;<\/strong> Constitution avec des partenaires d\u2019un groupe de travail. Pr\u00e9vention et suivi des ruptures d\u2019apprentissage. Participation \u00e0 la cr\u00e9ation de l\u2019association JET Apprentis.<\/p>\n<p><strong>2000 &#8211;<\/strong> Mise en route avec d\u2019autres partenaires d\u2019un projet Jeunes adultes en difficult\u00e9 dans la r\u00e9gion lausannoise (JAD), soutenu par le canton de Vaud; ouverture de la permanence JAD.<\/p>\n<p><strong>2001\u00a0&#8211;<\/strong> Lancement du projet Pr\u00e9vention et suivi des ruptures d\u2019apprentissage: d\u00e9but du projet pilote Conseillers aux apprentie-s.<\/p>\n<p><strong>2003 &#8211;\u00a0<\/strong> Participation \u00e0 la cr\u00e9ation de l\u2019association TEM (Transition Ecole M\u00e9tier), qui regroupe les projets \u00abConseillers aux apprentis\u00bb et \u00abMa\u00eetres socioprofessionnels\u00bb.<\/p>\n<p><strong>2005 &#8211;<\/strong> Ouverture de la permanence du Jet Service Riviera (Service droits des jeunes) \u00e0 Vevey dans les locaux de Ginkgo<\/p>\n<p><strong>2006 &#8211;<\/strong> Sur demande du SPAS, l\u2019Association TEM met en place la mesure ACCEnt (Accompagnement en entreprise) pour suivre les jeunes du programme FORJAD.<\/p>\n<p><strong>2007 &#8211;<\/strong> Lancement avec le SSP du programme de pr\u00e9vention de l\u2019endettement non ma\u00eetris\u00e9 des jeunes en milieu scolaire, dans le cadre d\u2019un programme cantonal. Projet pilote men\u00e9 \u00e0 l\u2019EPSIC aupr\u00e8s de 50 classes. Cr\u00e9ation et gestion d\u2019un chapitre sur l\u2019argent sur le site ciao.ch<\/p>\n<p><strong>2010 &#8211;<\/strong> Ouverture d\u2019une permanence socio-juridique pour les \u00e9tudiant-e-s de l\u2019Ecole d\u2019\u00e9tudes sociales et p\u00e9dagogiques (EESP).<\/p>\n<p><strong>2013 &#8211;\u00a0<\/strong>Ouverture d\u2019une consultation socio-juridique pour les \u00e9tudiant-e s de la Haute Ecole d\u2019Ing\u00e9nierie et de Gestion (HEIG) d\u2019Yverdon, dans les locaux de l\u2019\u00e9cole.<\/p>\n<p>&nbsp;<\/p>\n","protected":false},"excerpt":{"rendered":"<p>Survol chronologique Jet Service 1984-2014 Cette s\u00e9lection pr\u00e9sente certaines actions et projets collectifs men\u00e9s avec des partenaires de terrain, qui font partie int\u00e9grante de l\u2019histoire de Jet service. Diverses collaborations et partenariats ont abouti \u00e0 la cr\u00e9ation d\u2019associations elles m\u00eames actives sur le terrain de la pr\u00e9vention et de l\u2019action 1984 &#8211; Ouverture de deux [&hellip;]<\/p>\n","protected":false},"author":2,"featured_media":1610,"comment_status":"closed","ping_status":"closed","sticky":false,"template":"","format":"standard","meta":{"_acf_changed":false,"footnotes":""},"categories":[23],"tags":[],"class_list":["post-1609","post","type-post","status-publish","format-standard","has-post-thumbnail","hentry","category-questions-de-jeunes"],"acf":[],"yoast_head":"<!-- This site is optimized with the Yoast SEO plugin v27.1.1 - https:\/\/yoast.com\/product\/yoast-seo-wordpress\/ -->\n<title>Survol chronologique Jet Service 1984-2014<\/title>\n<meta name=\"description\" content=\"Survol chronologique Jet Service 1984-2014 : Cette s\u00e9lection pr\u00e9sente certaines actions et projets qui font partie int\u00e9grante de l\u2019histoire de Jet service.\" \/>\n<meta name=\"robots\" content=\"index, follow, max-snippet:-1, max-image-preview:large, max-video-preview:-1\" \/>\n<link rel=\"canonical\" href=\"https:\/\/csp.ch\/vaud\/survol-chronologique-jet-service-1984-2014\/\" \/>\n<meta property=\"og:locale\" content=\"fr_FR\" \/>\n<meta property=\"og:type\" content=\"article\" \/>\n<meta property=\"og:title\" content=\"Survol chronologique Jet Service 1984-2014\" \/>\n<meta property=\"og:description\" content=\"Survol chronologique Jet Service 1984-2014 : Cette s\u00e9lection pr\u00e9sente certaines actions et projets qui font partie int\u00e9grante de l\u2019histoire de Jet service.\" \/>\n<meta property=\"og:url\" content=\"https:\/\/csp.ch\/vaud\/survol-chronologique-jet-service-1984-2014\/\" \/>\n<meta property=\"og:site_name\" content=\"CSP Vaud\" \/>\n<meta property=\"article:publisher\" content=\"https:\/\/www.facebook.com\/CSPSuisse\" \/>\n<meta property=\"article:published_time\" content=\"2014-12-15T13:42:20+00:00\" \/>\n<meta property=\"article:modified_time\" content=\"2017-03-27T14:38:28+00:00\" \/>\n<meta property=\"og:image\" content=\"https:\/\/csp.ch\/wp-content\/uploads\/sites\/4\/2017\/03\/chronologiejet.jpg\" \/>\n\t<meta property=\"og:image:width\" content=\"510\" \/>\n\t<meta property=\"og:image:height\" content=\"340\" \/>\n\t<meta property=\"og:image:type\" content=\"image\/jpeg\" \/>\n<meta name=\"author\" content=\"cspvaud\" \/>\n<meta name=\"twitter:card\" content=\"summary_large_image\" \/>\n<meta name=\"twitter:label1\" content=\"\u00c9crit par\" \/>\n\t<meta name=\"twitter:data1\" content=\"cspvaud\" \/>\n\t<meta name=\"twitter:label2\" content=\"Dur\u00e9e de lecture estim\u00e9e\" \/>\n\t<meta name=\"twitter:data2\" content=\"2 minutes\" \/>\n<script type=\"application\/ld+json\" class=\"yoast-schema-graph\">{\"@context\":\"https:\/\/schema.org\",\"@graph\":[{\"@type\":\"Article\",\"@id\":\"https:\/\/csp.ch\/vaud\/survol-chronologique-jet-service-1984-2014\/#article\",\"isPartOf\":{\"@id\":\"https:\/\/csp.ch\/vaud\/survol-chronologique-jet-service-1984-2014\/\"},\"author\":{\"name\":\"cspvaud\",\"@id\":\"https:\/\/csp.ch\/vaud\/#\/schema\/person\/0e2e3c0a611f671e0d9f38e9c45d1a4c\"},\"headline\":\"Survol chronologique Jet Service 1984-2014\",\"datePublished\":\"2014-12-15T13:42:20+00:00\",\"dateModified\":\"2017-03-27T14:38:28+00:00\",\"mainEntityOfPage\":{\"@id\":\"https:\/\/csp.ch\/vaud\/survol-chronologique-jet-service-1984-2014\/\"},\"wordCount\":480,\"publisher\":{\"@id\":\"https:\/\/csp.ch\/vaud\/#organization\"},\"image\":{\"@id\":\"https:\/\/csp.ch\/vaud\/survol-chronologique-jet-service-1984-2014\/#primaryimage\"},\"thumbnailUrl\":\"https:\/\/csp.ch\/wp-content\/uploads\/sites\/4\/2017\/03\/chronologiejet.jpg\",\"articleSection\":[\"Questions de jeunes\"],\"inLanguage\":\"fr-FR\"},{\"@type\":\"WebPage\",\"@id\":\"https:\/\/csp.ch\/vaud\/survol-chronologique-jet-service-1984-2014\/\",\"url\":\"https:\/\/csp.ch\/vaud\/survol-chronologique-jet-service-1984-2014\/\",\"name\":\"Survol chronologique Jet Service 1984-2014\",\"isPartOf\":{\"@id\":\"https:\/\/csp.ch\/vaud\/#website\"},\"primaryImageOfPage\":{\"@id\":\"https:\/\/csp.ch\/vaud\/survol-chronologique-jet-service-1984-2014\/#primaryimage\"},\"image\":{\"@id\":\"https:\/\/csp.ch\/vaud\/survol-chronologique-jet-service-1984-2014\/#primaryimage\"},\"thumbnailUrl\":\"https:\/\/csp.ch\/wp-content\/uploads\/sites\/4\/2017\/03\/chronologiejet.jpg\",\"datePublished\":\"2014-12-15T13:42:20+00:00\",\"dateModified\":\"2017-03-27T14:38:28+00:00\",\"description\":\"Survol chronologique Jet Service 1984-2014 : Cette s\u00e9lection pr\u00e9sente certaines actions et projets qui font partie int\u00e9grante de l\u2019histoire de Jet service.\",\"breadcrumb\":{\"@id\":\"https:\/\/csp.ch\/vaud\/survol-chronologique-jet-service-1984-2014\/#breadcrumb\"},\"inLanguage\":\"fr-FR\",\"potentialAction\":[{\"@type\":\"ReadAction\",\"target\":[\"https:\/\/csp.ch\/vaud\/survol-chronologique-jet-service-1984-2014\/\"]}]},{\"@type\":\"ImageObject\",\"inLanguage\":\"fr-FR\",\"@id\":\"https:\/\/csp.ch\/vaud\/survol-chronologique-jet-service-1984-2014\/#primaryimage\",\"url\":\"https:\/\/csp.ch\/wp-content\/uploads\/sites\/4\/2017\/03\/chronologiejet.jpg\",\"contentUrl\":\"https:\/\/csp.ch\/wp-content\/uploads\/sites\/4\/2017\/03\/chronologiejet.jpg\",\"width\":510,\"height\":340},{\"@type\":\"BreadcrumbList\",\"@id\":\"https:\/\/csp.ch\/vaud\/survol-chronologique-jet-service-1984-2014\/#breadcrumb\",\"itemListElement\":[{\"@type\":\"ListItem\",\"position\":1,\"name\":\"Accueil\",\"item\":\"https:\/\/csp.ch\/vaud\/\"},{\"@type\":\"ListItem\",\"position\":2,\"name\":\"Survol chronologique Jet Service 1984-2014\"}]},{\"@type\":\"WebSite\",\"@id\":\"https:\/\/csp.ch\/vaud\/#website\",\"url\":\"https:\/\/csp.ch\/vaud\/\",\"name\":\"https:\/\/csp.ch\/vaud\/\",\"description\":\"\",\"publisher\":{\"@id\":\"https:\/\/csp.ch\/vaud\/#organization\"},\"potentialAction\":[{\"@type\":\"SearchAction\",\"target\":{\"@type\":\"EntryPoint\",\"urlTemplate\":\"https:\/\/csp.ch\/vaud\/?s={search_term_string}\"},\"query-input\":{\"@type\":\"PropertyValueSpecification\",\"valueRequired\":true,\"valueName\":\"search_term_string\"}}],\"inLanguage\":\"fr-FR\"},{\"@type\":\"Organization\",\"@id\":\"https:\/\/csp.ch\/vaud\/#organization\",\"name\":\"https:\/\/csp.ch\/vaud\/\",\"url\":\"https:\/\/csp.ch\/vaud\/\",\"logo\":{\"@type\":\"ImageObject\",\"inLanguage\":\"fr-FR\",\"@id\":\"https:\/\/csp.ch\/vaud\/#\/schema\/logo\/image\/\",\"url\":\"https:\/\/csp.ch\/wp-content\/uploads\/sites\/4\/2022\/11\/Logo-CSP-VD-RVB.OK_.jpg\",\"contentUrl\":\"https:\/\/csp.ch\/wp-content\/uploads\/sites\/4\/2022\/11\/Logo-CSP-VD-RVB.OK_.jpg\",\"width\":600,\"height\":306,\"caption\":\"https:\/\/csp.ch\/vaud\/\"},\"image\":{\"@id\":\"https:\/\/csp.ch\/vaud\/#\/schema\/logo\/image\/\"},\"sameAs\":[\"https:\/\/www.facebook.com\/CSPSuisse\",\"https:\/\/www.linkedin.com\/company\/csp-vaud\/mycompany\"]},{\"@type\":\"Person\",\"@id\":\"https:\/\/csp.ch\/vaud\/#\/schema\/person\/0e2e3c0a611f671e0d9f38e9c45d1a4c\",\"name\":\"cspvaud\",\"image\":{\"@type\":\"ImageObject\",\"inLanguage\":\"fr-FR\",\"@id\":\"https:\/\/csp.ch\/vaud\/#\/schema\/person\/image\/\",\"url\":\"https:\/\/secure.gravatar.com\/avatar\/1ec2290fc6cafe5fe1e714ab17a90fad8880eef23ea050bc908a05b7cdf28dd5?s=96&d=mm&r=g\",\"contentUrl\":\"https:\/\/secure.gravatar.com\/avatar\/1ec2290fc6cafe5fe1e714ab17a90fad8880eef23ea050bc908a05b7cdf28dd5?s=96&d=mm&r=g\",\"caption\":\"cspvaud\"},\"url\":\"https:\/\/csp.ch\/vaud\/author\/cspvaud\/\"}]}<\/script>\n<!-- \/ Yoast SEO plugin. -->","yoast_head_json":{"title":"Survol chronologique Jet Service 1984-2014","description":"Survol chronologique Jet Service 1984-2014 : Cette s\u00e9lection pr\u00e9sente certaines actions et projets qui font partie int\u00e9grante de l\u2019histoire de Jet service.","robots":{"index":"index","follow":"follow","max-snippet":"max-snippet:-1","max-image-preview":"max-image-preview:large","max-video-preview":"max-video-preview:-1"},"canonical":"https:\/\/csp.ch\/vaud\/survol-chronologique-jet-service-1984-2014\/","og_locale":"fr_FR","og_type":"article","og_title":"Survol chronologique Jet Service 1984-2014","og_description":"Survol chronologique Jet Service 1984-2014 : Cette s\u00e9lection pr\u00e9sente certaines actions et projets qui font partie int\u00e9grante de l\u2019histoire de Jet service.","og_url":"https:\/\/csp.ch\/vaud\/survol-chronologique-jet-service-1984-2014\/","og_site_name":"CSP Vaud","article_publisher":"https:\/\/www.facebook.com\/CSPSuisse","article_published_time":"2014-12-15T13:42:20+00:00","article_modified_time":"2017-03-27T14:38:28+00:00","og_image":[{"width":510,"height":340,"url":"https:\/\/csp.ch\/wp-content\/uploads\/sites\/4\/2017\/03\/chronologiejet.jpg","type":"image\/jpeg"}],"author":"cspvaud","twitter_card":"summary_large_image","twitter_misc":{"\u00c9crit par":"cspvaud","Dur\u00e9e de lecture estim\u00e9e":"2 minutes"},"schema":{"@context":"https:\/\/schema.org","@graph":[{"@type":"Article","@id":"https:\/\/csp.ch\/vaud\/survol-chronologique-jet-service-1984-2014\/#article","isPartOf":{"@id":"https:\/\/csp.ch\/vaud\/survol-chronologique-jet-service-1984-2014\/"},"author":{"name":"cspvaud","@id":"https:\/\/csp.ch\/vaud\/#\/schema\/person\/0e2e3c0a611f671e0d9f38e9c45d1a4c"},"headline":"Survol chronologique Jet Service 1984-2014","datePublished":"2014-12-15T13:42:20+00:00","dateModified":"2017-03-27T14:38:28+00:00","mainEntityOfPage":{"@id":"https:\/\/csp.ch\/vaud\/survol-chronologique-jet-service-1984-2014\/"},"wordCount":480,"publisher":{"@id":"https:\/\/csp.ch\/vaud\/#organization"},"image":{"@id":"https:\/\/csp.ch\/vaud\/survol-chronologique-jet-service-1984-2014\/#primaryimage"},"thumbnailUrl":"https:\/\/csp.ch\/wp-content\/uploads\/sites\/4\/2017\/03\/chronologiejet.jpg","articleSection":["Questions de jeunes"],"inLanguage":"fr-FR"},{"@type":"WebPage","@id":"https:\/\/csp.ch\/vaud\/survol-chronologique-jet-service-1984-2014\/","url":"https:\/\/csp.ch\/vaud\/survol-chronologique-jet-service-1984-2014\/","name":"Survol chronologique Jet Service 1984-2014","isPartOf":{"@id":"https:\/\/csp.ch\/vaud\/#website"},"primaryImageOfPage":{"@id":"https:\/\/csp.ch\/vaud\/survol-chronologique-jet-service-1984-2014\/#primaryimage"},"image":{"@id":"https:\/\/csp.ch\/vaud\/survol-chronologique-jet-service-1984-2014\/#primaryimage"},"thumbnailUrl":"https:\/\/csp.ch\/wp-content\/uploads\/sites\/4\/2017\/03\/chronologiejet.jpg","datePublished":"2014-12-15T13:42:20+00:00","dateModified":"2017-03-27T14:38:28+00:00","description":"Survol chronologique Jet Service 1984-2014 : Cette s\u00e9lection pr\u00e9sente certaines actions et projets qui font partie int\u00e9grante de l\u2019histoire de Jet service.","breadcrumb":{"@id":"https:\/\/csp.ch\/vaud\/survol-chronologique-jet-service-1984-2014\/#breadcrumb"},"inLanguage":"fr-FR","potentialAction":[{"@type":"ReadAction","target":["https:\/\/csp.ch\/vaud\/survol-chronologique-jet-service-1984-2014\/"]}]},{"@type":"ImageObject","inLanguage":"fr-FR","@id":"https:\/\/csp.ch\/vaud\/survol-chronologique-jet-service-1984-2014\/#primaryimage","url":"https:\/\/csp.ch\/wp-content\/uploads\/sites\/4\/2017\/03\/chronologiejet.jpg","contentUrl":"https:\/\/csp.ch\/wp-content\/uploads\/sites\/4\/2017\/03\/chronologiejet.jpg","width":510,"height":340},{"@type":"BreadcrumbList","@id":"https:\/\/csp.ch\/vaud\/survol-chronologique-jet-service-1984-2014\/#breadcrumb","itemListElement":[{"@type":"ListItem","position":1,"name":"Accueil","item":"https:\/\/csp.ch\/vaud\/"},{"@type":"ListItem","position":2,"name":"Survol chronologique Jet Service 1984-2014"}]},{"@type":"WebSite","@id":"https:\/\/csp.ch\/vaud\/#website","url":"https:\/\/csp.ch\/vaud\/","name":"https:\/\/csp.ch\/vaud\/","description":"","publisher":{"@id":"https:\/\/csp.ch\/vaud\/#organization"},"potentialAction":[{"@type":"SearchAction","target":{"@type":"EntryPoint","urlTemplate":"https:\/\/csp.ch\/vaud\/?s={search_term_string}"},"query-input":{"@type":"PropertyValueSpecification","valueRequired":true,"valueName":"search_term_string"}}],"inLanguage":"fr-FR"},{"@type":"Organization","@id":"https:\/\/csp.ch\/vaud\/#organization","name":"https:\/\/csp.ch\/vaud\/","url":"https:\/\/csp.ch\/vaud\/","logo":{"@type":"ImageObject","inLanguage":"fr-FR","@id":"https:\/\/csp.ch\/vaud\/#\/schema\/logo\/image\/","url":"https:\/\/csp.ch\/wp-content\/uploads\/sites\/4\/2022\/11\/Logo-CSP-VD-RVB.OK_.jpg","contentUrl":"https:\/\/csp.ch\/wp-content\/uploads\/sites\/4\/2022\/11\/Logo-CSP-VD-RVB.OK_.jpg","width":600,"height":306,"caption":"https:\/\/csp.ch\/vaud\/"},"image":{"@id":"https:\/\/csp.ch\/vaud\/#\/schema\/logo\/image\/"},"sameAs":["https:\/\/www.facebook.com\/CSPSuisse","https:\/\/www.linkedin.com\/company\/csp-vaud\/mycompany"]},{"@type":"Person","@id":"https:\/\/csp.ch\/vaud\/#\/schema\/person\/0e2e3c0a611f671e0d9f38e9c45d1a4c","name":"cspvaud","image":{"@type":"ImageObject","inLanguage":"fr-FR","@id":"https:\/\/csp.ch\/vaud\/#\/schema\/person\/image\/","url":"https:\/\/secure.gravatar.com\/avatar\/1ec2290fc6cafe5fe1e714ab17a90fad8880eef23ea050bc908a05b7cdf28dd5?s=96&d=mm&r=g","contentUrl":"https:\/\/secure.gravatar.com\/avatar\/1ec2290fc6cafe5fe1e714ab17a90fad8880eef23ea050bc908a05b7cdf28dd5?s=96&d=mm&r=g","caption":"cspvaud"},"url":"https:\/\/csp.ch\/vaud\/author\/cspvaud\/"}]}},"_links":{"self":[{"href":"https:\/\/csp.ch\/vaud\/wp-json\/wp\/v2\/posts\/1609","targetHints":{"allow":["GET"]}}],"collection":[{"href":"https:\/\/csp.ch\/vaud\/wp-json\/wp\/v2\/posts"}],"about":[{"href":"https:\/\/csp.ch\/vaud\/wp-json\/wp\/v2\/types\/post"}],"author":[{"embeddable":true,"href":"https:\/\/csp.ch\/vaud\/wp-json\/wp\/v2\/users\/2"}],"replies":[{"embeddable":true,"href":"https:\/\/csp.ch\/vaud\/wp-json\/wp\/v2\/comments?post=1609"}],"version-history":[{"count":4,"href":"https:\/\/csp.ch\/vaud\/wp-json\/wp\/v2\/posts\/1609\/revisions"}],"predecessor-version":[{"id":1617,"href":"https:\/\/csp.ch\/vaud\/wp-json\/wp\/v2\/posts\/1609\/revisions\/1617"}],"wp:featuredmedia":[{"embeddable":true,"href":"https:\/\/csp.ch\/vaud\/wp-json\/wp\/v2\/media\/1610"}],"wp:attachment":[{"href":"https:\/\/csp.ch\/vaud\/wp-json\/wp\/v2\/media?parent=1609"}],"wp:term":[{"taxonomy":"category","embeddable":true,"href":"https:\/\/csp.ch\/vaud\/wp-json\/wp\/v2\/categories?post=1609"},{"taxonomy":"post_tag","embeddable":true,"href":"https:\/\/csp.ch\/vaud\/wp-json\/wp\/v2\/tags?post=1609"}],"curies":[{"name":"wp","href":"https:\/\/api.w.org\/{rel}","templated":true}]}}