{"id":1353,"date":"2016-12-12T17:39:10","date_gmt":"2016-12-12T16:39:10","guid":{"rendered":"https:\/\/csp.ch\/vaud\/?p=1353"},"modified":"2021-06-01T09:25:26","modified_gmt":"2021-06-01T08:25:26","slug":"vente-speciale","status":"publish","type":"post","link":"https:\/\/csp.ch\/vaud\/vente-speciale\/","title":{"rendered":"Vente sp\u00e9ciale de beaux objets au Galetas de Montreux"},"content":{"rendered":"<p>Le Galetas de Montreux ouvre ses portes le 17 d\u00e9cembre 2016 avec une vente sp\u00e9ciale de beaux objets d&rsquo;occasion.<\/p>\n<p>rue du March\u00e9 19<br \/>\n1820 Montreux<\/p>\n<p>de 9h \u00e0 13h<\/p>\n<p>Comment vivre No\u00ebl avec plaisir et de mani\u00e8re responsable ?<\/p>\n<p>Offrir des cadeaux\u00a0de valeur dans une brocante, des cadeaux de seconde main peuvent r\u00e9pondre \u00e0 notre souhait de partager, d&rsquo;offrir des cadeaux mais cela en s&rsquo;extirpant du consum\u00e9risme \u00e0 outrance.<\/p>\n<p>Offrir un objet d\u00e9couvert dans une brocante, c&rsquo;est transmettre un objet qui a pu \u00eatre l&rsquo;oeuvre d&rsquo;un artisan d&rsquo;un autre si\u00e8cle. Un objet qui a \u00e9t\u00e9 taill\u00e9 par la main d&rsquo;un homme, tiss\u00e9 par la main d&rsquo;une femme. Des homme et des femmes qui ont pris du temps, denr\u00e9e si rare \u00e0 notre \u00e9poque, pour concevoir avec leurs mains. Des anonymes qui ont consacr\u00e9s leur savoir-faire pour faire naitre d&rsquo;un morceaux de bois, un chaise&#8230; de la terre, une carafe d&rsquo;eau&#8230; du souffle dans le verre, un vase&#8230; de pelotes, un pull&#8230;<\/p>\n<p>Offrir un objet ancien, c&rsquo;est offrir une part d&rsquo;histoire, de tranche de vie&#8230; de notre histoire et notre patrimoine.<\/p>\n<p>Offrir un objet du Galetas, c&rsquo;est aussi faire un deuxi\u00e8me cadeau ! Le b\u00e9n\u00e9fice de votre achat sera revers\u00e9 au Centre social protestant et contribuera \u00e0 financer les quelques 12&rsquo;000 consultations juridiques donn\u00e9es gratuitement sur l&rsquo;ensemble du canton \u00e0 toute personne qui en fait la demande.<\/p>\n<p>N&rsquo;est-ce pas l\u00e0 l&rsquo;essence m\u00eame de No\u00ebl ? Le partage&#8230;<\/p>\n<p><a href=\"http:\/\/www.galetas.ch\">Tout sur les magasins d&rsquo;occasion du CSP Vaud\u00a0<\/a><\/p>\n","protected":false},"excerpt":{"rendered":"<p>Le Galetas de Montreux ouvre ses portes le 17 d\u00e9cembre 2016 avec une vente sp\u00e9ciale de beaux objets d&rsquo;occasion. rue du March\u00e9 19 1820 Montreux de 9h \u00e0 13h Comment vivre No\u00ebl avec plaisir et de mani\u00e8re responsable ? Offrir des cadeaux\u00a0de valeur dans une brocante, des cadeaux de seconde main peuvent r\u00e9pondre \u00e0 notre [&hellip;]<\/p>\n","protected":false},"author":2,"featured_media":1364,"comment_status":"closed","ping_status":"closed","sticky":false,"template":"","format":"image","meta":{"_acf_changed":false,"footnotes":""},"categories":[40],"tags":[44],"class_list":["post-1353","post","type-post","status-publish","format-image","has-post-thumbnail","hentry","category-brocantes-et-boutiques","tag-vente-speciale-de-beaux-objets-au-galetas-de-montreux","post_format-post-format-image"],"acf":[],"yoast_head":"<!-- This site is optimized with the Yoast SEO plugin v27.1.1 - https:\/\/yoast.com\/product\/yoast-seo-wordpress\/ -->\n<title>Vente sp\u00e9ciale de beaux objets au Galetas de Montreux<\/title>\n<meta name=\"description\" content=\"Une vente sp\u00e9ciale de beaux objets au Galetas de Montreux est organis\u00e9es le 17 d\u00e9cembre 2016. Une occasion de pouvoir chiner des cadeaux pour No\u00ebl.\" \/>\n<meta name=\"robots\" content=\"index, follow, max-snippet:-1, max-image-preview:large, max-video-preview:-1\" \/>\n<link rel=\"canonical\" href=\"https:\/\/csp.ch\/vaud\/vente-speciale\/\" \/>\n<meta property=\"og:locale\" content=\"fr_FR\" \/>\n<meta property=\"og:type\" content=\"article\" \/>\n<meta property=\"og:title\" content=\"Vente sp\u00e9ciale de beaux objets au Galetas de Montreux\" \/>\n<meta property=\"og:description\" content=\"Une vente sp\u00e9ciale de beaux objets au Galetas de Montreux est organis\u00e9es le 17 d\u00e9cembre 2016. Une occasion de pouvoir chiner des cadeaux pour No\u00ebl.\" \/>\n<meta property=\"og:url\" content=\"https:\/\/csp.ch\/vaud\/vente-speciale\/\" \/>\n<meta property=\"og:site_name\" content=\"CSP Vaud\" \/>\n<meta property=\"article:publisher\" content=\"https:\/\/www.facebook.com\/CSPSuisse\" \/>\n<meta property=\"article:published_time\" content=\"2016-12-12T16:39:10+00:00\" \/>\n<meta property=\"article:modified_time\" content=\"2021-06-01T08:25:26+00:00\" \/>\n<meta property=\"og:image\" content=\"https:\/\/csp.ch\/wp-content\/uploads\/sites\/4\/2016\/12\/Capture-d\u2019e\u0301cran-2016-12-12-a\u0300-14.40.49.png\" \/>\n\t<meta property=\"og:image:width\" content=\"565\" \/>\n\t<meta property=\"og:image:height\" content=\"513\" \/>\n\t<meta property=\"og:image:type\" content=\"image\/png\" \/>\n<meta name=\"author\" content=\"cspvaud\" \/>\n<meta name=\"twitter:card\" content=\"summary_large_image\" \/>\n<meta name=\"twitter:label1\" content=\"\u00c9crit par\" \/>\n\t<meta name=\"twitter:data1\" content=\"cspvaud\" \/>\n\t<meta name=\"twitter:label2\" content=\"Dur\u00e9e de lecture estim\u00e9e\" \/>\n\t<meta name=\"twitter:data2\" content=\"1 minute\" \/>\n<script type=\"application\/ld+json\" class=\"yoast-schema-graph\">{\"@context\":\"https:\/\/schema.org\",\"@graph\":[{\"@type\":\"Article\",\"@id\":\"https:\/\/csp.ch\/vaud\/vente-speciale\/#article\",\"isPartOf\":{\"@id\":\"https:\/\/csp.ch\/vaud\/vente-speciale\/\"},\"author\":{\"name\":\"cspvaud\",\"@id\":\"https:\/\/csp.ch\/vaud\/#\/schema\/person\/0e2e3c0a611f671e0d9f38e9c45d1a4c\"},\"headline\":\"Vente sp\u00e9ciale de beaux objets au Galetas de Montreux\",\"datePublished\":\"2016-12-12T16:39:10+00:00\",\"dateModified\":\"2021-06-01T08:25:26+00:00\",\"mainEntityOfPage\":{\"@id\":\"https:\/\/csp.ch\/vaud\/vente-speciale\/\"},\"wordCount\":275,\"publisher\":{\"@id\":\"https:\/\/csp.ch\/vaud\/#organization\"},\"image\":{\"@id\":\"https:\/\/csp.ch\/vaud\/vente-speciale\/#primaryimage\"},\"thumbnailUrl\":\"https:\/\/csp.ch\/wp-content\/uploads\/sites\/4\/2016\/12\/Capture-d\u2019e\u0301cran-2016-12-12-a\u0300-14.40.49.png\",\"keywords\":[\"Vente sp\u00e9ciale de beaux objets au Galetas de Montreux\"],\"articleSection\":[\"Brocantes et boutiques\"],\"inLanguage\":\"fr-FR\"},{\"@type\":\"WebPage\",\"@id\":\"https:\/\/csp.ch\/vaud\/vente-speciale\/\",\"url\":\"https:\/\/csp.ch\/vaud\/vente-speciale\/\",\"name\":\"Vente sp\u00e9ciale de beaux objets au Galetas de Montreux\",\"isPartOf\":{\"@id\":\"https:\/\/csp.ch\/vaud\/#website\"},\"primaryImageOfPage\":{\"@id\":\"https:\/\/csp.ch\/vaud\/vente-speciale\/#primaryimage\"},\"image\":{\"@id\":\"https:\/\/csp.ch\/vaud\/vente-speciale\/#primaryimage\"},\"thumbnailUrl\":\"https:\/\/csp.ch\/wp-content\/uploads\/sites\/4\/2016\/12\/Capture-d\u2019e\u0301cran-2016-12-12-a\u0300-14.40.49.png\",\"datePublished\":\"2016-12-12T16:39:10+00:00\",\"dateModified\":\"2021-06-01T08:25:26+00:00\",\"description\":\"Une vente sp\u00e9ciale de beaux objets au Galetas de Montreux est organis\u00e9es le 17 d\u00e9cembre 2016. Une occasion de pouvoir chiner des cadeaux pour No\u00ebl.\",\"breadcrumb\":{\"@id\":\"https:\/\/csp.ch\/vaud\/vente-speciale\/#breadcrumb\"},\"inLanguage\":\"fr-FR\",\"potentialAction\":[{\"@type\":\"ReadAction\",\"target\":[\"https:\/\/csp.ch\/vaud\/vente-speciale\/\"]}]},{\"@type\":\"ImageObject\",\"inLanguage\":\"fr-FR\",\"@id\":\"https:\/\/csp.ch\/vaud\/vente-speciale\/#primaryimage\",\"url\":\"https:\/\/csp.ch\/wp-content\/uploads\/sites\/4\/2016\/12\/Capture-d\u2019e\u0301cran-2016-12-12-a\u0300-14.40.49.png\",\"contentUrl\":\"https:\/\/csp.ch\/wp-content\/uploads\/sites\/4\/2016\/12\/Capture-d\u2019e\u0301cran-2016-12-12-a\u0300-14.40.49.png\",\"width\":565,\"height\":513,\"caption\":\"Noel Montreux\"},{\"@type\":\"BreadcrumbList\",\"@id\":\"https:\/\/csp.ch\/vaud\/vente-speciale\/#breadcrumb\",\"itemListElement\":[{\"@type\":\"ListItem\",\"position\":1,\"name\":\"Accueil\",\"item\":\"https:\/\/csp.ch\/vaud\/\"},{\"@type\":\"ListItem\",\"position\":2,\"name\":\"Vente sp\u00e9ciale de beaux objets au Galetas de Montreux\"}]},{\"@type\":\"WebSite\",\"@id\":\"https:\/\/csp.ch\/vaud\/#website\",\"url\":\"https:\/\/csp.ch\/vaud\/\",\"name\":\"https:\/\/csp.ch\/vaud\/\",\"description\":\"\",\"publisher\":{\"@id\":\"https:\/\/csp.ch\/vaud\/#organization\"},\"potentialAction\":[{\"@type\":\"SearchAction\",\"target\":{\"@type\":\"EntryPoint\",\"urlTemplate\":\"https:\/\/csp.ch\/vaud\/?s={search_term_string}\"},\"query-input\":{\"@type\":\"PropertyValueSpecification\",\"valueRequired\":true,\"valueName\":\"search_term_string\"}}],\"inLanguage\":\"fr-FR\"},{\"@type\":\"Organization\",\"@id\":\"https:\/\/csp.ch\/vaud\/#organization\",\"name\":\"https:\/\/csp.ch\/vaud\/\",\"url\":\"https:\/\/csp.ch\/vaud\/\",\"logo\":{\"@type\":\"ImageObject\",\"inLanguage\":\"fr-FR\",\"@id\":\"https:\/\/csp.ch\/vaud\/#\/schema\/logo\/image\/\",\"url\":\"https:\/\/csp.ch\/wp-content\/uploads\/sites\/4\/2022\/11\/Logo-CSP-VD-RVB.OK_.jpg\",\"contentUrl\":\"https:\/\/csp.ch\/wp-content\/uploads\/sites\/4\/2022\/11\/Logo-CSP-VD-RVB.OK_.jpg\",\"width\":600,\"height\":306,\"caption\":\"https:\/\/csp.ch\/vaud\/\"},\"image\":{\"@id\":\"https:\/\/csp.ch\/vaud\/#\/schema\/logo\/image\/\"},\"sameAs\":[\"https:\/\/www.facebook.com\/CSPSuisse\",\"https:\/\/www.linkedin.com\/company\/csp-vaud\/mycompany\"]},{\"@type\":\"Person\",\"@id\":\"https:\/\/csp.ch\/vaud\/#\/schema\/person\/0e2e3c0a611f671e0d9f38e9c45d1a4c\",\"name\":\"cspvaud\",\"image\":{\"@type\":\"ImageObject\",\"inLanguage\":\"fr-FR\",\"@id\":\"https:\/\/csp.ch\/vaud\/#\/schema\/person\/image\/\",\"url\":\"https:\/\/secure.gravatar.com\/avatar\/1ec2290fc6cafe5fe1e714ab17a90fad8880eef23ea050bc908a05b7cdf28dd5?s=96&d=mm&r=g\",\"contentUrl\":\"https:\/\/secure.gravatar.com\/avatar\/1ec2290fc6cafe5fe1e714ab17a90fad8880eef23ea050bc908a05b7cdf28dd5?s=96&d=mm&r=g\",\"caption\":\"cspvaud\"},\"url\":\"https:\/\/csp.ch\/vaud\/author\/cspvaud\/\"}]}<\/script>\n<!-- \/ Yoast SEO plugin. -->","yoast_head_json":{"title":"Vente sp\u00e9ciale de beaux objets au Galetas de Montreux","description":"Une vente sp\u00e9ciale de beaux objets au Galetas de Montreux est organis\u00e9es le 17 d\u00e9cembre 2016. Une occasion de pouvoir chiner des cadeaux pour No\u00ebl.","robots":{"index":"index","follow":"follow","max-snippet":"max-snippet:-1","max-image-preview":"max-image-preview:large","max-video-preview":"max-video-preview:-1"},"canonical":"https:\/\/csp.ch\/vaud\/vente-speciale\/","og_locale":"fr_FR","og_type":"article","og_title":"Vente sp\u00e9ciale de beaux objets au Galetas de Montreux","og_description":"Une vente sp\u00e9ciale de beaux objets au Galetas de Montreux est organis\u00e9es le 17 d\u00e9cembre 2016. Une occasion de pouvoir chiner des cadeaux pour No\u00ebl.","og_url":"https:\/\/csp.ch\/vaud\/vente-speciale\/","og_site_name":"CSP Vaud","article_publisher":"https:\/\/www.facebook.com\/CSPSuisse","article_published_time":"2016-12-12T16:39:10+00:00","article_modified_time":"2021-06-01T08:25:26+00:00","og_image":[{"width":565,"height":513,"url":"https:\/\/csp.ch\/wp-content\/uploads\/sites\/4\/2016\/12\/Capture-d\u2019e\u0301cran-2016-12-12-a\u0300-14.40.49.png","type":"image\/png"}],"author":"cspvaud","twitter_card":"summary_large_image","twitter_misc":{"\u00c9crit par":"cspvaud","Dur\u00e9e de lecture estim\u00e9e":"1 minute"},"schema":{"@context":"https:\/\/schema.org","@graph":[{"@type":"Article","@id":"https:\/\/csp.ch\/vaud\/vente-speciale\/#article","isPartOf":{"@id":"https:\/\/csp.ch\/vaud\/vente-speciale\/"},"author":{"name":"cspvaud","@id":"https:\/\/csp.ch\/vaud\/#\/schema\/person\/0e2e3c0a611f671e0d9f38e9c45d1a4c"},"headline":"Vente sp\u00e9ciale de beaux objets au Galetas de Montreux","datePublished":"2016-12-12T16:39:10+00:00","dateModified":"2021-06-01T08:25:26+00:00","mainEntityOfPage":{"@id":"https:\/\/csp.ch\/vaud\/vente-speciale\/"},"wordCount":275,"publisher":{"@id":"https:\/\/csp.ch\/vaud\/#organization"},"image":{"@id":"https:\/\/csp.ch\/vaud\/vente-speciale\/#primaryimage"},"thumbnailUrl":"https:\/\/csp.ch\/wp-content\/uploads\/sites\/4\/2016\/12\/Capture-d\u2019e\u0301cran-2016-12-12-a\u0300-14.40.49.png","keywords":["Vente sp\u00e9ciale de beaux objets au Galetas de Montreux"],"articleSection":["Brocantes et boutiques"],"inLanguage":"fr-FR"},{"@type":"WebPage","@id":"https:\/\/csp.ch\/vaud\/vente-speciale\/","url":"https:\/\/csp.ch\/vaud\/vente-speciale\/","name":"Vente sp\u00e9ciale de beaux objets au Galetas de Montreux","isPartOf":{"@id":"https:\/\/csp.ch\/vaud\/#website"},"primaryImageOfPage":{"@id":"https:\/\/csp.ch\/vaud\/vente-speciale\/#primaryimage"},"image":{"@id":"https:\/\/csp.ch\/vaud\/vente-speciale\/#primaryimage"},"thumbnailUrl":"https:\/\/csp.ch\/wp-content\/uploads\/sites\/4\/2016\/12\/Capture-d\u2019e\u0301cran-2016-12-12-a\u0300-14.40.49.png","datePublished":"2016-12-12T16:39:10+00:00","dateModified":"2021-06-01T08:25:26+00:00","description":"Une vente sp\u00e9ciale de beaux objets au Galetas de Montreux est organis\u00e9es le 17 d\u00e9cembre 2016. Une occasion de pouvoir chiner des cadeaux pour No\u00ebl.","breadcrumb":{"@id":"https:\/\/csp.ch\/vaud\/vente-speciale\/#breadcrumb"},"inLanguage":"fr-FR","potentialAction":[{"@type":"ReadAction","target":["https:\/\/csp.ch\/vaud\/vente-speciale\/"]}]},{"@type":"ImageObject","inLanguage":"fr-FR","@id":"https:\/\/csp.ch\/vaud\/vente-speciale\/#primaryimage","url":"https:\/\/csp.ch\/wp-content\/uploads\/sites\/4\/2016\/12\/Capture-d\u2019e\u0301cran-2016-12-12-a\u0300-14.40.49.png","contentUrl":"https:\/\/csp.ch\/wp-content\/uploads\/sites\/4\/2016\/12\/Capture-d\u2019e\u0301cran-2016-12-12-a\u0300-14.40.49.png","width":565,"height":513,"caption":"Noel Montreux"},{"@type":"BreadcrumbList","@id":"https:\/\/csp.ch\/vaud\/vente-speciale\/#breadcrumb","itemListElement":[{"@type":"ListItem","position":1,"name":"Accueil","item":"https:\/\/csp.ch\/vaud\/"},{"@type":"ListItem","position":2,"name":"Vente sp\u00e9ciale de beaux objets au Galetas de Montreux"}]},{"@type":"WebSite","@id":"https:\/\/csp.ch\/vaud\/#website","url":"https:\/\/csp.ch\/vaud\/","name":"https:\/\/csp.ch\/vaud\/","description":"","publisher":{"@id":"https:\/\/csp.ch\/vaud\/#organization"},"potentialAction":[{"@type":"SearchAction","target":{"@type":"EntryPoint","urlTemplate":"https:\/\/csp.ch\/vaud\/?s={search_term_string}"},"query-input":{"@type":"PropertyValueSpecification","valueRequired":true,"valueName":"search_term_string"}}],"inLanguage":"fr-FR"},{"@type":"Organization","@id":"https:\/\/csp.ch\/vaud\/#organization","name":"https:\/\/csp.ch\/vaud\/","url":"https:\/\/csp.ch\/vaud\/","logo":{"@type":"ImageObject","inLanguage":"fr-FR","@id":"https:\/\/csp.ch\/vaud\/#\/schema\/logo\/image\/","url":"https:\/\/csp.ch\/wp-content\/uploads\/sites\/4\/2022\/11\/Logo-CSP-VD-RVB.OK_.jpg","contentUrl":"https:\/\/csp.ch\/wp-content\/uploads\/sites\/4\/2022\/11\/Logo-CSP-VD-RVB.OK_.jpg","width":600,"height":306,"caption":"https:\/\/csp.ch\/vaud\/"},"image":{"@id":"https:\/\/csp.ch\/vaud\/#\/schema\/logo\/image\/"},"sameAs":["https:\/\/www.facebook.com\/CSPSuisse","https:\/\/www.linkedin.com\/company\/csp-vaud\/mycompany"]},{"@type":"Person","@id":"https:\/\/csp.ch\/vaud\/#\/schema\/person\/0e2e3c0a611f671e0d9f38e9c45d1a4c","name":"cspvaud","image":{"@type":"ImageObject","inLanguage":"fr-FR","@id":"https:\/\/csp.ch\/vaud\/#\/schema\/person\/image\/","url":"https:\/\/secure.gravatar.com\/avatar\/1ec2290fc6cafe5fe1e714ab17a90fad8880eef23ea050bc908a05b7cdf28dd5?s=96&d=mm&r=g","contentUrl":"https:\/\/secure.gravatar.com\/avatar\/1ec2290fc6cafe5fe1e714ab17a90fad8880eef23ea050bc908a05b7cdf28dd5?s=96&d=mm&r=g","caption":"cspvaud"},"url":"https:\/\/csp.ch\/vaud\/author\/cspvaud\/"}]}},"_links":{"self":[{"href":"https:\/\/csp.ch\/vaud\/wp-json\/wp\/v2\/posts\/1353","targetHints":{"allow":["GET"]}}],"collection":[{"href":"https:\/\/csp.ch\/vaud\/wp-json\/wp\/v2\/posts"}],"about":[{"href":"https:\/\/csp.ch\/vaud\/wp-json\/wp\/v2\/types\/post"}],"author":[{"embeddable":true,"href":"https:\/\/csp.ch\/vaud\/wp-json\/wp\/v2\/users\/2"}],"replies":[{"embeddable":true,"href":"https:\/\/csp.ch\/vaud\/wp-json\/wp\/v2\/comments?post=1353"}],"version-history":[{"count":12,"href":"https:\/\/csp.ch\/vaud\/wp-json\/wp\/v2\/posts\/1353\/revisions"}],"predecessor-version":[{"id":1373,"href":"https:\/\/csp.ch\/vaud\/wp-json\/wp\/v2\/posts\/1353\/revisions\/1373"}],"wp:featuredmedia":[{"embeddable":true,"href":"https:\/\/csp.ch\/vaud\/wp-json\/wp\/v2\/media\/1364"}],"wp:attachment":[{"href":"https:\/\/csp.ch\/vaud\/wp-json\/wp\/v2\/media?parent=1353"}],"wp:term":[{"taxonomy":"category","embeddable":true,"href":"https:\/\/csp.ch\/vaud\/wp-json\/wp\/v2\/categories?post=1353"},{"taxonomy":"post_tag","embeddable":true,"href":"https:\/\/csp.ch\/vaud\/wp-json\/wp\/v2\/tags?post=1353"}],"curies":[{"name":"wp","href":"https:\/\/api.w.org\/{rel}","templated":true}]}}