{"id":8059,"date":"2025-04-14T17:51:25","date_gmt":"2025-04-14T15:51:25","guid":{"rendered":"https:\/\/csp.ch\/neuchatel\/?p=8059"},"modified":"2025-10-30T16:19:29","modified_gmt":"2025-10-30T15:19:29","slug":"journal-des-nousvelles-de-mars-2025","status":"publish","type":"post","link":"https:\/\/csp.ch\/neuchatel\/journal-des-nousvelles-de-mars-2025\/","title":{"rendered":"Journal NOU(S)VELLES &#8211; mars 2025"},"content":{"rendered":"<div class=\"wpb-content-wrapper\"><p>[vc_row][vc_column][vc_btn title=\u00a0\u00bbLire le journal (PDF)\u00a0\u00bb css=\u00a0\u00bb\u00a0\u00bb link=\u00a0\u00bburl:https%3A%2F%2Fcsp.ch%2Fwp-content%2Fuploads%2Fsites%2F7%2F2025%2F04%2FNOUSVELLES_MARS_2025.pdf|target:_blank\u00a0\u00bb][vc_column_text](Re)trouver du sens &#8211; l&rsquo;engagement du CSP Neuch\u00e2tel en mati\u00e8re d&rsquo;insertion socio-professionnelle.\u00a0Dans son journal de mars 2025, le CSP Neuch\u00e2tel met en lumi\u00e8re ses actions en faveur de l\u2019autonomie et de l\u2019inclusion, avec des dispositifs adapt\u00e9s aux r\u00e9alit\u00e9s du terrain. Le programme de La Joliette, d\u00e9sormais enrichi d\u2019un atelier num\u00e9rique, et le travail du secteur SIMA offrent aux b\u00e9n\u00e9ficiaires des outils concrets pour rebondir, d\u00e9velopper leurs comp\u00e9tences et retrouver leur place dans la soci\u00e9t\u00e9. Un bel exemple de synergie et d&rsquo;engagement social ![\/vc_column_text][\/vc_column][\/vc_row][vc_row][vc_column][\/vc_column][\/vc_row]<\/p>\n<\/div>","protected":false},"excerpt":{"rendered":"<p>[vc_row][vc_column][vc_btn title=\u00a0\u00bbLire le journal (PDF)\u00a0\u00bb css=\u00a0\u00bb\u00a0\u00bb link=\u00a0\u00bburl:https%3A%2F%2Fcsp.ch%2Fwp-content%2Fuploads%2Fsites%2F7%2F2025%2F04%2FNOUSVELLES_MARS_2025.pdf|target:_blank\u00a0\u00bb][vc_column_text](Re)trouver du sens &#8211; l&rsquo;engagement du CSP Neuch\u00e2tel en mati\u00e8re d&rsquo;insertion socio-professionnelle.\u00a0Dans son journal de mars 2025, le CSP Neuch\u00e2tel met en lumi\u00e8re ses actions en faveur de l\u2019autonomie et de l\u2019inclusion, avec des dispositifs adapt\u00e9s aux r\u00e9alit\u00e9s du terrain. Le programme de La Joliette, d\u00e9sormais enrichi d\u2019un atelier [&hellip;]<\/p>\n","protected":false},"author":890,"featured_media":9497,"comment_status":"closed","ping_status":"closed","sticky":false,"template":"","format":"standard","meta":{"_acf_changed":false,"footnotes":""},"categories":[1],"tags":[],"class_list":["post-8059","post","type-post","status-publish","format-standard","has-post-thumbnail","hentry","category-non-classe"],"acf":[],"yoast_head":"<!-- This site is optimized with the Yoast SEO plugin v27.1.1 - https:\/\/yoast.com\/product\/yoast-seo-wordpress\/ -->\n<title>Journal NOU(S)VELLES - mars 2025 - CSP Neuch\u00e2tel<\/title>\n<meta name=\"robots\" content=\"index, follow, max-snippet:-1, max-image-preview:large, max-video-preview:-1\" \/>\n<link rel=\"canonical\" href=\"https:\/\/csp.ch\/neuchatel\/journal-des-nousvelles-de-mars-2025\/\" \/>\n<meta property=\"og:locale\" content=\"fr_FR\" \/>\n<meta property=\"og:type\" content=\"article\" \/>\n<meta property=\"og:title\" content=\"Journal NOU(S)VELLES - mars 2025 - CSP Neuch\u00e2tel\" \/>\n<meta property=\"og:description\" content=\"[vc_row][vc_column][vc_btn title=\u00a0\u00bbLire le journal (PDF)\u00a0\u00bb css=\u00a0\u00bb\u00a0\u00bb link=\u00a0\u00bburl:https%3A%2F%2Fcsp.ch%2Fwp-content%2Fuploads%2Fsites%2F7%2F2025%2F04%2FNOUSVELLES_MARS_2025.pdf|target:_blank\u00a0\u00bb][vc_column_text](Re)trouver du sens &#8211; l&rsquo;engagement du CSP Neuch\u00e2tel en mati\u00e8re d&rsquo;insertion socio-professionnelle.\u00a0Dans son journal de mars 2025, le CSP Neuch\u00e2tel met en lumi\u00e8re ses actions en faveur de l\u2019autonomie et de l\u2019inclusion, avec des dispositifs adapt\u00e9s aux r\u00e9alit\u00e9s du terrain. Le programme de La Joliette, d\u00e9sormais enrichi d\u2019un atelier [&hellip;]\" \/>\n<meta property=\"og:url\" content=\"https:\/\/csp.ch\/neuchatel\/journal-des-nousvelles-de-mars-2025\/\" \/>\n<meta property=\"og:site_name\" content=\"CSP Neuch\u00e2tel\" \/>\n<meta property=\"article:publisher\" content=\"https:\/\/www.facebook.com\/CSPSuisse\/\" \/>\n<meta property=\"article:published_time\" content=\"2025-04-14T15:51:25+00:00\" \/>\n<meta property=\"article:modified_time\" content=\"2025-10-30T15:19:29+00:00\" \/>\n<meta property=\"og:image\" content=\"https:\/\/csp.ch\/wp-content\/uploads\/sites\/7\/2025\/04\/NOUSVELLES_mars2025-1.jpg\" \/>\n\t<meta property=\"og:image:width\" content=\"1500\" \/>\n\t<meta property=\"og:image:height\" content=\"1000\" \/>\n\t<meta property=\"og:image:type\" content=\"image\/jpeg\" \/>\n<meta name=\"author\" content=\"aurelieplanas\" \/>\n<meta name=\"twitter:card\" content=\"summary_large_image\" \/>\n<meta name=\"twitter:label1\" content=\"\u00c9crit par\" \/>\n\t<meta name=\"twitter:data1\" content=\"aurelieplanas\" \/>\n\t<meta name=\"twitter:label2\" content=\"Dur\u00e9e de lecture estim\u00e9e\" \/>\n\t<meta name=\"twitter:data2\" content=\"1 minute\" \/>\n<script type=\"application\/ld+json\" class=\"yoast-schema-graph\">{\"@context\":\"https:\/\/schema.org\",\"@graph\":[{\"@type\":\"Article\",\"@id\":\"https:\/\/csp.ch\/neuchatel\/journal-des-nousvelles-de-mars-2025\/#article\",\"isPartOf\":{\"@id\":\"https:\/\/csp.ch\/neuchatel\/journal-des-nousvelles-de-mars-2025\/\"},\"author\":{\"name\":\"aurelieplanas\",\"@id\":\"https:\/\/csp.ch\/neuchatel\/#\/schema\/person\/83863aec97dc3196b96f0fab76ae2188\"},\"headline\":\"Journal NOU(S)VELLES &#8211; mars 2025\",\"datePublished\":\"2025-04-14T15:51:25+00:00\",\"dateModified\":\"2025-10-30T15:19:29+00:00\",\"mainEntityOfPage\":{\"@id\":\"https:\/\/csp.ch\/neuchatel\/journal-des-nousvelles-de-mars-2025\/\"},\"wordCount\":157,\"publisher\":{\"@id\":\"https:\/\/csp.ch\/neuchatel\/#organization\"},\"image\":{\"@id\":\"https:\/\/csp.ch\/neuchatel\/journal-des-nousvelles-de-mars-2025\/#primaryimage\"},\"thumbnailUrl\":\"https:\/\/csp.ch\/wp-content\/uploads\/sites\/7\/2025\/04\/NOUSVELLES_mars2025-1.jpg\",\"inLanguage\":\"fr-FR\"},{\"@type\":\"WebPage\",\"@id\":\"https:\/\/csp.ch\/neuchatel\/journal-des-nousvelles-de-mars-2025\/\",\"url\":\"https:\/\/csp.ch\/neuchatel\/journal-des-nousvelles-de-mars-2025\/\",\"name\":\"Journal NOU(S)VELLES - mars 2025 - CSP Neuch\u00e2tel\",\"isPartOf\":{\"@id\":\"https:\/\/csp.ch\/neuchatel\/#website\"},\"primaryImageOfPage\":{\"@id\":\"https:\/\/csp.ch\/neuchatel\/journal-des-nousvelles-de-mars-2025\/#primaryimage\"},\"image\":{\"@id\":\"https:\/\/csp.ch\/neuchatel\/journal-des-nousvelles-de-mars-2025\/#primaryimage\"},\"thumbnailUrl\":\"https:\/\/csp.ch\/wp-content\/uploads\/sites\/7\/2025\/04\/NOUSVELLES_mars2025-1.jpg\",\"datePublished\":\"2025-04-14T15:51:25+00:00\",\"dateModified\":\"2025-10-30T15:19:29+00:00\",\"breadcrumb\":{\"@id\":\"https:\/\/csp.ch\/neuchatel\/journal-des-nousvelles-de-mars-2025\/#breadcrumb\"},\"inLanguage\":\"fr-FR\",\"potentialAction\":[{\"@type\":\"ReadAction\",\"target\":[\"https:\/\/csp.ch\/neuchatel\/journal-des-nousvelles-de-mars-2025\/\"]}]},{\"@type\":\"ImageObject\",\"inLanguage\":\"fr-FR\",\"@id\":\"https:\/\/csp.ch\/neuchatel\/journal-des-nousvelles-de-mars-2025\/#primaryimage\",\"url\":\"https:\/\/csp.ch\/wp-content\/uploads\/sites\/7\/2025\/04\/NOUSVELLES_mars2025-1.jpg\",\"contentUrl\":\"https:\/\/csp.ch\/wp-content\/uploads\/sites\/7\/2025\/04\/NOUSVELLES_mars2025-1.jpg\",\"width\":1500,\"height\":1000},{\"@type\":\"BreadcrumbList\",\"@id\":\"https:\/\/csp.ch\/neuchatel\/journal-des-nousvelles-de-mars-2025\/#breadcrumb\",\"itemListElement\":[{\"@type\":\"ListItem\",\"position\":1,\"name\":\"Accueil\",\"item\":\"https:\/\/csp.ch\/neuchatel\/\"},{\"@type\":\"ListItem\",\"position\":2,\"name\":\"Journal NOU(S)VELLES &#8211; mars 2025\"}]},{\"@type\":\"WebSite\",\"@id\":\"https:\/\/csp.ch\/neuchatel\/#website\",\"url\":\"https:\/\/csp.ch\/neuchatel\/\",\"name\":\"CSP Neuch\u00e2tel\",\"description\":\"\",\"publisher\":{\"@id\":\"https:\/\/csp.ch\/neuchatel\/#organization\"},\"potentialAction\":[{\"@type\":\"SearchAction\",\"target\":{\"@type\":\"EntryPoint\",\"urlTemplate\":\"https:\/\/csp.ch\/neuchatel\/?s={search_term_string}\"},\"query-input\":{\"@type\":\"PropertyValueSpecification\",\"valueRequired\":true,\"valueName\":\"search_term_string\"}}],\"inLanguage\":\"fr-FR\"},{\"@type\":\"Organization\",\"@id\":\"https:\/\/csp.ch\/neuchatel\/#organization\",\"name\":\"CSP Neuch\u00e2tel\",\"url\":\"https:\/\/csp.ch\/neuchatel\/\",\"logo\":{\"@type\":\"ImageObject\",\"inLanguage\":\"fr-FR\",\"@id\":\"https:\/\/csp.ch\/neuchatel\/#\/schema\/logo\/image\/\",\"url\":\"https:\/\/csp.ch\/wp-content\/uploads\/sites\/7\/2020\/02\/LOGO-CSP.jpg\",\"contentUrl\":\"https:\/\/csp.ch\/wp-content\/uploads\/sites\/7\/2020\/02\/LOGO-CSP.jpg\",\"width\":667,\"height\":667,\"caption\":\"CSP Neuch\u00e2tel\"},\"image\":{\"@id\":\"https:\/\/csp.ch\/neuchatel\/#\/schema\/logo\/image\/\"},\"sameAs\":[\"https:\/\/www.facebook.com\/CSPSuisse\/\"]},{\"@type\":\"Person\",\"@id\":\"https:\/\/csp.ch\/neuchatel\/#\/schema\/person\/83863aec97dc3196b96f0fab76ae2188\",\"name\":\"aurelieplanas\",\"image\":{\"@type\":\"ImageObject\",\"inLanguage\":\"fr-FR\",\"@id\":\"https:\/\/csp.ch\/neuchatel\/#\/schema\/person\/image\/\",\"url\":\"https:\/\/secure.gravatar.com\/avatar\/20eff33a40cfd634064bdedb8d924eb4c0e54b2dfee7811b27e8ae8ec62c5252?s=96&d=mm&r=g\",\"contentUrl\":\"https:\/\/secure.gravatar.com\/avatar\/20eff33a40cfd634064bdedb8d924eb4c0e54b2dfee7811b27e8ae8ec62c5252?s=96&d=mm&r=g\",\"caption\":\"aurelieplanas\"},\"url\":\"https:\/\/csp.ch\/neuchatel\/author\/aurelieplanas\/\"}]}<\/script>\n<!-- \/ Yoast SEO plugin. -->","yoast_head_json":{"title":"Journal NOU(S)VELLES - mars 2025 - CSP Neuch\u00e2tel","robots":{"index":"index","follow":"follow","max-snippet":"max-snippet:-1","max-image-preview":"max-image-preview:large","max-video-preview":"max-video-preview:-1"},"canonical":"https:\/\/csp.ch\/neuchatel\/journal-des-nousvelles-de-mars-2025\/","og_locale":"fr_FR","og_type":"article","og_title":"Journal NOU(S)VELLES - mars 2025 - CSP Neuch\u00e2tel","og_description":"[vc_row][vc_column][vc_btn title=\u00a0\u00bbLire le journal (PDF)\u00a0\u00bb css=\u00a0\u00bb\u00a0\u00bb link=\u00a0\u00bburl:https%3A%2F%2Fcsp.ch%2Fwp-content%2Fuploads%2Fsites%2F7%2F2025%2F04%2FNOUSVELLES_MARS_2025.pdf|target:_blank\u00a0\u00bb][vc_column_text](Re)trouver du sens &#8211; l&rsquo;engagement du CSP Neuch\u00e2tel en mati\u00e8re d&rsquo;insertion socio-professionnelle.\u00a0Dans son journal de mars 2025, le CSP Neuch\u00e2tel met en lumi\u00e8re ses actions en faveur de l\u2019autonomie et de l\u2019inclusion, avec des dispositifs adapt\u00e9s aux r\u00e9alit\u00e9s du terrain. Le programme de La Joliette, d\u00e9sormais enrichi d\u2019un atelier [&hellip;]","og_url":"https:\/\/csp.ch\/neuchatel\/journal-des-nousvelles-de-mars-2025\/","og_site_name":"CSP Neuch\u00e2tel","article_publisher":"https:\/\/www.facebook.com\/CSPSuisse\/","article_published_time":"2025-04-14T15:51:25+00:00","article_modified_time":"2025-10-30T15:19:29+00:00","og_image":[{"width":1500,"height":1000,"url":"https:\/\/csp.ch\/wp-content\/uploads\/sites\/7\/2025\/04\/NOUSVELLES_mars2025-1.jpg","type":"image\/jpeg"}],"author":"aurelieplanas","twitter_card":"summary_large_image","twitter_misc":{"\u00c9crit par":"aurelieplanas","Dur\u00e9e de lecture estim\u00e9e":"1 minute"},"schema":{"@context":"https:\/\/schema.org","@graph":[{"@type":"Article","@id":"https:\/\/csp.ch\/neuchatel\/journal-des-nousvelles-de-mars-2025\/#article","isPartOf":{"@id":"https:\/\/csp.ch\/neuchatel\/journal-des-nousvelles-de-mars-2025\/"},"author":{"name":"aurelieplanas","@id":"https:\/\/csp.ch\/neuchatel\/#\/schema\/person\/83863aec97dc3196b96f0fab76ae2188"},"headline":"Journal NOU(S)VELLES &#8211; mars 2025","datePublished":"2025-04-14T15:51:25+00:00","dateModified":"2025-10-30T15:19:29+00:00","mainEntityOfPage":{"@id":"https:\/\/csp.ch\/neuchatel\/journal-des-nousvelles-de-mars-2025\/"},"wordCount":157,"publisher":{"@id":"https:\/\/csp.ch\/neuchatel\/#organization"},"image":{"@id":"https:\/\/csp.ch\/neuchatel\/journal-des-nousvelles-de-mars-2025\/#primaryimage"},"thumbnailUrl":"https:\/\/csp.ch\/wp-content\/uploads\/sites\/7\/2025\/04\/NOUSVELLES_mars2025-1.jpg","inLanguage":"fr-FR"},{"@type":"WebPage","@id":"https:\/\/csp.ch\/neuchatel\/journal-des-nousvelles-de-mars-2025\/","url":"https:\/\/csp.ch\/neuchatel\/journal-des-nousvelles-de-mars-2025\/","name":"Journal NOU(S)VELLES - mars 2025 - CSP Neuch\u00e2tel","isPartOf":{"@id":"https:\/\/csp.ch\/neuchatel\/#website"},"primaryImageOfPage":{"@id":"https:\/\/csp.ch\/neuchatel\/journal-des-nousvelles-de-mars-2025\/#primaryimage"},"image":{"@id":"https:\/\/csp.ch\/neuchatel\/journal-des-nousvelles-de-mars-2025\/#primaryimage"},"thumbnailUrl":"https:\/\/csp.ch\/wp-content\/uploads\/sites\/7\/2025\/04\/NOUSVELLES_mars2025-1.jpg","datePublished":"2025-04-14T15:51:25+00:00","dateModified":"2025-10-30T15:19:29+00:00","breadcrumb":{"@id":"https:\/\/csp.ch\/neuchatel\/journal-des-nousvelles-de-mars-2025\/#breadcrumb"},"inLanguage":"fr-FR","potentialAction":[{"@type":"ReadAction","target":["https:\/\/csp.ch\/neuchatel\/journal-des-nousvelles-de-mars-2025\/"]}]},{"@type":"ImageObject","inLanguage":"fr-FR","@id":"https:\/\/csp.ch\/neuchatel\/journal-des-nousvelles-de-mars-2025\/#primaryimage","url":"https:\/\/csp.ch\/wp-content\/uploads\/sites\/7\/2025\/04\/NOUSVELLES_mars2025-1.jpg","contentUrl":"https:\/\/csp.ch\/wp-content\/uploads\/sites\/7\/2025\/04\/NOUSVELLES_mars2025-1.jpg","width":1500,"height":1000},{"@type":"BreadcrumbList","@id":"https:\/\/csp.ch\/neuchatel\/journal-des-nousvelles-de-mars-2025\/#breadcrumb","itemListElement":[{"@type":"ListItem","position":1,"name":"Accueil","item":"https:\/\/csp.ch\/neuchatel\/"},{"@type":"ListItem","position":2,"name":"Journal NOU(S)VELLES &#8211; mars 2025"}]},{"@type":"WebSite","@id":"https:\/\/csp.ch\/neuchatel\/#website","url":"https:\/\/csp.ch\/neuchatel\/","name":"CSP Neuch\u00e2tel","description":"","publisher":{"@id":"https:\/\/csp.ch\/neuchatel\/#organization"},"potentialAction":[{"@type":"SearchAction","target":{"@type":"EntryPoint","urlTemplate":"https:\/\/csp.ch\/neuchatel\/?s={search_term_string}"},"query-input":{"@type":"PropertyValueSpecification","valueRequired":true,"valueName":"search_term_string"}}],"inLanguage":"fr-FR"},{"@type":"Organization","@id":"https:\/\/csp.ch\/neuchatel\/#organization","name":"CSP Neuch\u00e2tel","url":"https:\/\/csp.ch\/neuchatel\/","logo":{"@type":"ImageObject","inLanguage":"fr-FR","@id":"https:\/\/csp.ch\/neuchatel\/#\/schema\/logo\/image\/","url":"https:\/\/csp.ch\/wp-content\/uploads\/sites\/7\/2020\/02\/LOGO-CSP.jpg","contentUrl":"https:\/\/csp.ch\/wp-content\/uploads\/sites\/7\/2020\/02\/LOGO-CSP.jpg","width":667,"height":667,"caption":"CSP Neuch\u00e2tel"},"image":{"@id":"https:\/\/csp.ch\/neuchatel\/#\/schema\/logo\/image\/"},"sameAs":["https:\/\/www.facebook.com\/CSPSuisse\/"]},{"@type":"Person","@id":"https:\/\/csp.ch\/neuchatel\/#\/schema\/person\/83863aec97dc3196b96f0fab76ae2188","name":"aurelieplanas","image":{"@type":"ImageObject","inLanguage":"fr-FR","@id":"https:\/\/csp.ch\/neuchatel\/#\/schema\/person\/image\/","url":"https:\/\/secure.gravatar.com\/avatar\/20eff33a40cfd634064bdedb8d924eb4c0e54b2dfee7811b27e8ae8ec62c5252?s=96&d=mm&r=g","contentUrl":"https:\/\/secure.gravatar.com\/avatar\/20eff33a40cfd634064bdedb8d924eb4c0e54b2dfee7811b27e8ae8ec62c5252?s=96&d=mm&r=g","caption":"aurelieplanas"},"url":"https:\/\/csp.ch\/neuchatel\/author\/aurelieplanas\/"}]}},"_links":{"self":[{"href":"https:\/\/csp.ch\/neuchatel\/wp-json\/wp\/v2\/posts\/8059","targetHints":{"allow":["GET"]}}],"collection":[{"href":"https:\/\/csp.ch\/neuchatel\/wp-json\/wp\/v2\/posts"}],"about":[{"href":"https:\/\/csp.ch\/neuchatel\/wp-json\/wp\/v2\/types\/post"}],"author":[{"embeddable":true,"href":"https:\/\/csp.ch\/neuchatel\/wp-json\/wp\/v2\/users\/890"}],"replies":[{"embeddable":true,"href":"https:\/\/csp.ch\/neuchatel\/wp-json\/wp\/v2\/comments?post=8059"}],"version-history":[{"count":4,"href":"https:\/\/csp.ch\/neuchatel\/wp-json\/wp\/v2\/posts\/8059\/revisions"}],"predecessor-version":[{"id":9933,"href":"https:\/\/csp.ch\/neuchatel\/wp-json\/wp\/v2\/posts\/8059\/revisions\/9933"}],"wp:featuredmedia":[{"embeddable":true,"href":"https:\/\/csp.ch\/neuchatel\/wp-json\/wp\/v2\/media\/9497"}],"wp:attachment":[{"href":"https:\/\/csp.ch\/neuchatel\/wp-json\/wp\/v2\/media?parent=8059"}],"wp:term":[{"taxonomy":"category","embeddable":true,"href":"https:\/\/csp.ch\/neuchatel\/wp-json\/wp\/v2\/categories?post=8059"},{"taxonomy":"post_tag","embeddable":true,"href":"https:\/\/csp.ch\/neuchatel\/wp-json\/wp\/v2\/tags?post=8059"}],"curies":[{"name":"wp","href":"https:\/\/api.w.org\/{rel}","templated":true}]}}