{"id":5237,"date":"2024-06-27T11:56:31","date_gmt":"2024-06-27T09:56:31","guid":{"rendered":"https:\/\/csp.ch\/neuchatel\/?p=5237"},"modified":"2024-06-27T11:56:31","modified_gmt":"2024-06-27T09:56:31","slug":"podcast-le-cauchemar-de-la-boite-aux-lettres","status":"publish","type":"post","link":"https:\/\/csp.ch\/neuchatel\/podcast-le-cauchemar-de-la-boite-aux-lettres\/","title":{"rendered":"Podcast &#8211; \u00ab\u00a0Le cauchemar de la bo\u00eete aux lettres\u00a0\u00bb"},"content":{"rendered":"<p>No\u00e9mie K\u00fchner, assistance sociale au secteur Social &#8211; pr\u00e9vention et d\u00e9sendettement du CSP Neuch\u00e2tel, a particip\u00e9 au podcast de VoixSociales. Ce dernier est enregistr\u00e9 par Mathilde et permet aux travailleur.euse.s sociaux.ales de s&rsquo;exprimer et de briser les tabous sur certaines probl\u00e9matiques rencontr\u00e9es par la population.<\/p>\n<p>L\u00e9a, jeune femme de 26 ans, a accept\u00e9 de t\u00e9moigner et de parler de son \u00ab\u00a0cauchemar de la bo\u00eete aux lettres\u00a0\u00bb. Dans ce moment difficile, L\u00e9a a trouv\u00e9 du soutien aupr\u00e8s du CSP Neuch\u00e2tel et de No\u00e9mie. Cette derni\u00e8re a mis en place un plan d&rsquo;action pour g\u00e9rer ses dettes et l&rsquo;aider \u00e0 sortir de cette spirale de l&rsquo;endettement. D\u00e9couvrez un t\u00e9moignage touchant mais aussi ax\u00e9 sur la pr\u00e9vention et l&rsquo;importance de demander de l&rsquo;aide le plus rapidement possible.<\/p>\n<p><a href=\"https:\/\/avenirsocial.ch\/fr\/publications\/voixsociales\/\">https:\/\/avenirsocial.ch\/fr\/publications\/voixsociales\/<\/a><\/p>\n<p>&nbsp;<\/p>\n<p>Si vous avez besoin d&rsquo;aide, n&rsquo;attendez plus et inscrivez-vous dans notre prochain accueil collectif.<\/p>\n<p><a href=\"https:\/\/csp.ch\/neuchatel\/services\/questions-dargent\/#1444652619418-4f8dc690-c7c2\">https:\/\/csp.ch\/neuchatel\/services\/questions-dargent\/#1444652619418-4f8dc690-c7c2<\/a><\/p>\n","protected":false},"excerpt":{"rendered":"<p>No\u00e9mie K\u00fchner, assistance sociale au secteur Social &#8211; pr\u00e9vention et d\u00e9sendettement du CSP Neuch\u00e2tel, a particip\u00e9 au podcast de VoixSociales. Ce dernier est enregistr\u00e9 par Mathilde et permet aux travailleur.euse.s sociaux.ales de s&rsquo;exprimer et de briser les tabous sur certaines probl\u00e9matiques rencontr\u00e9es par la population. L\u00e9a, jeune femme de 26 ans, a accept\u00e9 de t\u00e9moigner [&hellip;]<\/p>\n","protected":false},"author":389,"featured_media":5240,"comment_status":"closed","ping_status":"closed","sticky":false,"template":"","format":"standard","meta":{"_acf_changed":false,"footnotes":""},"categories":[1],"tags":[],"class_list":["post-5237","post","type-post","status-publish","format-standard","has-post-thumbnail","hentry","category-non-classe"],"acf":[],"yoast_head":"<!-- This site is optimized with the Yoast SEO plugin v27.1.1 - https:\/\/yoast.com\/product\/yoast-seo-wordpress\/ -->\n<title>Podcast - &quot;Le cauchemar de la bo\u00eete aux lettres&quot; - CSP Neuch\u00e2tel<\/title>\n<meta name=\"description\" content=\"No\u00e9mie K\u00fchner, assistance sociale au secteur Social - pr\u00e9vention et d\u00e9sendettement du CSP Neuch\u00e2tel, a particip\u00e9 au podcast de VoixSociales\" \/>\n<meta name=\"robots\" content=\"index, follow, max-snippet:-1, max-image-preview:large, max-video-preview:-1\" \/>\n<link rel=\"canonical\" href=\"https:\/\/csp.ch\/neuchatel\/podcast-le-cauchemar-de-la-boite-aux-lettres\/\" \/>\n<meta property=\"og:locale\" content=\"fr_FR\" \/>\n<meta property=\"og:type\" content=\"article\" \/>\n<meta property=\"og:title\" content=\"Podcast - &quot;Le cauchemar de la bo\u00eete aux lettres&quot; - CSP Neuch\u00e2tel\" \/>\n<meta property=\"og:description\" content=\"No\u00e9mie K\u00fchner, assistance sociale au secteur Social - pr\u00e9vention et d\u00e9sendettement du CSP Neuch\u00e2tel, a particip\u00e9 au podcast de VoixSociales\" \/>\n<meta property=\"og:url\" content=\"https:\/\/csp.ch\/neuchatel\/podcast-le-cauchemar-de-la-boite-aux-lettres\/\" \/>\n<meta property=\"og:site_name\" content=\"CSP Neuch\u00e2tel\" \/>\n<meta property=\"article:publisher\" content=\"https:\/\/www.facebook.com\/CSPSuisse\/\" \/>\n<meta property=\"article:published_time\" content=\"2024-06-27T09:56:31+00:00\" \/>\n<meta property=\"og:image\" content=\"https:\/\/csp.ch\/wp-content\/uploads\/sites\/7\/2024\/06\/Podcast.png\" \/>\n\t<meta property=\"og:image:width\" content=\"2313\" \/>\n\t<meta property=\"og:image:height\" content=\"1125\" \/>\n\t<meta property=\"og:image:type\" content=\"image\/png\" \/>\n<meta name=\"author\" content=\"proy\" \/>\n<meta name=\"twitter:card\" content=\"summary_large_image\" \/>\n<meta name=\"twitter:label1\" content=\"\u00c9crit par\" \/>\n\t<meta name=\"twitter:data1\" content=\"proy\" \/>\n\t<meta name=\"twitter:label2\" content=\"Dur\u00e9e de lecture estim\u00e9e\" \/>\n\t<meta name=\"twitter:data2\" content=\"1 minute\" \/>\n<script type=\"application\/ld+json\" class=\"yoast-schema-graph\">{\"@context\":\"https:\/\/schema.org\",\"@graph\":[{\"@type\":\"Article\",\"@id\":\"https:\/\/csp.ch\/neuchatel\/podcast-le-cauchemar-de-la-boite-aux-lettres\/#article\",\"isPartOf\":{\"@id\":\"https:\/\/csp.ch\/neuchatel\/podcast-le-cauchemar-de-la-boite-aux-lettres\/\"},\"author\":{\"name\":\"proy\",\"@id\":\"https:\/\/csp.ch\/neuchatel\/#\/schema\/person\/bc5c0c5efcb1e2d90e28fa2f2c71dfe7\"},\"headline\":\"Podcast &#8211; \u00ab\u00a0Le cauchemar de la bo\u00eete aux lettres\u00a0\u00bb\",\"datePublished\":\"2024-06-27T09:56:31+00:00\",\"mainEntityOfPage\":{\"@id\":\"https:\/\/csp.ch\/neuchatel\/podcast-le-cauchemar-de-la-boite-aux-lettres\/\"},\"wordCount\":194,\"publisher\":{\"@id\":\"https:\/\/csp.ch\/neuchatel\/#organization\"},\"image\":{\"@id\":\"https:\/\/csp.ch\/neuchatel\/podcast-le-cauchemar-de-la-boite-aux-lettres\/#primaryimage\"},\"thumbnailUrl\":\"https:\/\/csp.ch\/wp-content\/uploads\/sites\/7\/2024\/06\/Podcast.png\",\"inLanguage\":\"fr-FR\"},{\"@type\":\"WebPage\",\"@id\":\"https:\/\/csp.ch\/neuchatel\/podcast-le-cauchemar-de-la-boite-aux-lettres\/\",\"url\":\"https:\/\/csp.ch\/neuchatel\/podcast-le-cauchemar-de-la-boite-aux-lettres\/\",\"name\":\"Podcast - \\\"Le cauchemar de la bo\u00eete aux lettres\\\" - CSP Neuch\u00e2tel\",\"isPartOf\":{\"@id\":\"https:\/\/csp.ch\/neuchatel\/#website\"},\"primaryImageOfPage\":{\"@id\":\"https:\/\/csp.ch\/neuchatel\/podcast-le-cauchemar-de-la-boite-aux-lettres\/#primaryimage\"},\"image\":{\"@id\":\"https:\/\/csp.ch\/neuchatel\/podcast-le-cauchemar-de-la-boite-aux-lettres\/#primaryimage\"},\"thumbnailUrl\":\"https:\/\/csp.ch\/wp-content\/uploads\/sites\/7\/2024\/06\/Podcast.png\",\"datePublished\":\"2024-06-27T09:56:31+00:00\",\"description\":\"No\u00e9mie K\u00fchner, assistance sociale au secteur Social - pr\u00e9vention et d\u00e9sendettement du CSP Neuch\u00e2tel, a particip\u00e9 au podcast de VoixSociales\",\"breadcrumb\":{\"@id\":\"https:\/\/csp.ch\/neuchatel\/podcast-le-cauchemar-de-la-boite-aux-lettres\/#breadcrumb\"},\"inLanguage\":\"fr-FR\",\"potentialAction\":[{\"@type\":\"ReadAction\",\"target\":[\"https:\/\/csp.ch\/neuchatel\/podcast-le-cauchemar-de-la-boite-aux-lettres\/\"]}]},{\"@type\":\"ImageObject\",\"inLanguage\":\"fr-FR\",\"@id\":\"https:\/\/csp.ch\/neuchatel\/podcast-le-cauchemar-de-la-boite-aux-lettres\/#primaryimage\",\"url\":\"https:\/\/csp.ch\/wp-content\/uploads\/sites\/7\/2024\/06\/Podcast.png\",\"contentUrl\":\"https:\/\/csp.ch\/wp-content\/uploads\/sites\/7\/2024\/06\/Podcast.png\",\"width\":2313,\"height\":1125,\"caption\":\"Femmes enregistrant un podcast\"},{\"@type\":\"BreadcrumbList\",\"@id\":\"https:\/\/csp.ch\/neuchatel\/podcast-le-cauchemar-de-la-boite-aux-lettres\/#breadcrumb\",\"itemListElement\":[{\"@type\":\"ListItem\",\"position\":1,\"name\":\"Accueil\",\"item\":\"https:\/\/csp.ch\/neuchatel\/\"},{\"@type\":\"ListItem\",\"position\":2,\"name\":\"Podcast &#8211; \u00ab\u00a0Le cauchemar de la bo\u00eete aux lettres\u00a0\u00bb\"}]},{\"@type\":\"WebSite\",\"@id\":\"https:\/\/csp.ch\/neuchatel\/#website\",\"url\":\"https:\/\/csp.ch\/neuchatel\/\",\"name\":\"CSP Neuch\u00e2tel\",\"description\":\"\",\"publisher\":{\"@id\":\"https:\/\/csp.ch\/neuchatel\/#organization\"},\"potentialAction\":[{\"@type\":\"SearchAction\",\"target\":{\"@type\":\"EntryPoint\",\"urlTemplate\":\"https:\/\/csp.ch\/neuchatel\/?s={search_term_string}\"},\"query-input\":{\"@type\":\"PropertyValueSpecification\",\"valueRequired\":true,\"valueName\":\"search_term_string\"}}],\"inLanguage\":\"fr-FR\"},{\"@type\":\"Organization\",\"@id\":\"https:\/\/csp.ch\/neuchatel\/#organization\",\"name\":\"CSP Neuch\u00e2tel\",\"url\":\"https:\/\/csp.ch\/neuchatel\/\",\"logo\":{\"@type\":\"ImageObject\",\"inLanguage\":\"fr-FR\",\"@id\":\"https:\/\/csp.ch\/neuchatel\/#\/schema\/logo\/image\/\",\"url\":\"https:\/\/csp.ch\/wp-content\/uploads\/sites\/7\/2020\/02\/LOGO-CSP.jpg\",\"contentUrl\":\"https:\/\/csp.ch\/wp-content\/uploads\/sites\/7\/2020\/02\/LOGO-CSP.jpg\",\"width\":667,\"height\":667,\"caption\":\"CSP Neuch\u00e2tel\"},\"image\":{\"@id\":\"https:\/\/csp.ch\/neuchatel\/#\/schema\/logo\/image\/\"},\"sameAs\":[\"https:\/\/www.facebook.com\/CSPSuisse\/\"]},{\"@type\":\"Person\",\"@id\":\"https:\/\/csp.ch\/neuchatel\/#\/schema\/person\/bc5c0c5efcb1e2d90e28fa2f2c71dfe7\",\"name\":\"proy\",\"image\":{\"@type\":\"ImageObject\",\"inLanguage\":\"fr-FR\",\"@id\":\"https:\/\/csp.ch\/neuchatel\/#\/schema\/person\/image\/\",\"url\":\"https:\/\/secure.gravatar.com\/avatar\/66c622611c464cec8b09d44efd107a222ae75b51ccff1b4c7c845aafde17db3b?s=96&d=mm&r=g\",\"contentUrl\":\"https:\/\/secure.gravatar.com\/avatar\/66c622611c464cec8b09d44efd107a222ae75b51ccff1b4c7c845aafde17db3b?s=96&d=mm&r=g\",\"caption\":\"proy\"},\"url\":\"https:\/\/csp.ch\/neuchatel\/author\/proy\/\"}]}<\/script>\n<!-- \/ Yoast SEO plugin. -->","yoast_head_json":{"title":"Podcast - \"Le cauchemar de la bo\u00eete aux lettres\" - CSP Neuch\u00e2tel","description":"No\u00e9mie K\u00fchner, assistance sociale au secteur Social - pr\u00e9vention et d\u00e9sendettement du CSP Neuch\u00e2tel, a particip\u00e9 au podcast de VoixSociales","robots":{"index":"index","follow":"follow","max-snippet":"max-snippet:-1","max-image-preview":"max-image-preview:large","max-video-preview":"max-video-preview:-1"},"canonical":"https:\/\/csp.ch\/neuchatel\/podcast-le-cauchemar-de-la-boite-aux-lettres\/","og_locale":"fr_FR","og_type":"article","og_title":"Podcast - \"Le cauchemar de la bo\u00eete aux lettres\" - CSP Neuch\u00e2tel","og_description":"No\u00e9mie K\u00fchner, assistance sociale au secteur Social - pr\u00e9vention et d\u00e9sendettement du CSP Neuch\u00e2tel, a particip\u00e9 au podcast de VoixSociales","og_url":"https:\/\/csp.ch\/neuchatel\/podcast-le-cauchemar-de-la-boite-aux-lettres\/","og_site_name":"CSP Neuch\u00e2tel","article_publisher":"https:\/\/www.facebook.com\/CSPSuisse\/","article_published_time":"2024-06-27T09:56:31+00:00","og_image":[{"width":2313,"height":1125,"url":"https:\/\/csp.ch\/wp-content\/uploads\/sites\/7\/2024\/06\/Podcast.png","type":"image\/png"}],"author":"proy","twitter_card":"summary_large_image","twitter_misc":{"\u00c9crit par":"proy","Dur\u00e9e de lecture estim\u00e9e":"1 minute"},"schema":{"@context":"https:\/\/schema.org","@graph":[{"@type":"Article","@id":"https:\/\/csp.ch\/neuchatel\/podcast-le-cauchemar-de-la-boite-aux-lettres\/#article","isPartOf":{"@id":"https:\/\/csp.ch\/neuchatel\/podcast-le-cauchemar-de-la-boite-aux-lettres\/"},"author":{"name":"proy","@id":"https:\/\/csp.ch\/neuchatel\/#\/schema\/person\/bc5c0c5efcb1e2d90e28fa2f2c71dfe7"},"headline":"Podcast &#8211; \u00ab\u00a0Le cauchemar de la bo\u00eete aux lettres\u00a0\u00bb","datePublished":"2024-06-27T09:56:31+00:00","mainEntityOfPage":{"@id":"https:\/\/csp.ch\/neuchatel\/podcast-le-cauchemar-de-la-boite-aux-lettres\/"},"wordCount":194,"publisher":{"@id":"https:\/\/csp.ch\/neuchatel\/#organization"},"image":{"@id":"https:\/\/csp.ch\/neuchatel\/podcast-le-cauchemar-de-la-boite-aux-lettres\/#primaryimage"},"thumbnailUrl":"https:\/\/csp.ch\/wp-content\/uploads\/sites\/7\/2024\/06\/Podcast.png","inLanguage":"fr-FR"},{"@type":"WebPage","@id":"https:\/\/csp.ch\/neuchatel\/podcast-le-cauchemar-de-la-boite-aux-lettres\/","url":"https:\/\/csp.ch\/neuchatel\/podcast-le-cauchemar-de-la-boite-aux-lettres\/","name":"Podcast - \"Le cauchemar de la bo\u00eete aux lettres\" - CSP Neuch\u00e2tel","isPartOf":{"@id":"https:\/\/csp.ch\/neuchatel\/#website"},"primaryImageOfPage":{"@id":"https:\/\/csp.ch\/neuchatel\/podcast-le-cauchemar-de-la-boite-aux-lettres\/#primaryimage"},"image":{"@id":"https:\/\/csp.ch\/neuchatel\/podcast-le-cauchemar-de-la-boite-aux-lettres\/#primaryimage"},"thumbnailUrl":"https:\/\/csp.ch\/wp-content\/uploads\/sites\/7\/2024\/06\/Podcast.png","datePublished":"2024-06-27T09:56:31+00:00","description":"No\u00e9mie K\u00fchner, assistance sociale au secteur Social - pr\u00e9vention et d\u00e9sendettement du CSP Neuch\u00e2tel, a particip\u00e9 au podcast de VoixSociales","breadcrumb":{"@id":"https:\/\/csp.ch\/neuchatel\/podcast-le-cauchemar-de-la-boite-aux-lettres\/#breadcrumb"},"inLanguage":"fr-FR","potentialAction":[{"@type":"ReadAction","target":["https:\/\/csp.ch\/neuchatel\/podcast-le-cauchemar-de-la-boite-aux-lettres\/"]}]},{"@type":"ImageObject","inLanguage":"fr-FR","@id":"https:\/\/csp.ch\/neuchatel\/podcast-le-cauchemar-de-la-boite-aux-lettres\/#primaryimage","url":"https:\/\/csp.ch\/wp-content\/uploads\/sites\/7\/2024\/06\/Podcast.png","contentUrl":"https:\/\/csp.ch\/wp-content\/uploads\/sites\/7\/2024\/06\/Podcast.png","width":2313,"height":1125,"caption":"Femmes enregistrant un podcast"},{"@type":"BreadcrumbList","@id":"https:\/\/csp.ch\/neuchatel\/podcast-le-cauchemar-de-la-boite-aux-lettres\/#breadcrumb","itemListElement":[{"@type":"ListItem","position":1,"name":"Accueil","item":"https:\/\/csp.ch\/neuchatel\/"},{"@type":"ListItem","position":2,"name":"Podcast &#8211; \u00ab\u00a0Le cauchemar de la bo\u00eete aux lettres\u00a0\u00bb"}]},{"@type":"WebSite","@id":"https:\/\/csp.ch\/neuchatel\/#website","url":"https:\/\/csp.ch\/neuchatel\/","name":"CSP Neuch\u00e2tel","description":"","publisher":{"@id":"https:\/\/csp.ch\/neuchatel\/#organization"},"potentialAction":[{"@type":"SearchAction","target":{"@type":"EntryPoint","urlTemplate":"https:\/\/csp.ch\/neuchatel\/?s={search_term_string}"},"query-input":{"@type":"PropertyValueSpecification","valueRequired":true,"valueName":"search_term_string"}}],"inLanguage":"fr-FR"},{"@type":"Organization","@id":"https:\/\/csp.ch\/neuchatel\/#organization","name":"CSP Neuch\u00e2tel","url":"https:\/\/csp.ch\/neuchatel\/","logo":{"@type":"ImageObject","inLanguage":"fr-FR","@id":"https:\/\/csp.ch\/neuchatel\/#\/schema\/logo\/image\/","url":"https:\/\/csp.ch\/wp-content\/uploads\/sites\/7\/2020\/02\/LOGO-CSP.jpg","contentUrl":"https:\/\/csp.ch\/wp-content\/uploads\/sites\/7\/2020\/02\/LOGO-CSP.jpg","width":667,"height":667,"caption":"CSP Neuch\u00e2tel"},"image":{"@id":"https:\/\/csp.ch\/neuchatel\/#\/schema\/logo\/image\/"},"sameAs":["https:\/\/www.facebook.com\/CSPSuisse\/"]},{"@type":"Person","@id":"https:\/\/csp.ch\/neuchatel\/#\/schema\/person\/bc5c0c5efcb1e2d90e28fa2f2c71dfe7","name":"proy","image":{"@type":"ImageObject","inLanguage":"fr-FR","@id":"https:\/\/csp.ch\/neuchatel\/#\/schema\/person\/image\/","url":"https:\/\/secure.gravatar.com\/avatar\/66c622611c464cec8b09d44efd107a222ae75b51ccff1b4c7c845aafde17db3b?s=96&d=mm&r=g","contentUrl":"https:\/\/secure.gravatar.com\/avatar\/66c622611c464cec8b09d44efd107a222ae75b51ccff1b4c7c845aafde17db3b?s=96&d=mm&r=g","caption":"proy"},"url":"https:\/\/csp.ch\/neuchatel\/author\/proy\/"}]}},"_links":{"self":[{"href":"https:\/\/csp.ch\/neuchatel\/wp-json\/wp\/v2\/posts\/5237","targetHints":{"allow":["GET"]}}],"collection":[{"href":"https:\/\/csp.ch\/neuchatel\/wp-json\/wp\/v2\/posts"}],"about":[{"href":"https:\/\/csp.ch\/neuchatel\/wp-json\/wp\/v2\/types\/post"}],"author":[{"embeddable":true,"href":"https:\/\/csp.ch\/neuchatel\/wp-json\/wp\/v2\/users\/389"}],"replies":[{"embeddable":true,"href":"https:\/\/csp.ch\/neuchatel\/wp-json\/wp\/v2\/comments?post=5237"}],"version-history":[{"count":1,"href":"https:\/\/csp.ch\/neuchatel\/wp-json\/wp\/v2\/posts\/5237\/revisions"}],"predecessor-version":[{"id":5238,"href":"https:\/\/csp.ch\/neuchatel\/wp-json\/wp\/v2\/posts\/5237\/revisions\/5238"}],"wp:featuredmedia":[{"embeddable":true,"href":"https:\/\/csp.ch\/neuchatel\/wp-json\/wp\/v2\/media\/5240"}],"wp:attachment":[{"href":"https:\/\/csp.ch\/neuchatel\/wp-json\/wp\/v2\/media?parent=5237"}],"wp:term":[{"taxonomy":"category","embeddable":true,"href":"https:\/\/csp.ch\/neuchatel\/wp-json\/wp\/v2\/categories?post=5237"},{"taxonomy":"post_tag","embeddable":true,"href":"https:\/\/csp.ch\/neuchatel\/wp-json\/wp\/v2\/tags?post=5237"}],"curies":[{"name":"wp","href":"https:\/\/api.w.org\/{rel}","templated":true}]}}