{"id":4195,"date":"2023-11-21T07:56:28","date_gmt":"2023-11-21T06:56:28","guid":{"rendered":"https:\/\/csp.ch\/neuchatel\/?p=4195"},"modified":"2023-11-21T07:56:28","modified_gmt":"2023-11-21T06:56:28","slug":"nouvelles-de-novembre-agir-ensemble","status":"publish","type":"post","link":"https:\/\/csp.ch\/neuchatel\/nouvelles-de-novembre-agir-ensemble\/","title":{"rendered":"Nouvelles de novembre : Agir ensemble"},"content":{"rendered":"<div class=\"wpb-content-wrapper\"><p>[vc_row][vc_column][vc_column_text]Cette \u00e9dition de notre journal des Nouvelles traite de la th\u00e9matique du don. En effet, le CSP Neuch\u00e2tel ne peut apporter son soutien \u00e0 la population neuch\u00e2teloise que gr\u00e2ce \u00e0 votre pr\u00e9cieux soutien. Agir ensemble est essentiel ! Mais \u00e0 qui et \u00e0 quoi servent les dons (financiers, mat\u00e9riels ou encore de temps) r\u00e9alis\u00e9s en faveur de notre institution ? D\u00e9couvrez des exemples concrets de l&rsquo;aide re\u00e7ue par les personnes qui nous consultent et rendue possible gr\u00e2ce \u00e0 votre engagement.<\/p>\n<p>A lire \u00e9galement dans nos pages, l&rsquo;article exclusif de Madame Rosette Poletti, infirmi\u00e8re et responsable d&rsquo;un centre de formation et d&rsquo;accompagnement, sur les notions de don et de solidarit\u00e9 dans nos soci\u00e9t\u00e9s. De quoi prendre un peu de hauteur et t\u00e9moigner de l&rsquo;importance de ces actes !<\/p>\n<p>[\/vc_column_text][vc_btn title=\u00a0\u00bbLIRE LE JOURNAL\u00a0\u00bb color=\u00a0\u00bbwarning\u00a0\u00bb link=\u00a0\u00bburl:https%3A%2F%2Fcsp.ch%2Fwp-content%2Fuploads%2Fsites%2F7%2F2023%2F11%2FCSP-Neuchatel_Nouvelles-2023-novembre.pdf|title:LIRE%20LE%20JOURNAL|target:_blank\u00a0\u00bb][\/vc_column][\/vc_row][vc_row][vc_column][vc_column_text]<\/p>\n<h4>Edito<\/h4>\n<p><em>Gr\u00e2ce \u00e0 un soutien, il n\u2019a jamais \u00e9t\u00e9 aussi facile d\u2019aider directement et efficacement les habitant.e.s de notre canton.<\/em><\/p>\n<p><em>Les pr\u00e9cieux dons \u2013 en mat\u00e9riel, en temps, en argent \u2013 effectu\u00e9s en faveur du CSP Neuch\u00e2tel permettent de s\u2019assurer de l\u2019octroi de prestations de qualit\u00e9 en faveur de la population locale. Les hausses cons\u00e9quentes annonc\u00e9es, additionn\u00e9es \u00e0 celles d\u00e9j\u00e0 appliqu\u00e9es depuis de nombreux mois, fragilisent encore davantage les m\u00e9nages \u00e0 moyen et bas revenus. Nos concitoyennes et concitoyens ont plus que jamais besoin de vous et de votre aide. <\/em><\/p>\n<p><em>Par le biais de la solidarit\u00e9 et de la g\u00e9n\u00e9rosit\u00e9 de nos fid\u00e8les donateurs et donatrices, notre institution peut mener \u00e0 bien ses actions permettant de favoriser l\u2019autonomie de chacun.e.<\/em><\/p>\n<p><em>Quelques francs, m\u00eame symboliques, conjugu\u00e9s \u00e0 d\u2019autres donations permettent d\u2019atteindre un but commun. <a href=\"https:\/\/csp.ch\/neuchatel\/don\/\" target=\"_blank\" rel=\"noopener\">Aidez-nous ainsi \u00e0 aider<\/a> et, ensemble, nous serons \u00e0 m\u00eame de donner des coups de pouces bienvenus.<\/em><\/p>\n<p>M\u00e9lanie M\u00fcller-Rossel et Aur\u00e9lie Planas, Codirectrices du CSP Neuch\u00e2tel<\/p>\n<p>&nbsp;<\/p>\n<p>&nbsp;<\/p>\n<p>[\/vc_column_text][\/vc_column][\/vc_row]<\/p>\n<\/div>","protected":false},"excerpt":{"rendered":"<p>[vc_row][vc_column][vc_column_text]Cette \u00e9dition de notre journal des Nouvelles traite de la th\u00e9matique du don. En effet, le CSP Neuch\u00e2tel ne peut apporter son soutien \u00e0 la population neuch\u00e2teloise que gr\u00e2ce \u00e0 votre pr\u00e9cieux soutien. Agir ensemble est essentiel ! Mais \u00e0 qui et \u00e0 quoi servent les dons (financiers, mat\u00e9riels ou encore de temps) r\u00e9alis\u00e9s en [&hellip;]<\/p>\n","protected":false},"author":30,"featured_media":4210,"comment_status":"closed","ping_status":"closed","sticky":false,"template":"","format":"standard","meta":{"_acf_changed":false,"footnotes":""},"categories":[1],"tags":[],"class_list":["post-4195","post","type-post","status-publish","format-standard","has-post-thumbnail","hentry","category-non-classe"],"acf":[],"yoast_head":"<!-- This site is optimized with the Yoast SEO plugin v27.1.1 - https:\/\/yoast.com\/product\/yoast-seo-wordpress\/ -->\n<title>Nouvelles de novembre : Agir ensemble - CSP Neuch\u00e2tel<\/title>\n<meta name=\"description\" content=\"Cette \u00e9dition de notre journal des Nouvelles traite de la th\u00e9matique du don. En effet, le CSP Neuch\u00e2tel ne peut apporter son soutien \u00e0 la population neuch\u00e2teloise que gr\u00e2ce \u00e0 votre pr\u00e9cieux soutien.\" \/>\n<meta name=\"robots\" content=\"index, follow, max-snippet:-1, max-image-preview:large, max-video-preview:-1\" \/>\n<link rel=\"canonical\" href=\"https:\/\/csp.ch\/neuchatel\/nouvelles-de-novembre-agir-ensemble\/\" \/>\n<meta property=\"og:locale\" content=\"fr_FR\" \/>\n<meta property=\"og:type\" content=\"article\" \/>\n<meta property=\"og:title\" content=\"Nouvelles de novembre : Agir ensemble - CSP Neuch\u00e2tel\" \/>\n<meta property=\"og:description\" content=\"Cette \u00e9dition de notre journal des Nouvelles traite de la th\u00e9matique du don. En effet, le CSP Neuch\u00e2tel ne peut apporter son soutien \u00e0 la population neuch\u00e2teloise que gr\u00e2ce \u00e0 votre pr\u00e9cieux soutien.\" \/>\n<meta property=\"og:url\" content=\"https:\/\/csp.ch\/neuchatel\/nouvelles-de-novembre-agir-ensemble\/\" \/>\n<meta property=\"og:site_name\" content=\"CSP Neuch\u00e2tel\" \/>\n<meta property=\"article:publisher\" content=\"https:\/\/www.facebook.com\/CSPSuisse\/\" \/>\n<meta property=\"article:published_time\" content=\"2023-11-21T06:56:28+00:00\" \/>\n<meta property=\"og:image\" content=\"https:\/\/csp.ch\/wp-content\/uploads\/sites\/7\/2023\/11\/image-site-Nouvelles.png\" \/>\n\t<meta property=\"og:image:width\" content=\"740\" \/>\n\t<meta property=\"og:image:height\" content=\"340\" \/>\n\t<meta property=\"og:image:type\" content=\"image\/png\" \/>\n<meta name=\"author\" content=\"ndubois\" \/>\n<meta name=\"twitter:card\" content=\"summary_large_image\" \/>\n<meta name=\"twitter:label1\" content=\"\u00c9crit par\" \/>\n\t<meta name=\"twitter:data1\" content=\"ndubois\" \/>\n\t<meta name=\"twitter:label2\" content=\"Dur\u00e9e de lecture estim\u00e9e\" \/>\n\t<meta name=\"twitter:data2\" content=\"2 minutes\" \/>\n<script type=\"application\/ld+json\" class=\"yoast-schema-graph\">{\"@context\":\"https:\/\/schema.org\",\"@graph\":[{\"@type\":\"Article\",\"@id\":\"https:\/\/csp.ch\/neuchatel\/nouvelles-de-novembre-agir-ensemble\/#article\",\"isPartOf\":{\"@id\":\"https:\/\/csp.ch\/neuchatel\/nouvelles-de-novembre-agir-ensemble\/\"},\"author\":{\"name\":\"ndubois\",\"@id\":\"https:\/\/csp.ch\/neuchatel\/#\/schema\/person\/9412b5c2f70e54c44312f4b6c47a014d\"},\"headline\":\"Nouvelles de novembre : Agir ensemble\",\"datePublished\":\"2023-11-21T06:56:28+00:00\",\"mainEntityOfPage\":{\"@id\":\"https:\/\/csp.ch\/neuchatel\/nouvelles-de-novembre-agir-ensemble\/\"},\"wordCount\":386,\"publisher\":{\"@id\":\"https:\/\/csp.ch\/neuchatel\/#organization\"},\"image\":{\"@id\":\"https:\/\/csp.ch\/neuchatel\/nouvelles-de-novembre-agir-ensemble\/#primaryimage\"},\"thumbnailUrl\":\"https:\/\/csp.ch\/wp-content\/uploads\/sites\/7\/2023\/11\/image-site-Nouvelles.png\",\"inLanguage\":\"fr-FR\"},{\"@type\":\"WebPage\",\"@id\":\"https:\/\/csp.ch\/neuchatel\/nouvelles-de-novembre-agir-ensemble\/\",\"url\":\"https:\/\/csp.ch\/neuchatel\/nouvelles-de-novembre-agir-ensemble\/\",\"name\":\"Nouvelles de novembre : Agir ensemble - CSP Neuch\u00e2tel\",\"isPartOf\":{\"@id\":\"https:\/\/csp.ch\/neuchatel\/#website\"},\"primaryImageOfPage\":{\"@id\":\"https:\/\/csp.ch\/neuchatel\/nouvelles-de-novembre-agir-ensemble\/#primaryimage\"},\"image\":{\"@id\":\"https:\/\/csp.ch\/neuchatel\/nouvelles-de-novembre-agir-ensemble\/#primaryimage\"},\"thumbnailUrl\":\"https:\/\/csp.ch\/wp-content\/uploads\/sites\/7\/2023\/11\/image-site-Nouvelles.png\",\"datePublished\":\"2023-11-21T06:56:28+00:00\",\"description\":\"Cette \u00e9dition de notre journal des Nouvelles traite de la th\u00e9matique du don. En effet, le CSP Neuch\u00e2tel ne peut apporter son soutien \u00e0 la population neuch\u00e2teloise que gr\u00e2ce \u00e0 votre pr\u00e9cieux soutien.\",\"breadcrumb\":{\"@id\":\"https:\/\/csp.ch\/neuchatel\/nouvelles-de-novembre-agir-ensemble\/#breadcrumb\"},\"inLanguage\":\"fr-FR\",\"potentialAction\":[{\"@type\":\"ReadAction\",\"target\":[\"https:\/\/csp.ch\/neuchatel\/nouvelles-de-novembre-agir-ensemble\/\"]}]},{\"@type\":\"ImageObject\",\"inLanguage\":\"fr-FR\",\"@id\":\"https:\/\/csp.ch\/neuchatel\/nouvelles-de-novembre-agir-ensemble\/#primaryimage\",\"url\":\"https:\/\/csp.ch\/wp-content\/uploads\/sites\/7\/2023\/11\/image-site-Nouvelles.png\",\"contentUrl\":\"https:\/\/csp.ch\/wp-content\/uploads\/sites\/7\/2023\/11\/image-site-Nouvelles.png\",\"width\":740,\"height\":340,\"caption\":\"Nouvelles csp solidarit\u00e9\"},{\"@type\":\"BreadcrumbList\",\"@id\":\"https:\/\/csp.ch\/neuchatel\/nouvelles-de-novembre-agir-ensemble\/#breadcrumb\",\"itemListElement\":[{\"@type\":\"ListItem\",\"position\":1,\"name\":\"Accueil\",\"item\":\"https:\/\/csp.ch\/neuchatel\/\"},{\"@type\":\"ListItem\",\"position\":2,\"name\":\"Nouvelles de novembre : Agir ensemble\"}]},{\"@type\":\"WebSite\",\"@id\":\"https:\/\/csp.ch\/neuchatel\/#website\",\"url\":\"https:\/\/csp.ch\/neuchatel\/\",\"name\":\"CSP Neuch\u00e2tel\",\"description\":\"\",\"publisher\":{\"@id\":\"https:\/\/csp.ch\/neuchatel\/#organization\"},\"potentialAction\":[{\"@type\":\"SearchAction\",\"target\":{\"@type\":\"EntryPoint\",\"urlTemplate\":\"https:\/\/csp.ch\/neuchatel\/?s={search_term_string}\"},\"query-input\":{\"@type\":\"PropertyValueSpecification\",\"valueRequired\":true,\"valueName\":\"search_term_string\"}}],\"inLanguage\":\"fr-FR\"},{\"@type\":\"Organization\",\"@id\":\"https:\/\/csp.ch\/neuchatel\/#organization\",\"name\":\"CSP Neuch\u00e2tel\",\"url\":\"https:\/\/csp.ch\/neuchatel\/\",\"logo\":{\"@type\":\"ImageObject\",\"inLanguage\":\"fr-FR\",\"@id\":\"https:\/\/csp.ch\/neuchatel\/#\/schema\/logo\/image\/\",\"url\":\"https:\/\/csp.ch\/wp-content\/uploads\/sites\/7\/2020\/02\/LOGO-CSP.jpg\",\"contentUrl\":\"https:\/\/csp.ch\/wp-content\/uploads\/sites\/7\/2020\/02\/LOGO-CSP.jpg\",\"width\":667,\"height\":667,\"caption\":\"CSP Neuch\u00e2tel\"},\"image\":{\"@id\":\"https:\/\/csp.ch\/neuchatel\/#\/schema\/logo\/image\/\"},\"sameAs\":[\"https:\/\/www.facebook.com\/CSPSuisse\/\"]},{\"@type\":\"Person\",\"@id\":\"https:\/\/csp.ch\/neuchatel\/#\/schema\/person\/9412b5c2f70e54c44312f4b6c47a014d\",\"name\":\"ndubois\",\"image\":{\"@type\":\"ImageObject\",\"inLanguage\":\"fr-FR\",\"@id\":\"https:\/\/csp.ch\/neuchatel\/#\/schema\/person\/image\/\",\"url\":\"https:\/\/secure.gravatar.com\/avatar\/dc2c39afcfb018f7c2cc33e1cb3ad5c9dbeac402dc311297caa1940145289dd4?s=96&d=mm&r=g\",\"contentUrl\":\"https:\/\/secure.gravatar.com\/avatar\/dc2c39afcfb018f7c2cc33e1cb3ad5c9dbeac402dc311297caa1940145289dd4?s=96&d=mm&r=g\",\"caption\":\"ndubois\"},\"url\":\"https:\/\/csp.ch\/neuchatel\/author\/ndubois\/\"}]}<\/script>\n<!-- \/ Yoast SEO plugin. -->","yoast_head_json":{"title":"Nouvelles de novembre : Agir ensemble - CSP Neuch\u00e2tel","description":"Cette \u00e9dition de notre journal des Nouvelles traite de la th\u00e9matique du don. En effet, le CSP Neuch\u00e2tel ne peut apporter son soutien \u00e0 la population neuch\u00e2teloise que gr\u00e2ce \u00e0 votre pr\u00e9cieux soutien.","robots":{"index":"index","follow":"follow","max-snippet":"max-snippet:-1","max-image-preview":"max-image-preview:large","max-video-preview":"max-video-preview:-1"},"canonical":"https:\/\/csp.ch\/neuchatel\/nouvelles-de-novembre-agir-ensemble\/","og_locale":"fr_FR","og_type":"article","og_title":"Nouvelles de novembre : Agir ensemble - CSP Neuch\u00e2tel","og_description":"Cette \u00e9dition de notre journal des Nouvelles traite de la th\u00e9matique du don. En effet, le CSP Neuch\u00e2tel ne peut apporter son soutien \u00e0 la population neuch\u00e2teloise que gr\u00e2ce \u00e0 votre pr\u00e9cieux soutien.","og_url":"https:\/\/csp.ch\/neuchatel\/nouvelles-de-novembre-agir-ensemble\/","og_site_name":"CSP Neuch\u00e2tel","article_publisher":"https:\/\/www.facebook.com\/CSPSuisse\/","article_published_time":"2023-11-21T06:56:28+00:00","og_image":[{"width":740,"height":340,"url":"https:\/\/csp.ch\/wp-content\/uploads\/sites\/7\/2023\/11\/image-site-Nouvelles.png","type":"image\/png"}],"author":"ndubois","twitter_card":"summary_large_image","twitter_misc":{"\u00c9crit par":"ndubois","Dur\u00e9e de lecture estim\u00e9e":"2 minutes"},"schema":{"@context":"https:\/\/schema.org","@graph":[{"@type":"Article","@id":"https:\/\/csp.ch\/neuchatel\/nouvelles-de-novembre-agir-ensemble\/#article","isPartOf":{"@id":"https:\/\/csp.ch\/neuchatel\/nouvelles-de-novembre-agir-ensemble\/"},"author":{"name":"ndubois","@id":"https:\/\/csp.ch\/neuchatel\/#\/schema\/person\/9412b5c2f70e54c44312f4b6c47a014d"},"headline":"Nouvelles de novembre : Agir ensemble","datePublished":"2023-11-21T06:56:28+00:00","mainEntityOfPage":{"@id":"https:\/\/csp.ch\/neuchatel\/nouvelles-de-novembre-agir-ensemble\/"},"wordCount":386,"publisher":{"@id":"https:\/\/csp.ch\/neuchatel\/#organization"},"image":{"@id":"https:\/\/csp.ch\/neuchatel\/nouvelles-de-novembre-agir-ensemble\/#primaryimage"},"thumbnailUrl":"https:\/\/csp.ch\/wp-content\/uploads\/sites\/7\/2023\/11\/image-site-Nouvelles.png","inLanguage":"fr-FR"},{"@type":"WebPage","@id":"https:\/\/csp.ch\/neuchatel\/nouvelles-de-novembre-agir-ensemble\/","url":"https:\/\/csp.ch\/neuchatel\/nouvelles-de-novembre-agir-ensemble\/","name":"Nouvelles de novembre : Agir ensemble - CSP Neuch\u00e2tel","isPartOf":{"@id":"https:\/\/csp.ch\/neuchatel\/#website"},"primaryImageOfPage":{"@id":"https:\/\/csp.ch\/neuchatel\/nouvelles-de-novembre-agir-ensemble\/#primaryimage"},"image":{"@id":"https:\/\/csp.ch\/neuchatel\/nouvelles-de-novembre-agir-ensemble\/#primaryimage"},"thumbnailUrl":"https:\/\/csp.ch\/wp-content\/uploads\/sites\/7\/2023\/11\/image-site-Nouvelles.png","datePublished":"2023-11-21T06:56:28+00:00","description":"Cette \u00e9dition de notre journal des Nouvelles traite de la th\u00e9matique du don. En effet, le CSP Neuch\u00e2tel ne peut apporter son soutien \u00e0 la population neuch\u00e2teloise que gr\u00e2ce \u00e0 votre pr\u00e9cieux soutien.","breadcrumb":{"@id":"https:\/\/csp.ch\/neuchatel\/nouvelles-de-novembre-agir-ensemble\/#breadcrumb"},"inLanguage":"fr-FR","potentialAction":[{"@type":"ReadAction","target":["https:\/\/csp.ch\/neuchatel\/nouvelles-de-novembre-agir-ensemble\/"]}]},{"@type":"ImageObject","inLanguage":"fr-FR","@id":"https:\/\/csp.ch\/neuchatel\/nouvelles-de-novembre-agir-ensemble\/#primaryimage","url":"https:\/\/csp.ch\/wp-content\/uploads\/sites\/7\/2023\/11\/image-site-Nouvelles.png","contentUrl":"https:\/\/csp.ch\/wp-content\/uploads\/sites\/7\/2023\/11\/image-site-Nouvelles.png","width":740,"height":340,"caption":"Nouvelles csp solidarit\u00e9"},{"@type":"BreadcrumbList","@id":"https:\/\/csp.ch\/neuchatel\/nouvelles-de-novembre-agir-ensemble\/#breadcrumb","itemListElement":[{"@type":"ListItem","position":1,"name":"Accueil","item":"https:\/\/csp.ch\/neuchatel\/"},{"@type":"ListItem","position":2,"name":"Nouvelles de novembre : Agir ensemble"}]},{"@type":"WebSite","@id":"https:\/\/csp.ch\/neuchatel\/#website","url":"https:\/\/csp.ch\/neuchatel\/","name":"CSP Neuch\u00e2tel","description":"","publisher":{"@id":"https:\/\/csp.ch\/neuchatel\/#organization"},"potentialAction":[{"@type":"SearchAction","target":{"@type":"EntryPoint","urlTemplate":"https:\/\/csp.ch\/neuchatel\/?s={search_term_string}"},"query-input":{"@type":"PropertyValueSpecification","valueRequired":true,"valueName":"search_term_string"}}],"inLanguage":"fr-FR"},{"@type":"Organization","@id":"https:\/\/csp.ch\/neuchatel\/#organization","name":"CSP Neuch\u00e2tel","url":"https:\/\/csp.ch\/neuchatel\/","logo":{"@type":"ImageObject","inLanguage":"fr-FR","@id":"https:\/\/csp.ch\/neuchatel\/#\/schema\/logo\/image\/","url":"https:\/\/csp.ch\/wp-content\/uploads\/sites\/7\/2020\/02\/LOGO-CSP.jpg","contentUrl":"https:\/\/csp.ch\/wp-content\/uploads\/sites\/7\/2020\/02\/LOGO-CSP.jpg","width":667,"height":667,"caption":"CSP Neuch\u00e2tel"},"image":{"@id":"https:\/\/csp.ch\/neuchatel\/#\/schema\/logo\/image\/"},"sameAs":["https:\/\/www.facebook.com\/CSPSuisse\/"]},{"@type":"Person","@id":"https:\/\/csp.ch\/neuchatel\/#\/schema\/person\/9412b5c2f70e54c44312f4b6c47a014d","name":"ndubois","image":{"@type":"ImageObject","inLanguage":"fr-FR","@id":"https:\/\/csp.ch\/neuchatel\/#\/schema\/person\/image\/","url":"https:\/\/secure.gravatar.com\/avatar\/dc2c39afcfb018f7c2cc33e1cb3ad5c9dbeac402dc311297caa1940145289dd4?s=96&d=mm&r=g","contentUrl":"https:\/\/secure.gravatar.com\/avatar\/dc2c39afcfb018f7c2cc33e1cb3ad5c9dbeac402dc311297caa1940145289dd4?s=96&d=mm&r=g","caption":"ndubois"},"url":"https:\/\/csp.ch\/neuchatel\/author\/ndubois\/"}]}},"_links":{"self":[{"href":"https:\/\/csp.ch\/neuchatel\/wp-json\/wp\/v2\/posts\/4195","targetHints":{"allow":["GET"]}}],"collection":[{"href":"https:\/\/csp.ch\/neuchatel\/wp-json\/wp\/v2\/posts"}],"about":[{"href":"https:\/\/csp.ch\/neuchatel\/wp-json\/wp\/v2\/types\/post"}],"author":[{"embeddable":true,"href":"https:\/\/csp.ch\/neuchatel\/wp-json\/wp\/v2\/users\/30"}],"replies":[{"embeddable":true,"href":"https:\/\/csp.ch\/neuchatel\/wp-json\/wp\/v2\/comments?post=4195"}],"version-history":[{"count":3,"href":"https:\/\/csp.ch\/neuchatel\/wp-json\/wp\/v2\/posts\/4195\/revisions"}],"predecessor-version":[{"id":4213,"href":"https:\/\/csp.ch\/neuchatel\/wp-json\/wp\/v2\/posts\/4195\/revisions\/4213"}],"wp:featuredmedia":[{"embeddable":true,"href":"https:\/\/csp.ch\/neuchatel\/wp-json\/wp\/v2\/media\/4210"}],"wp:attachment":[{"href":"https:\/\/csp.ch\/neuchatel\/wp-json\/wp\/v2\/media?parent=4195"}],"wp:term":[{"taxonomy":"category","embeddable":true,"href":"https:\/\/csp.ch\/neuchatel\/wp-json\/wp\/v2\/categories?post=4195"},{"taxonomy":"post_tag","embeddable":true,"href":"https:\/\/csp.ch\/neuchatel\/wp-json\/wp\/v2\/tags?post=4195"}],"curies":[{"name":"wp","href":"https:\/\/api.w.org\/{rel}","templated":true}]}}