{"id":3277,"date":"2022-10-27T16:27:57","date_gmt":"2022-10-27T14:27:57","guid":{"rendered":"https:\/\/csp.ch\/neuchatel\/?p=3277"},"modified":"2022-10-27T16:29:50","modified_gmt":"2022-10-27T14:29:50","slug":"permanences-juridiques-du-csp","status":"publish","type":"post","link":"https:\/\/csp.ch\/neuchatel\/permanences-juridiques-du-csp\/","title":{"rendered":"Permanences juridiques du CSP"},"content":{"rendered":"<p>Le CSP Neuch\u00e2tel modifie le fonctionnement de ses permanences juridiques. Jusqu&rsquo;alors assur\u00e9es par t\u00e9l\u00e9phone, des <a href=\"https:\/\/csp.ch\/neuchatel\/services\/questions-juridiques\/\" target=\"_blank\" rel=\"noopener\"><strong>permanences physiques<\/strong><\/a> (sur rendez-vous) seront propos\u00e9es d\u00e8s le mois de novembre 2022.<\/p>\n<p>La dur\u00e9e des consultations est de 20 minutes. Un montant unique de CHF 20.00 par consultation devra \u00eatre pay\u00e9 au guichet avant le rendez-vous (en esp\u00e8ces ou par Twint).<\/p>\n<p>Des permanences juridiques <strong>sur rendez-vous <\/strong>sont ainsi propos\u00e9es sur les sites de La Chaux-de-Fonds et de Neuch\u00e2tel.<\/p>\n<p>Elles auront lieu les <strong>lundis apr\u00e8s-midis entre 13h40 et 17h30 \u00e0 Neuch\u00e2tel<\/strong> et les <strong>jeudis matins entre 9h et 12h \u00e0 La Chaux-de-Fonds<\/strong>.<\/p>\n<p>Pour prendre rendez-vous, nous vous remercions de contacter notre r\u00e9ception au <strong>032 886 91 00<\/strong>. Prochainement, un <strong>syst\u00e8me de rendez-vous en ligne<\/strong> sera mis en place.<\/p>\n<h4><strong>Soutenir de mani\u00e8re efficiente la population<\/strong><\/h4>\n<p>Les changements au sein du secteur juridique visent \u00e0 <strong>mieux r\u00e9pondre aux besoins<\/strong> de la population neuch\u00e2teloise. En effet, le CSP Neuch\u00e2tel a \u00e0 dessein de proposer des prestations <strong>de qualit\u00e9 et de proximit\u00e9<\/strong> aux habitant.e.s du canton. Avec ce nouveau syst\u00e8me, les personnes pourront pr\u00e9senter des documents \u00e0 nos avocates. Ces derni\u00e8res apporteront leurs conseils. Si n\u00e9cessaire, un suivi juridique plus approfondi pourra \u00eatre propos\u00e9 contre r\u00e9mun\u00e9ration.<\/p>\n","protected":false},"excerpt":{"rendered":"<p>Le CSP Neuch\u00e2tel modifie le fonctionnement de ses permanences juridiques. Jusqu&rsquo;alors assur\u00e9es par t\u00e9l\u00e9phone, des permanences physiques (sur rendez-vous) seront propos\u00e9es d\u00e8s le mois de novembre 2022. La dur\u00e9e des consultations est de 20 minutes. Un montant unique de CHF 20.00 par consultation devra \u00eatre pay\u00e9 au guichet avant le rendez-vous (en esp\u00e8ces ou par [&hellip;]<\/p>\n","protected":false},"author":30,"featured_media":752,"comment_status":"closed","ping_status":"closed","sticky":false,"template":"","format":"standard","meta":{"_acf_changed":false,"footnotes":""},"categories":[49],"tags":[],"class_list":["post-3277","post","type-post","status-publish","format-standard","has-post-thumbnail","hentry","category-questions-juridiques"],"acf":[],"yoast_head":"<!-- This site is optimized with the Yoast SEO plugin v27.1.1 - https:\/\/yoast.com\/product\/yoast-seo-wordpress\/ -->\n<title>Permanences juridiques du CSP - CSP Neuch\u00e2tel<\/title>\n<meta name=\"description\" content=\"Le CSP propose des permanences juridiques sur rendez-vous Des permanences sans rendez-vous pour situations urgentes sont aussi ouvertes.\" \/>\n<meta name=\"robots\" content=\"index, follow, max-snippet:-1, max-image-preview:large, max-video-preview:-1\" \/>\n<link rel=\"canonical\" href=\"https:\/\/csp.ch\/neuchatel\/permanences-juridiques-du-csp\/\" \/>\n<meta property=\"og:locale\" content=\"fr_FR\" \/>\n<meta property=\"og:type\" content=\"article\" \/>\n<meta property=\"og:title\" content=\"Permanences juridiques du CSP - CSP Neuch\u00e2tel\" \/>\n<meta property=\"og:description\" content=\"Le CSP propose des permanences juridiques sur rendez-vous Des permanences sans rendez-vous pour situations urgentes sont aussi ouvertes.\" \/>\n<meta property=\"og:url\" content=\"https:\/\/csp.ch\/neuchatel\/permanences-juridiques-du-csp\/\" \/>\n<meta property=\"og:site_name\" content=\"CSP Neuch\u00e2tel\" \/>\n<meta property=\"article:publisher\" content=\"https:\/\/www.facebook.com\/CSPSuisse\/\" \/>\n<meta property=\"article:published_time\" content=\"2022-10-27T14:27:57+00:00\" \/>\n<meta property=\"article:modified_time\" content=\"2022-10-27T14:29:50+00:00\" \/>\n<meta property=\"og:image\" content=\"https:\/\/csp.ch\/wp-content\/uploads\/sites\/7\/2015\/10\/20150917\u00a9RebeccaBowring4141web1.jpg\" \/>\n\t<meta property=\"og:image:width\" content=\"1280\" \/>\n\t<meta property=\"og:image:height\" content=\"853\" \/>\n\t<meta property=\"og:image:type\" content=\"image\/jpeg\" \/>\n<meta name=\"author\" content=\"ndubois\" \/>\n<meta name=\"twitter:card\" content=\"summary_large_image\" \/>\n<meta name=\"twitter:label1\" content=\"\u00c9crit par\" \/>\n\t<meta name=\"twitter:data1\" content=\"ndubois\" \/>\n\t<meta name=\"twitter:label2\" content=\"Dur\u00e9e de lecture estim\u00e9e\" \/>\n\t<meta name=\"twitter:data2\" content=\"1 minute\" \/>\n<script type=\"application\/ld+json\" class=\"yoast-schema-graph\">{\"@context\":\"https:\/\/schema.org\",\"@graph\":[{\"@type\":\"Article\",\"@id\":\"https:\/\/csp.ch\/neuchatel\/permanences-juridiques-du-csp\/#article\",\"isPartOf\":{\"@id\":\"https:\/\/csp.ch\/neuchatel\/permanences-juridiques-du-csp\/\"},\"author\":{\"name\":\"ndubois\",\"@id\":\"https:\/\/csp.ch\/neuchatel\/#\/schema\/person\/9412b5c2f70e54c44312f4b6c47a014d\"},\"headline\":\"Permanences juridiques du CSP\",\"datePublished\":\"2022-10-27T14:27:57+00:00\",\"dateModified\":\"2022-10-27T14:29:50+00:00\",\"mainEntityOfPage\":{\"@id\":\"https:\/\/csp.ch\/neuchatel\/permanences-juridiques-du-csp\/\"},\"wordCount\":215,\"publisher\":{\"@id\":\"https:\/\/csp.ch\/neuchatel\/#organization\"},\"image\":{\"@id\":\"https:\/\/csp.ch\/neuchatel\/permanences-juridiques-du-csp\/#primaryimage\"},\"thumbnailUrl\":\"https:\/\/csp.ch\/wp-content\/uploads\/sites\/7\/2015\/10\/20150917\u00a9RebeccaBowring4141web1.jpg\",\"articleSection\":[\"Questions juridiques\"],\"inLanguage\":\"fr-FR\"},{\"@type\":\"WebPage\",\"@id\":\"https:\/\/csp.ch\/neuchatel\/permanences-juridiques-du-csp\/\",\"url\":\"https:\/\/csp.ch\/neuchatel\/permanences-juridiques-du-csp\/\",\"name\":\"Permanences juridiques du CSP - CSP Neuch\u00e2tel\",\"isPartOf\":{\"@id\":\"https:\/\/csp.ch\/neuchatel\/#website\"},\"primaryImageOfPage\":{\"@id\":\"https:\/\/csp.ch\/neuchatel\/permanences-juridiques-du-csp\/#primaryimage\"},\"image\":{\"@id\":\"https:\/\/csp.ch\/neuchatel\/permanences-juridiques-du-csp\/#primaryimage\"},\"thumbnailUrl\":\"https:\/\/csp.ch\/wp-content\/uploads\/sites\/7\/2015\/10\/20150917\u00a9RebeccaBowring4141web1.jpg\",\"datePublished\":\"2022-10-27T14:27:57+00:00\",\"dateModified\":\"2022-10-27T14:29:50+00:00\",\"description\":\"Le CSP propose des permanences juridiques sur rendez-vous Des permanences sans rendez-vous pour situations urgentes sont aussi ouvertes.\",\"breadcrumb\":{\"@id\":\"https:\/\/csp.ch\/neuchatel\/permanences-juridiques-du-csp\/#breadcrumb\"},\"inLanguage\":\"fr-FR\",\"potentialAction\":[{\"@type\":\"ReadAction\",\"target\":[\"https:\/\/csp.ch\/neuchatel\/permanences-juridiques-du-csp\/\"]}]},{\"@type\":\"ImageObject\",\"inLanguage\":\"fr-FR\",\"@id\":\"https:\/\/csp.ch\/neuchatel\/permanences-juridiques-du-csp\/#primaryimage\",\"url\":\"https:\/\/csp.ch\/wp-content\/uploads\/sites\/7\/2015\/10\/20150917\u00a9RebeccaBowring4141web1.jpg\",\"contentUrl\":\"https:\/\/csp.ch\/wp-content\/uploads\/sites\/7\/2015\/10\/20150917\u00a9RebeccaBowring4141web1.jpg\",\"width\":1280,\"height\":853,\"caption\":\"Permanences juridiques\"},{\"@type\":\"BreadcrumbList\",\"@id\":\"https:\/\/csp.ch\/neuchatel\/permanences-juridiques-du-csp\/#breadcrumb\",\"itemListElement\":[{\"@type\":\"ListItem\",\"position\":1,\"name\":\"Accueil\",\"item\":\"https:\/\/csp.ch\/neuchatel\/\"},{\"@type\":\"ListItem\",\"position\":2,\"name\":\"Permanences juridiques du CSP\"}]},{\"@type\":\"WebSite\",\"@id\":\"https:\/\/csp.ch\/neuchatel\/#website\",\"url\":\"https:\/\/csp.ch\/neuchatel\/\",\"name\":\"CSP Neuch\u00e2tel\",\"description\":\"\",\"publisher\":{\"@id\":\"https:\/\/csp.ch\/neuchatel\/#organization\"},\"potentialAction\":[{\"@type\":\"SearchAction\",\"target\":{\"@type\":\"EntryPoint\",\"urlTemplate\":\"https:\/\/csp.ch\/neuchatel\/?s={search_term_string}\"},\"query-input\":{\"@type\":\"PropertyValueSpecification\",\"valueRequired\":true,\"valueName\":\"search_term_string\"}}],\"inLanguage\":\"fr-FR\"},{\"@type\":\"Organization\",\"@id\":\"https:\/\/csp.ch\/neuchatel\/#organization\",\"name\":\"CSP Neuch\u00e2tel\",\"url\":\"https:\/\/csp.ch\/neuchatel\/\",\"logo\":{\"@type\":\"ImageObject\",\"inLanguage\":\"fr-FR\",\"@id\":\"https:\/\/csp.ch\/neuchatel\/#\/schema\/logo\/image\/\",\"url\":\"https:\/\/csp.ch\/wp-content\/uploads\/sites\/7\/2020\/02\/LOGO-CSP.jpg\",\"contentUrl\":\"https:\/\/csp.ch\/wp-content\/uploads\/sites\/7\/2020\/02\/LOGO-CSP.jpg\",\"width\":667,\"height\":667,\"caption\":\"CSP Neuch\u00e2tel\"},\"image\":{\"@id\":\"https:\/\/csp.ch\/neuchatel\/#\/schema\/logo\/image\/\"},\"sameAs\":[\"https:\/\/www.facebook.com\/CSPSuisse\/\"]},{\"@type\":\"Person\",\"@id\":\"https:\/\/csp.ch\/neuchatel\/#\/schema\/person\/9412b5c2f70e54c44312f4b6c47a014d\",\"name\":\"ndubois\",\"image\":{\"@type\":\"ImageObject\",\"inLanguage\":\"fr-FR\",\"@id\":\"https:\/\/csp.ch\/neuchatel\/#\/schema\/person\/image\/\",\"url\":\"https:\/\/secure.gravatar.com\/avatar\/dc2c39afcfb018f7c2cc33e1cb3ad5c9dbeac402dc311297caa1940145289dd4?s=96&d=mm&r=g\",\"contentUrl\":\"https:\/\/secure.gravatar.com\/avatar\/dc2c39afcfb018f7c2cc33e1cb3ad5c9dbeac402dc311297caa1940145289dd4?s=96&d=mm&r=g\",\"caption\":\"ndubois\"},\"url\":\"https:\/\/csp.ch\/neuchatel\/author\/ndubois\/\"}]}<\/script>\n<!-- \/ Yoast SEO plugin. -->","yoast_head_json":{"title":"Permanences juridiques du CSP - CSP Neuch\u00e2tel","description":"Le CSP propose des permanences juridiques sur rendez-vous Des permanences sans rendez-vous pour situations urgentes sont aussi ouvertes.","robots":{"index":"index","follow":"follow","max-snippet":"max-snippet:-1","max-image-preview":"max-image-preview:large","max-video-preview":"max-video-preview:-1"},"canonical":"https:\/\/csp.ch\/neuchatel\/permanences-juridiques-du-csp\/","og_locale":"fr_FR","og_type":"article","og_title":"Permanences juridiques du CSP - CSP Neuch\u00e2tel","og_description":"Le CSP propose des permanences juridiques sur rendez-vous Des permanences sans rendez-vous pour situations urgentes sont aussi ouvertes.","og_url":"https:\/\/csp.ch\/neuchatel\/permanences-juridiques-du-csp\/","og_site_name":"CSP Neuch\u00e2tel","article_publisher":"https:\/\/www.facebook.com\/CSPSuisse\/","article_published_time":"2022-10-27T14:27:57+00:00","article_modified_time":"2022-10-27T14:29:50+00:00","og_image":[{"width":1280,"height":853,"url":"https:\/\/csp.ch\/wp-content\/uploads\/sites\/7\/2015\/10\/20150917\u00a9RebeccaBowring4141web1.jpg","type":"image\/jpeg"}],"author":"ndubois","twitter_card":"summary_large_image","twitter_misc":{"\u00c9crit par":"ndubois","Dur\u00e9e de lecture estim\u00e9e":"1 minute"},"schema":{"@context":"https:\/\/schema.org","@graph":[{"@type":"Article","@id":"https:\/\/csp.ch\/neuchatel\/permanences-juridiques-du-csp\/#article","isPartOf":{"@id":"https:\/\/csp.ch\/neuchatel\/permanences-juridiques-du-csp\/"},"author":{"name":"ndubois","@id":"https:\/\/csp.ch\/neuchatel\/#\/schema\/person\/9412b5c2f70e54c44312f4b6c47a014d"},"headline":"Permanences juridiques du CSP","datePublished":"2022-10-27T14:27:57+00:00","dateModified":"2022-10-27T14:29:50+00:00","mainEntityOfPage":{"@id":"https:\/\/csp.ch\/neuchatel\/permanences-juridiques-du-csp\/"},"wordCount":215,"publisher":{"@id":"https:\/\/csp.ch\/neuchatel\/#organization"},"image":{"@id":"https:\/\/csp.ch\/neuchatel\/permanences-juridiques-du-csp\/#primaryimage"},"thumbnailUrl":"https:\/\/csp.ch\/wp-content\/uploads\/sites\/7\/2015\/10\/20150917\u00a9RebeccaBowring4141web1.jpg","articleSection":["Questions juridiques"],"inLanguage":"fr-FR"},{"@type":"WebPage","@id":"https:\/\/csp.ch\/neuchatel\/permanences-juridiques-du-csp\/","url":"https:\/\/csp.ch\/neuchatel\/permanences-juridiques-du-csp\/","name":"Permanences juridiques du CSP - CSP Neuch\u00e2tel","isPartOf":{"@id":"https:\/\/csp.ch\/neuchatel\/#website"},"primaryImageOfPage":{"@id":"https:\/\/csp.ch\/neuchatel\/permanences-juridiques-du-csp\/#primaryimage"},"image":{"@id":"https:\/\/csp.ch\/neuchatel\/permanences-juridiques-du-csp\/#primaryimage"},"thumbnailUrl":"https:\/\/csp.ch\/wp-content\/uploads\/sites\/7\/2015\/10\/20150917\u00a9RebeccaBowring4141web1.jpg","datePublished":"2022-10-27T14:27:57+00:00","dateModified":"2022-10-27T14:29:50+00:00","description":"Le CSP propose des permanences juridiques sur rendez-vous Des permanences sans rendez-vous pour situations urgentes sont aussi ouvertes.","breadcrumb":{"@id":"https:\/\/csp.ch\/neuchatel\/permanences-juridiques-du-csp\/#breadcrumb"},"inLanguage":"fr-FR","potentialAction":[{"@type":"ReadAction","target":["https:\/\/csp.ch\/neuchatel\/permanences-juridiques-du-csp\/"]}]},{"@type":"ImageObject","inLanguage":"fr-FR","@id":"https:\/\/csp.ch\/neuchatel\/permanences-juridiques-du-csp\/#primaryimage","url":"https:\/\/csp.ch\/wp-content\/uploads\/sites\/7\/2015\/10\/20150917\u00a9RebeccaBowring4141web1.jpg","contentUrl":"https:\/\/csp.ch\/wp-content\/uploads\/sites\/7\/2015\/10\/20150917\u00a9RebeccaBowring4141web1.jpg","width":1280,"height":853,"caption":"Permanences juridiques"},{"@type":"BreadcrumbList","@id":"https:\/\/csp.ch\/neuchatel\/permanences-juridiques-du-csp\/#breadcrumb","itemListElement":[{"@type":"ListItem","position":1,"name":"Accueil","item":"https:\/\/csp.ch\/neuchatel\/"},{"@type":"ListItem","position":2,"name":"Permanences juridiques du CSP"}]},{"@type":"WebSite","@id":"https:\/\/csp.ch\/neuchatel\/#website","url":"https:\/\/csp.ch\/neuchatel\/","name":"CSP Neuch\u00e2tel","description":"","publisher":{"@id":"https:\/\/csp.ch\/neuchatel\/#organization"},"potentialAction":[{"@type":"SearchAction","target":{"@type":"EntryPoint","urlTemplate":"https:\/\/csp.ch\/neuchatel\/?s={search_term_string}"},"query-input":{"@type":"PropertyValueSpecification","valueRequired":true,"valueName":"search_term_string"}}],"inLanguage":"fr-FR"},{"@type":"Organization","@id":"https:\/\/csp.ch\/neuchatel\/#organization","name":"CSP Neuch\u00e2tel","url":"https:\/\/csp.ch\/neuchatel\/","logo":{"@type":"ImageObject","inLanguage":"fr-FR","@id":"https:\/\/csp.ch\/neuchatel\/#\/schema\/logo\/image\/","url":"https:\/\/csp.ch\/wp-content\/uploads\/sites\/7\/2020\/02\/LOGO-CSP.jpg","contentUrl":"https:\/\/csp.ch\/wp-content\/uploads\/sites\/7\/2020\/02\/LOGO-CSP.jpg","width":667,"height":667,"caption":"CSP Neuch\u00e2tel"},"image":{"@id":"https:\/\/csp.ch\/neuchatel\/#\/schema\/logo\/image\/"},"sameAs":["https:\/\/www.facebook.com\/CSPSuisse\/"]},{"@type":"Person","@id":"https:\/\/csp.ch\/neuchatel\/#\/schema\/person\/9412b5c2f70e54c44312f4b6c47a014d","name":"ndubois","image":{"@type":"ImageObject","inLanguage":"fr-FR","@id":"https:\/\/csp.ch\/neuchatel\/#\/schema\/person\/image\/","url":"https:\/\/secure.gravatar.com\/avatar\/dc2c39afcfb018f7c2cc33e1cb3ad5c9dbeac402dc311297caa1940145289dd4?s=96&d=mm&r=g","contentUrl":"https:\/\/secure.gravatar.com\/avatar\/dc2c39afcfb018f7c2cc33e1cb3ad5c9dbeac402dc311297caa1940145289dd4?s=96&d=mm&r=g","caption":"ndubois"},"url":"https:\/\/csp.ch\/neuchatel\/author\/ndubois\/"}]}},"_links":{"self":[{"href":"https:\/\/csp.ch\/neuchatel\/wp-json\/wp\/v2\/posts\/3277","targetHints":{"allow":["GET"]}}],"collection":[{"href":"https:\/\/csp.ch\/neuchatel\/wp-json\/wp\/v2\/posts"}],"about":[{"href":"https:\/\/csp.ch\/neuchatel\/wp-json\/wp\/v2\/types\/post"}],"author":[{"embeddable":true,"href":"https:\/\/csp.ch\/neuchatel\/wp-json\/wp\/v2\/users\/30"}],"replies":[{"embeddable":true,"href":"https:\/\/csp.ch\/neuchatel\/wp-json\/wp\/v2\/comments?post=3277"}],"version-history":[{"count":9,"href":"https:\/\/csp.ch\/neuchatel\/wp-json\/wp\/v2\/posts\/3277\/revisions"}],"predecessor-version":[{"id":3287,"href":"https:\/\/csp.ch\/neuchatel\/wp-json\/wp\/v2\/posts\/3277\/revisions\/3287"}],"wp:featuredmedia":[{"embeddable":true,"href":"https:\/\/csp.ch\/neuchatel\/wp-json\/wp\/v2\/media\/752"}],"wp:attachment":[{"href":"https:\/\/csp.ch\/neuchatel\/wp-json\/wp\/v2\/media?parent=3277"}],"wp:term":[{"taxonomy":"category","embeddable":true,"href":"https:\/\/csp.ch\/neuchatel\/wp-json\/wp\/v2\/categories?post=3277"},{"taxonomy":"post_tag","embeddable":true,"href":"https:\/\/csp.ch\/neuchatel\/wp-json\/wp\/v2\/tags?post=3277"}],"curies":[{"name":"wp","href":"https:\/\/api.w.org\/{rel}","templated":true}]}}