{"id":2977,"date":"2022-04-14T09:58:19","date_gmt":"2022-04-14T08:58:19","guid":{"rendered":"https:\/\/csp.ch\/neuchatel\/?p=2977"},"modified":"2022-05-11T08:45:26","modified_gmt":"2022-05-11T07:45:26","slug":"conflit-en-ukraine-et-lutte-contre-la-traite-des-etres-humains","status":"publish","type":"post","link":"https:\/\/csp.ch\/neuchatel\/conflit-en-ukraine-et-lutte-contre-la-traite-des-etres-humains\/","title":{"rendered":"Conflit en Ukraine et lutte contre la traite des \u00eatres humains"},"content":{"rendered":"<p>Dans le cadre du conflit en Ukraine, la Fondation neuch\u00e2teloise pour la coordination de l&rsquo;action sociale (FAS) et le CSP s&rsquo;associent afin de lutter contre la traite des \u00eatres humains. Pour ce faire, toutes les personnes, ressortissant\u00b7e\u00b7s ukrainien\u00b7e\u00b7s ou domicili\u00e9es dans le canton de Neuch\u00e2tel, en situation de d\u00e9tresse et de vuln\u00e9rabilit\u00e9 peuvent s&rsquo;adresser \u00e0 notre <a href=\"https:\/\/csp.ch\/neuchatel\/services\/questions-de-migration\/\" target=\"_blank\" rel=\"noopener\"><strong>permanence juridique<\/strong><\/a>. Celle-ci est ouverte <strong>tous les jeudis au CSP, entre 13h30 et 16h, sans fixation d&rsquo;un rendez-vous pr\u00e9alable (rue des Parcs 11, \u00e0 Neuch\u00e2tel).<\/strong><\/p>\n<p>Le CSP accueille ainsi de mani\u00e8re gratuite et confidentielle toute personne en provenance d&rsquo;Ukraine qui a des questions relatives \u00e0 la conformit\u00e9 de ce qu&rsquo;elle vit en Suisse avec la l\u00e9gislation en vigueur. Si un indice de traite des \u00eatres humains la concernant est d\u00e9cel\u00e9, il lui sera propos\u00e9 une prise en charge de sa situation par les sp\u00e9cialistes de la FAS (<a href=\"https:\/\/traite-des-etres-humains.ch\/\" target=\"_blank\" rel=\"noopener\">www.traite-des-etres-humains.ch<\/a>).<\/p>\n","protected":false},"excerpt":{"rendered":"<p>Dans le cadre du conflit en Ukraine, la Fondation neuch\u00e2teloise pour la coordination de l&rsquo;action sociale (FAS) et le CSP s&rsquo;associent afin de lutter contre la traite des \u00eatres humains. Pour ce faire, toutes les personnes, ressortissant\u00b7e\u00b7s ukrainien\u00b7e\u00b7s ou domicili\u00e9es dans le canton de Neuch\u00e2tel, en situation de d\u00e9tresse et de vuln\u00e9rabilit\u00e9 peuvent s&rsquo;adresser \u00e0 [&hellip;]<\/p>\n","protected":false},"author":30,"featured_media":2978,"comment_status":"closed","ping_status":"closed","sticky":false,"template":"","format":"standard","meta":{"_acf_changed":false,"footnotes":""},"categories":[41],"tags":[],"class_list":["post-2977","post","type-post","status-publish","format-standard","has-post-thumbnail","hentry","category-institution"],"acf":[],"yoast_head":"<!-- This site is optimized with the Yoast SEO plugin v27.1.1 - https:\/\/yoast.com\/product\/yoast-seo-wordpress\/ -->\n<title>Conflit en Ukraine et lutte contre la traite des \u00eatres humains - CSP Neuch\u00e2tel<\/title>\n<meta name=\"description\" content=\"Dans le cadre du conflit en Ukraine, la Fondation neuch\u00e2teloise pour la coordination de l&#039;action sociale (FAS) et le CSP s&#039;associent afin de lutter contre la traite des \u00eatres humains.\" \/>\n<meta name=\"robots\" content=\"index, follow, max-snippet:-1, max-image-preview:large, max-video-preview:-1\" \/>\n<link rel=\"canonical\" href=\"https:\/\/csp.ch\/neuchatel\/conflit-en-ukraine-et-lutte-contre-la-traite-des-etres-humains\/\" \/>\n<meta property=\"og:locale\" content=\"fr_FR\" \/>\n<meta property=\"og:type\" content=\"article\" \/>\n<meta property=\"og:title\" content=\"Conflit en Ukraine et lutte contre la traite des \u00eatres humains - CSP Neuch\u00e2tel\" \/>\n<meta property=\"og:description\" content=\"Dans le cadre du conflit en Ukraine, la Fondation neuch\u00e2teloise pour la coordination de l&#039;action sociale (FAS) et le CSP s&#039;associent afin de lutter contre la traite des \u00eatres humains.\" \/>\n<meta property=\"og:url\" content=\"https:\/\/csp.ch\/neuchatel\/conflit-en-ukraine-et-lutte-contre-la-traite-des-etres-humains\/\" \/>\n<meta property=\"og:site_name\" content=\"CSP Neuch\u00e2tel\" \/>\n<meta property=\"article:publisher\" content=\"https:\/\/www.facebook.com\/CSPSuisse\/\" \/>\n<meta property=\"article:published_time\" content=\"2022-04-14T08:58:19+00:00\" \/>\n<meta property=\"article:modified_time\" content=\"2022-05-11T07:45:26+00:00\" \/>\n<meta property=\"og:image\" content=\"https:\/\/csp.ch\/wp-content\/uploads\/sites\/7\/2022\/04\/pexels-caroline-martins-4317391-scaled-e1652255105321.jpg\" \/>\n\t<meta property=\"og:image:width\" content=\"740\" \/>\n\t<meta property=\"og:image:height\" content=\"493\" \/>\n\t<meta property=\"og:image:type\" content=\"image\/jpeg\" \/>\n<meta name=\"author\" content=\"ndubois\" \/>\n<meta name=\"twitter:card\" content=\"summary_large_image\" \/>\n<meta name=\"twitter:label1\" content=\"\u00c9crit par\" \/>\n\t<meta name=\"twitter:data1\" content=\"ndubois\" \/>\n\t<meta name=\"twitter:label2\" content=\"Dur\u00e9e de lecture estim\u00e9e\" \/>\n\t<meta name=\"twitter:data2\" content=\"1 minute\" \/>\n<script type=\"application\/ld+json\" class=\"yoast-schema-graph\">{\"@context\":\"https:\/\/schema.org\",\"@graph\":[{\"@type\":\"Article\",\"@id\":\"https:\/\/csp.ch\/neuchatel\/conflit-en-ukraine-et-lutte-contre-la-traite-des-etres-humains\/#article\",\"isPartOf\":{\"@id\":\"https:\/\/csp.ch\/neuchatel\/conflit-en-ukraine-et-lutte-contre-la-traite-des-etres-humains\/\"},\"author\":{\"name\":\"ndubois\",\"@id\":\"https:\/\/csp.ch\/neuchatel\/#\/schema\/person\/9412b5c2f70e54c44312f4b6c47a014d\"},\"headline\":\"Conflit en Ukraine et lutte contre la traite des \u00eatres humains\",\"datePublished\":\"2022-04-14T08:58:19+00:00\",\"dateModified\":\"2022-05-11T07:45:26+00:00\",\"mainEntityOfPage\":{\"@id\":\"https:\/\/csp.ch\/neuchatel\/conflit-en-ukraine-et-lutte-contre-la-traite-des-etres-humains\/\"},\"wordCount\":174,\"publisher\":{\"@id\":\"https:\/\/csp.ch\/neuchatel\/#organization\"},\"image\":{\"@id\":\"https:\/\/csp.ch\/neuchatel\/conflit-en-ukraine-et-lutte-contre-la-traite-des-etres-humains\/#primaryimage\"},\"thumbnailUrl\":\"https:\/\/csp.ch\/wp-content\/uploads\/sites\/7\/2022\/04\/pexels-caroline-martins-4317391-scaled-e1652255105321.jpg\",\"articleSection\":[\"Institution\"],\"inLanguage\":\"fr-FR\"},{\"@type\":\"WebPage\",\"@id\":\"https:\/\/csp.ch\/neuchatel\/conflit-en-ukraine-et-lutte-contre-la-traite-des-etres-humains\/\",\"url\":\"https:\/\/csp.ch\/neuchatel\/conflit-en-ukraine-et-lutte-contre-la-traite-des-etres-humains\/\",\"name\":\"Conflit en Ukraine et lutte contre la traite des \u00eatres humains - CSP Neuch\u00e2tel\",\"isPartOf\":{\"@id\":\"https:\/\/csp.ch\/neuchatel\/#website\"},\"primaryImageOfPage\":{\"@id\":\"https:\/\/csp.ch\/neuchatel\/conflit-en-ukraine-et-lutte-contre-la-traite-des-etres-humains\/#primaryimage\"},\"image\":{\"@id\":\"https:\/\/csp.ch\/neuchatel\/conflit-en-ukraine-et-lutte-contre-la-traite-des-etres-humains\/#primaryimage\"},\"thumbnailUrl\":\"https:\/\/csp.ch\/wp-content\/uploads\/sites\/7\/2022\/04\/pexels-caroline-martins-4317391-scaled-e1652255105321.jpg\",\"datePublished\":\"2022-04-14T08:58:19+00:00\",\"dateModified\":\"2022-05-11T07:45:26+00:00\",\"description\":\"Dans le cadre du conflit en Ukraine, la Fondation neuch\u00e2teloise pour la coordination de l'action sociale (FAS) et le CSP s'associent afin de lutter contre la traite des \u00eatres humains.\",\"breadcrumb\":{\"@id\":\"https:\/\/csp.ch\/neuchatel\/conflit-en-ukraine-et-lutte-contre-la-traite-des-etres-humains\/#breadcrumb\"},\"inLanguage\":\"fr-FR\",\"potentialAction\":[{\"@type\":\"ReadAction\",\"target\":[\"https:\/\/csp.ch\/neuchatel\/conflit-en-ukraine-et-lutte-contre-la-traite-des-etres-humains\/\"]}]},{\"@type\":\"ImageObject\",\"inLanguage\":\"fr-FR\",\"@id\":\"https:\/\/csp.ch\/neuchatel\/conflit-en-ukraine-et-lutte-contre-la-traite-des-etres-humains\/#primaryimage\",\"url\":\"https:\/\/csp.ch\/wp-content\/uploads\/sites\/7\/2022\/04\/pexels-caroline-martins-4317391-scaled-e1652255105321.jpg\",\"contentUrl\":\"https:\/\/csp.ch\/wp-content\/uploads\/sites\/7\/2022\/04\/pexels-caroline-martins-4317391-scaled-e1652255105321.jpg\",\"width\":740,\"height\":493,\"caption\":\"Traite humain CSP FAS\"},{\"@type\":\"BreadcrumbList\",\"@id\":\"https:\/\/csp.ch\/neuchatel\/conflit-en-ukraine-et-lutte-contre-la-traite-des-etres-humains\/#breadcrumb\",\"itemListElement\":[{\"@type\":\"ListItem\",\"position\":1,\"name\":\"Accueil\",\"item\":\"https:\/\/csp.ch\/neuchatel\/\"},{\"@type\":\"ListItem\",\"position\":2,\"name\":\"Conflit en Ukraine et lutte contre la traite des \u00eatres humains\"}]},{\"@type\":\"WebSite\",\"@id\":\"https:\/\/csp.ch\/neuchatel\/#website\",\"url\":\"https:\/\/csp.ch\/neuchatel\/\",\"name\":\"CSP Neuch\u00e2tel\",\"description\":\"\",\"publisher\":{\"@id\":\"https:\/\/csp.ch\/neuchatel\/#organization\"},\"potentialAction\":[{\"@type\":\"SearchAction\",\"target\":{\"@type\":\"EntryPoint\",\"urlTemplate\":\"https:\/\/csp.ch\/neuchatel\/?s={search_term_string}\"},\"query-input\":{\"@type\":\"PropertyValueSpecification\",\"valueRequired\":true,\"valueName\":\"search_term_string\"}}],\"inLanguage\":\"fr-FR\"},{\"@type\":\"Organization\",\"@id\":\"https:\/\/csp.ch\/neuchatel\/#organization\",\"name\":\"CSP Neuch\u00e2tel\",\"url\":\"https:\/\/csp.ch\/neuchatel\/\",\"logo\":{\"@type\":\"ImageObject\",\"inLanguage\":\"fr-FR\",\"@id\":\"https:\/\/csp.ch\/neuchatel\/#\/schema\/logo\/image\/\",\"url\":\"https:\/\/csp.ch\/wp-content\/uploads\/sites\/7\/2020\/02\/LOGO-CSP.jpg\",\"contentUrl\":\"https:\/\/csp.ch\/wp-content\/uploads\/sites\/7\/2020\/02\/LOGO-CSP.jpg\",\"width\":667,\"height\":667,\"caption\":\"CSP Neuch\u00e2tel\"},\"image\":{\"@id\":\"https:\/\/csp.ch\/neuchatel\/#\/schema\/logo\/image\/\"},\"sameAs\":[\"https:\/\/www.facebook.com\/CSPSuisse\/\"]},{\"@type\":\"Person\",\"@id\":\"https:\/\/csp.ch\/neuchatel\/#\/schema\/person\/9412b5c2f70e54c44312f4b6c47a014d\",\"name\":\"ndubois\",\"image\":{\"@type\":\"ImageObject\",\"inLanguage\":\"fr-FR\",\"@id\":\"https:\/\/csp.ch\/neuchatel\/#\/schema\/person\/image\/\",\"url\":\"https:\/\/secure.gravatar.com\/avatar\/dc2c39afcfb018f7c2cc33e1cb3ad5c9dbeac402dc311297caa1940145289dd4?s=96&d=mm&r=g\",\"contentUrl\":\"https:\/\/secure.gravatar.com\/avatar\/dc2c39afcfb018f7c2cc33e1cb3ad5c9dbeac402dc311297caa1940145289dd4?s=96&d=mm&r=g\",\"caption\":\"ndubois\"},\"url\":\"https:\/\/csp.ch\/neuchatel\/author\/ndubois\/\"}]}<\/script>\n<!-- \/ Yoast SEO plugin. -->","yoast_head_json":{"title":"Conflit en Ukraine et lutte contre la traite des \u00eatres humains - CSP Neuch\u00e2tel","description":"Dans le cadre du conflit en Ukraine, la Fondation neuch\u00e2teloise pour la coordination de l'action sociale (FAS) et le CSP s'associent afin de lutter contre la traite des \u00eatres humains.","robots":{"index":"index","follow":"follow","max-snippet":"max-snippet:-1","max-image-preview":"max-image-preview:large","max-video-preview":"max-video-preview:-1"},"canonical":"https:\/\/csp.ch\/neuchatel\/conflit-en-ukraine-et-lutte-contre-la-traite-des-etres-humains\/","og_locale":"fr_FR","og_type":"article","og_title":"Conflit en Ukraine et lutte contre la traite des \u00eatres humains - CSP Neuch\u00e2tel","og_description":"Dans le cadre du conflit en Ukraine, la Fondation neuch\u00e2teloise pour la coordination de l'action sociale (FAS) et le CSP s'associent afin de lutter contre la traite des \u00eatres humains.","og_url":"https:\/\/csp.ch\/neuchatel\/conflit-en-ukraine-et-lutte-contre-la-traite-des-etres-humains\/","og_site_name":"CSP Neuch\u00e2tel","article_publisher":"https:\/\/www.facebook.com\/CSPSuisse\/","article_published_time":"2022-04-14T08:58:19+00:00","article_modified_time":"2022-05-11T07:45:26+00:00","og_image":[{"width":740,"height":493,"url":"https:\/\/csp.ch\/wp-content\/uploads\/sites\/7\/2022\/04\/pexels-caroline-martins-4317391-scaled-e1652255105321.jpg","type":"image\/jpeg"}],"author":"ndubois","twitter_card":"summary_large_image","twitter_misc":{"\u00c9crit par":"ndubois","Dur\u00e9e de lecture estim\u00e9e":"1 minute"},"schema":{"@context":"https:\/\/schema.org","@graph":[{"@type":"Article","@id":"https:\/\/csp.ch\/neuchatel\/conflit-en-ukraine-et-lutte-contre-la-traite-des-etres-humains\/#article","isPartOf":{"@id":"https:\/\/csp.ch\/neuchatel\/conflit-en-ukraine-et-lutte-contre-la-traite-des-etres-humains\/"},"author":{"name":"ndubois","@id":"https:\/\/csp.ch\/neuchatel\/#\/schema\/person\/9412b5c2f70e54c44312f4b6c47a014d"},"headline":"Conflit en Ukraine et lutte contre la traite des \u00eatres humains","datePublished":"2022-04-14T08:58:19+00:00","dateModified":"2022-05-11T07:45:26+00:00","mainEntityOfPage":{"@id":"https:\/\/csp.ch\/neuchatel\/conflit-en-ukraine-et-lutte-contre-la-traite-des-etres-humains\/"},"wordCount":174,"publisher":{"@id":"https:\/\/csp.ch\/neuchatel\/#organization"},"image":{"@id":"https:\/\/csp.ch\/neuchatel\/conflit-en-ukraine-et-lutte-contre-la-traite-des-etres-humains\/#primaryimage"},"thumbnailUrl":"https:\/\/csp.ch\/wp-content\/uploads\/sites\/7\/2022\/04\/pexels-caroline-martins-4317391-scaled-e1652255105321.jpg","articleSection":["Institution"],"inLanguage":"fr-FR"},{"@type":"WebPage","@id":"https:\/\/csp.ch\/neuchatel\/conflit-en-ukraine-et-lutte-contre-la-traite-des-etres-humains\/","url":"https:\/\/csp.ch\/neuchatel\/conflit-en-ukraine-et-lutte-contre-la-traite-des-etres-humains\/","name":"Conflit en Ukraine et lutte contre la traite des \u00eatres humains - CSP Neuch\u00e2tel","isPartOf":{"@id":"https:\/\/csp.ch\/neuchatel\/#website"},"primaryImageOfPage":{"@id":"https:\/\/csp.ch\/neuchatel\/conflit-en-ukraine-et-lutte-contre-la-traite-des-etres-humains\/#primaryimage"},"image":{"@id":"https:\/\/csp.ch\/neuchatel\/conflit-en-ukraine-et-lutte-contre-la-traite-des-etres-humains\/#primaryimage"},"thumbnailUrl":"https:\/\/csp.ch\/wp-content\/uploads\/sites\/7\/2022\/04\/pexels-caroline-martins-4317391-scaled-e1652255105321.jpg","datePublished":"2022-04-14T08:58:19+00:00","dateModified":"2022-05-11T07:45:26+00:00","description":"Dans le cadre du conflit en Ukraine, la Fondation neuch\u00e2teloise pour la coordination de l'action sociale (FAS) et le CSP s'associent afin de lutter contre la traite des \u00eatres humains.","breadcrumb":{"@id":"https:\/\/csp.ch\/neuchatel\/conflit-en-ukraine-et-lutte-contre-la-traite-des-etres-humains\/#breadcrumb"},"inLanguage":"fr-FR","potentialAction":[{"@type":"ReadAction","target":["https:\/\/csp.ch\/neuchatel\/conflit-en-ukraine-et-lutte-contre-la-traite-des-etres-humains\/"]}]},{"@type":"ImageObject","inLanguage":"fr-FR","@id":"https:\/\/csp.ch\/neuchatel\/conflit-en-ukraine-et-lutte-contre-la-traite-des-etres-humains\/#primaryimage","url":"https:\/\/csp.ch\/wp-content\/uploads\/sites\/7\/2022\/04\/pexels-caroline-martins-4317391-scaled-e1652255105321.jpg","contentUrl":"https:\/\/csp.ch\/wp-content\/uploads\/sites\/7\/2022\/04\/pexels-caroline-martins-4317391-scaled-e1652255105321.jpg","width":740,"height":493,"caption":"Traite humain CSP FAS"},{"@type":"BreadcrumbList","@id":"https:\/\/csp.ch\/neuchatel\/conflit-en-ukraine-et-lutte-contre-la-traite-des-etres-humains\/#breadcrumb","itemListElement":[{"@type":"ListItem","position":1,"name":"Accueil","item":"https:\/\/csp.ch\/neuchatel\/"},{"@type":"ListItem","position":2,"name":"Conflit en Ukraine et lutte contre la traite des \u00eatres humains"}]},{"@type":"WebSite","@id":"https:\/\/csp.ch\/neuchatel\/#website","url":"https:\/\/csp.ch\/neuchatel\/","name":"CSP Neuch\u00e2tel","description":"","publisher":{"@id":"https:\/\/csp.ch\/neuchatel\/#organization"},"potentialAction":[{"@type":"SearchAction","target":{"@type":"EntryPoint","urlTemplate":"https:\/\/csp.ch\/neuchatel\/?s={search_term_string}"},"query-input":{"@type":"PropertyValueSpecification","valueRequired":true,"valueName":"search_term_string"}}],"inLanguage":"fr-FR"},{"@type":"Organization","@id":"https:\/\/csp.ch\/neuchatel\/#organization","name":"CSP Neuch\u00e2tel","url":"https:\/\/csp.ch\/neuchatel\/","logo":{"@type":"ImageObject","inLanguage":"fr-FR","@id":"https:\/\/csp.ch\/neuchatel\/#\/schema\/logo\/image\/","url":"https:\/\/csp.ch\/wp-content\/uploads\/sites\/7\/2020\/02\/LOGO-CSP.jpg","contentUrl":"https:\/\/csp.ch\/wp-content\/uploads\/sites\/7\/2020\/02\/LOGO-CSP.jpg","width":667,"height":667,"caption":"CSP Neuch\u00e2tel"},"image":{"@id":"https:\/\/csp.ch\/neuchatel\/#\/schema\/logo\/image\/"},"sameAs":["https:\/\/www.facebook.com\/CSPSuisse\/"]},{"@type":"Person","@id":"https:\/\/csp.ch\/neuchatel\/#\/schema\/person\/9412b5c2f70e54c44312f4b6c47a014d","name":"ndubois","image":{"@type":"ImageObject","inLanguage":"fr-FR","@id":"https:\/\/csp.ch\/neuchatel\/#\/schema\/person\/image\/","url":"https:\/\/secure.gravatar.com\/avatar\/dc2c39afcfb018f7c2cc33e1cb3ad5c9dbeac402dc311297caa1940145289dd4?s=96&d=mm&r=g","contentUrl":"https:\/\/secure.gravatar.com\/avatar\/dc2c39afcfb018f7c2cc33e1cb3ad5c9dbeac402dc311297caa1940145289dd4?s=96&d=mm&r=g","caption":"ndubois"},"url":"https:\/\/csp.ch\/neuchatel\/author\/ndubois\/"}]}},"_links":{"self":[{"href":"https:\/\/csp.ch\/neuchatel\/wp-json\/wp\/v2\/posts\/2977","targetHints":{"allow":["GET"]}}],"collection":[{"href":"https:\/\/csp.ch\/neuchatel\/wp-json\/wp\/v2\/posts"}],"about":[{"href":"https:\/\/csp.ch\/neuchatel\/wp-json\/wp\/v2\/types\/post"}],"author":[{"embeddable":true,"href":"https:\/\/csp.ch\/neuchatel\/wp-json\/wp\/v2\/users\/30"}],"replies":[{"embeddable":true,"href":"https:\/\/csp.ch\/neuchatel\/wp-json\/wp\/v2\/comments?post=2977"}],"version-history":[{"count":3,"href":"https:\/\/csp.ch\/neuchatel\/wp-json\/wp\/v2\/posts\/2977\/revisions"}],"predecessor-version":[{"id":3016,"href":"https:\/\/csp.ch\/neuchatel\/wp-json\/wp\/v2\/posts\/2977\/revisions\/3016"}],"wp:featuredmedia":[{"embeddable":true,"href":"https:\/\/csp.ch\/neuchatel\/wp-json\/wp\/v2\/media\/2978"}],"wp:attachment":[{"href":"https:\/\/csp.ch\/neuchatel\/wp-json\/wp\/v2\/media?parent=2977"}],"wp:term":[{"taxonomy":"category","embeddable":true,"href":"https:\/\/csp.ch\/neuchatel\/wp-json\/wp\/v2\/categories?post=2977"},{"taxonomy":"post_tag","embeddable":true,"href":"https:\/\/csp.ch\/neuchatel\/wp-json\/wp\/v2\/tags?post=2977"}],"curies":[{"name":"wp","href":"https:\/\/api.w.org\/{rel}","templated":true}]}}