{"id":2913,"date":"2022-03-29T09:40:58","date_gmt":"2022-03-29T08:40:58","guid":{"rendered":"https:\/\/csp.ch\/neuchatel\/?p=2913"},"modified":"2022-03-29T09:40:58","modified_gmt":"2022-03-29T08:40:58","slug":"crise-en-ukraine-informations-canton-de-neuchatel","status":"publish","type":"post","link":"https:\/\/csp.ch\/neuchatel\/crise-en-ukraine-informations-canton-de-neuchatel\/","title":{"rendered":"Crise en Ukraine : informations dans le canton de Neuch\u00e2tel"},"content":{"rendered":"<p>Le CSP de Neuch\u00e2tel soutient les ressortissant\u00b7e\u00b7s d&rsquo;Ukraine de m\u00eame que toute autre personne rencontrant des difficult\u00e9s ou ayant besoin d&rsquo;informations sur le plan social, administratif ou juridique. Nos permanences \u00ab\u00a0<a href=\"https:\/\/csp.ch\/neuchatel\/services\/questions-de-migration\/\">Asile<\/a>\u00a0\u00bb et \u00ab\u00a0<a href=\"https:\/\/csp.ch\/neuchatel\/services\/questions-juridiques\/\">Consultations juridiques<\/a>\u00a0\u00bb r\u00e9pondent \u00e0 vos questions. Elles sont ouvertes et accessibles conform\u00e9ment aux indications disponibles sur nos pages d\u00e9di\u00e9es.<\/p>\n<p>La situation et les informations relatives \u00e9voluant tr\u00e8s rapidement, nous vous sugg\u00e9rons de consulter r\u00e9guli\u00e8rement la page du site de <a href=\"https:\/\/www.ne.ch\/Ukraine\/Pages\/accueil.aspx\">l\u2019\u00c9tat de Neuch\u00e2tel<\/a> consacr\u00e9e \u00e0 l&rsquo;Ukraine. Vous y trouverez les renseignements sur les d\u00e9marches \u00e0 effectuer, les droits et obligations, les adresses de contact, etc. que vous soyez ressortissant\u00b7e d&rsquo;Ukraine ou personne d\u00e9sireuse de leur apporter votre aide.<\/p>\n<p>&nbsp;<\/p>\n","protected":false},"excerpt":{"rendered":"<p>Le CSP de Neuch\u00e2tel soutient les ressortissant\u00b7e\u00b7s d&rsquo;Ukraine de m\u00eame que toute autre personne rencontrant des difficult\u00e9s ou ayant besoin d&rsquo;informations sur le plan social, administratif ou juridique. Nos permanences \u00ab\u00a0Asile\u00a0\u00bb et \u00ab\u00a0Consultations juridiques\u00a0\u00bb r\u00e9pondent \u00e0 vos questions. Elles sont ouvertes et accessibles conform\u00e9ment aux indications disponibles sur nos pages d\u00e9di\u00e9es. La situation et les [&hellip;]<\/p>\n","protected":false},"author":30,"featured_media":2916,"comment_status":"closed","ping_status":"closed","sticky":false,"template":"","format":"standard","meta":{"_acf_changed":false,"footnotes":""},"categories":[27],"tags":[],"class_list":["post-2913","post","type-post","status-publish","format-standard","has-post-thumbnail","hentry","category-questions-de-migration"],"acf":[],"yoast_head":"<!-- This site is optimized with the Yoast SEO plugin v27.1.1 - https:\/\/yoast.com\/product\/yoast-seo-wordpress\/ -->\n<title>Crise en Ukraine : informations dans le canton de Neuch\u00e2tel - CSP Neuch\u00e2tel<\/title>\n<meta name=\"description\" content=\"Ukraine : informations relatives \u00e0 l&#039;accueil des personnes. Le CSP dispense des informations sociales, juridiques ou administratives.\" \/>\n<meta name=\"robots\" content=\"index, follow, max-snippet:-1, max-image-preview:large, max-video-preview:-1\" \/>\n<link rel=\"canonical\" href=\"https:\/\/csp.ch\/neuchatel\/crise-en-ukraine-informations-canton-de-neuchatel\/\" \/>\n<meta property=\"og:locale\" content=\"fr_FR\" \/>\n<meta property=\"og:type\" content=\"article\" \/>\n<meta property=\"og:title\" content=\"Crise en Ukraine : informations dans le canton de Neuch\u00e2tel - CSP Neuch\u00e2tel\" \/>\n<meta property=\"og:description\" content=\"Ukraine : informations relatives \u00e0 l&#039;accueil des personnes. Le CSP dispense des informations sociales, juridiques ou administratives.\" \/>\n<meta property=\"og:url\" content=\"https:\/\/csp.ch\/neuchatel\/crise-en-ukraine-informations-canton-de-neuchatel\/\" \/>\n<meta property=\"og:site_name\" content=\"CSP Neuch\u00e2tel\" \/>\n<meta property=\"article:publisher\" content=\"https:\/\/www.facebook.com\/CSPSuisse\/\" \/>\n<meta property=\"article:published_time\" content=\"2022-03-29T08:40:58+00:00\" \/>\n<meta property=\"og:image\" content=\"https:\/\/csp.ch\/wp-content\/uploads\/sites\/7\/2022\/03\/ukraine-7042810_1920.png\" \/>\n\t<meta property=\"og:image:width\" content=\"1920\" \/>\n\t<meta property=\"og:image:height\" content=\"1280\" \/>\n\t<meta property=\"og:image:type\" content=\"image\/png\" \/>\n<meta name=\"author\" content=\"ndubois\" \/>\n<meta name=\"twitter:card\" content=\"summary_large_image\" \/>\n<meta name=\"twitter:label1\" content=\"\u00c9crit par\" \/>\n\t<meta name=\"twitter:data1\" content=\"ndubois\" \/>\n\t<meta name=\"twitter:label2\" content=\"Dur\u00e9e de lecture estim\u00e9e\" \/>\n\t<meta name=\"twitter:data2\" content=\"1 minute\" \/>\n<script type=\"application\/ld+json\" class=\"yoast-schema-graph\">{\"@context\":\"https:\/\/schema.org\",\"@graph\":[{\"@type\":\"Article\",\"@id\":\"https:\/\/csp.ch\/neuchatel\/crise-en-ukraine-informations-canton-de-neuchatel\/#article\",\"isPartOf\":{\"@id\":\"https:\/\/csp.ch\/neuchatel\/crise-en-ukraine-informations-canton-de-neuchatel\/\"},\"author\":{\"name\":\"ndubois\",\"@id\":\"https:\/\/csp.ch\/neuchatel\/#\/schema\/person\/9412b5c2f70e54c44312f4b6c47a014d\"},\"headline\":\"Crise en Ukraine : informations dans le canton de Neuch\u00e2tel\",\"datePublished\":\"2022-03-29T08:40:58+00:00\",\"mainEntityOfPage\":{\"@id\":\"https:\/\/csp.ch\/neuchatel\/crise-en-ukraine-informations-canton-de-neuchatel\/\"},\"wordCount\":140,\"publisher\":{\"@id\":\"https:\/\/csp.ch\/neuchatel\/#organization\"},\"image\":{\"@id\":\"https:\/\/csp.ch\/neuchatel\/crise-en-ukraine-informations-canton-de-neuchatel\/#primaryimage\"},\"thumbnailUrl\":\"https:\/\/csp.ch\/wp-content\/uploads\/sites\/7\/2022\/03\/ukraine-7042810_1920.png\",\"articleSection\":[\"Questions de migration\"],\"inLanguage\":\"fr-FR\"},{\"@type\":\"WebPage\",\"@id\":\"https:\/\/csp.ch\/neuchatel\/crise-en-ukraine-informations-canton-de-neuchatel\/\",\"url\":\"https:\/\/csp.ch\/neuchatel\/crise-en-ukraine-informations-canton-de-neuchatel\/\",\"name\":\"Crise en Ukraine : informations dans le canton de Neuch\u00e2tel - CSP Neuch\u00e2tel\",\"isPartOf\":{\"@id\":\"https:\/\/csp.ch\/neuchatel\/#website\"},\"primaryImageOfPage\":{\"@id\":\"https:\/\/csp.ch\/neuchatel\/crise-en-ukraine-informations-canton-de-neuchatel\/#primaryimage\"},\"image\":{\"@id\":\"https:\/\/csp.ch\/neuchatel\/crise-en-ukraine-informations-canton-de-neuchatel\/#primaryimage\"},\"thumbnailUrl\":\"https:\/\/csp.ch\/wp-content\/uploads\/sites\/7\/2022\/03\/ukraine-7042810_1920.png\",\"datePublished\":\"2022-03-29T08:40:58+00:00\",\"description\":\"Ukraine : informations relatives \u00e0 l'accueil des personnes. Le CSP dispense des informations sociales, juridiques ou administratives.\",\"breadcrumb\":{\"@id\":\"https:\/\/csp.ch\/neuchatel\/crise-en-ukraine-informations-canton-de-neuchatel\/#breadcrumb\"},\"inLanguage\":\"fr-FR\",\"potentialAction\":[{\"@type\":\"ReadAction\",\"target\":[\"https:\/\/csp.ch\/neuchatel\/crise-en-ukraine-informations-canton-de-neuchatel\/\"]}]},{\"@type\":\"ImageObject\",\"inLanguage\":\"fr-FR\",\"@id\":\"https:\/\/csp.ch\/neuchatel\/crise-en-ukraine-informations-canton-de-neuchatel\/#primaryimage\",\"url\":\"https:\/\/csp.ch\/wp-content\/uploads\/sites\/7\/2022\/03\/ukraine-7042810_1920.png\",\"contentUrl\":\"https:\/\/csp.ch\/wp-content\/uploads\/sites\/7\/2022\/03\/ukraine-7042810_1920.png\",\"width\":1920,\"height\":1280,\"caption\":\"Ukraine information Neuch\u00e2tel\"},{\"@type\":\"BreadcrumbList\",\"@id\":\"https:\/\/csp.ch\/neuchatel\/crise-en-ukraine-informations-canton-de-neuchatel\/#breadcrumb\",\"itemListElement\":[{\"@type\":\"ListItem\",\"position\":1,\"name\":\"Accueil\",\"item\":\"https:\/\/csp.ch\/neuchatel\/\"},{\"@type\":\"ListItem\",\"position\":2,\"name\":\"Crise en Ukraine : informations dans le canton de Neuch\u00e2tel\"}]},{\"@type\":\"WebSite\",\"@id\":\"https:\/\/csp.ch\/neuchatel\/#website\",\"url\":\"https:\/\/csp.ch\/neuchatel\/\",\"name\":\"CSP Neuch\u00e2tel\",\"description\":\"\",\"publisher\":{\"@id\":\"https:\/\/csp.ch\/neuchatel\/#organization\"},\"potentialAction\":[{\"@type\":\"SearchAction\",\"target\":{\"@type\":\"EntryPoint\",\"urlTemplate\":\"https:\/\/csp.ch\/neuchatel\/?s={search_term_string}\"},\"query-input\":{\"@type\":\"PropertyValueSpecification\",\"valueRequired\":true,\"valueName\":\"search_term_string\"}}],\"inLanguage\":\"fr-FR\"},{\"@type\":\"Organization\",\"@id\":\"https:\/\/csp.ch\/neuchatel\/#organization\",\"name\":\"CSP Neuch\u00e2tel\",\"url\":\"https:\/\/csp.ch\/neuchatel\/\",\"logo\":{\"@type\":\"ImageObject\",\"inLanguage\":\"fr-FR\",\"@id\":\"https:\/\/csp.ch\/neuchatel\/#\/schema\/logo\/image\/\",\"url\":\"https:\/\/csp.ch\/wp-content\/uploads\/sites\/7\/2020\/02\/LOGO-CSP.jpg\",\"contentUrl\":\"https:\/\/csp.ch\/wp-content\/uploads\/sites\/7\/2020\/02\/LOGO-CSP.jpg\",\"width\":667,\"height\":667,\"caption\":\"CSP Neuch\u00e2tel\"},\"image\":{\"@id\":\"https:\/\/csp.ch\/neuchatel\/#\/schema\/logo\/image\/\"},\"sameAs\":[\"https:\/\/www.facebook.com\/CSPSuisse\/\"]},{\"@type\":\"Person\",\"@id\":\"https:\/\/csp.ch\/neuchatel\/#\/schema\/person\/9412b5c2f70e54c44312f4b6c47a014d\",\"name\":\"ndubois\",\"image\":{\"@type\":\"ImageObject\",\"inLanguage\":\"fr-FR\",\"@id\":\"https:\/\/csp.ch\/neuchatel\/#\/schema\/person\/image\/\",\"url\":\"https:\/\/secure.gravatar.com\/avatar\/dc2c39afcfb018f7c2cc33e1cb3ad5c9dbeac402dc311297caa1940145289dd4?s=96&d=mm&r=g\",\"contentUrl\":\"https:\/\/secure.gravatar.com\/avatar\/dc2c39afcfb018f7c2cc33e1cb3ad5c9dbeac402dc311297caa1940145289dd4?s=96&d=mm&r=g\",\"caption\":\"ndubois\"},\"url\":\"https:\/\/csp.ch\/neuchatel\/author\/ndubois\/\"}]}<\/script>\n<!-- \/ Yoast SEO plugin. -->","yoast_head_json":{"title":"Crise en Ukraine : informations dans le canton de Neuch\u00e2tel - CSP Neuch\u00e2tel","description":"Ukraine : informations relatives \u00e0 l'accueil des personnes. Le CSP dispense des informations sociales, juridiques ou administratives.","robots":{"index":"index","follow":"follow","max-snippet":"max-snippet:-1","max-image-preview":"max-image-preview:large","max-video-preview":"max-video-preview:-1"},"canonical":"https:\/\/csp.ch\/neuchatel\/crise-en-ukraine-informations-canton-de-neuchatel\/","og_locale":"fr_FR","og_type":"article","og_title":"Crise en Ukraine : informations dans le canton de Neuch\u00e2tel - CSP Neuch\u00e2tel","og_description":"Ukraine : informations relatives \u00e0 l'accueil des personnes. Le CSP dispense des informations sociales, juridiques ou administratives.","og_url":"https:\/\/csp.ch\/neuchatel\/crise-en-ukraine-informations-canton-de-neuchatel\/","og_site_name":"CSP Neuch\u00e2tel","article_publisher":"https:\/\/www.facebook.com\/CSPSuisse\/","article_published_time":"2022-03-29T08:40:58+00:00","og_image":[{"width":1920,"height":1280,"url":"https:\/\/csp.ch\/wp-content\/uploads\/sites\/7\/2022\/03\/ukraine-7042810_1920.png","type":"image\/png"}],"author":"ndubois","twitter_card":"summary_large_image","twitter_misc":{"\u00c9crit par":"ndubois","Dur\u00e9e de lecture estim\u00e9e":"1 minute"},"schema":{"@context":"https:\/\/schema.org","@graph":[{"@type":"Article","@id":"https:\/\/csp.ch\/neuchatel\/crise-en-ukraine-informations-canton-de-neuchatel\/#article","isPartOf":{"@id":"https:\/\/csp.ch\/neuchatel\/crise-en-ukraine-informations-canton-de-neuchatel\/"},"author":{"name":"ndubois","@id":"https:\/\/csp.ch\/neuchatel\/#\/schema\/person\/9412b5c2f70e54c44312f4b6c47a014d"},"headline":"Crise en Ukraine : informations dans le canton de Neuch\u00e2tel","datePublished":"2022-03-29T08:40:58+00:00","mainEntityOfPage":{"@id":"https:\/\/csp.ch\/neuchatel\/crise-en-ukraine-informations-canton-de-neuchatel\/"},"wordCount":140,"publisher":{"@id":"https:\/\/csp.ch\/neuchatel\/#organization"},"image":{"@id":"https:\/\/csp.ch\/neuchatel\/crise-en-ukraine-informations-canton-de-neuchatel\/#primaryimage"},"thumbnailUrl":"https:\/\/csp.ch\/wp-content\/uploads\/sites\/7\/2022\/03\/ukraine-7042810_1920.png","articleSection":["Questions de migration"],"inLanguage":"fr-FR"},{"@type":"WebPage","@id":"https:\/\/csp.ch\/neuchatel\/crise-en-ukraine-informations-canton-de-neuchatel\/","url":"https:\/\/csp.ch\/neuchatel\/crise-en-ukraine-informations-canton-de-neuchatel\/","name":"Crise en Ukraine : informations dans le canton de Neuch\u00e2tel - CSP Neuch\u00e2tel","isPartOf":{"@id":"https:\/\/csp.ch\/neuchatel\/#website"},"primaryImageOfPage":{"@id":"https:\/\/csp.ch\/neuchatel\/crise-en-ukraine-informations-canton-de-neuchatel\/#primaryimage"},"image":{"@id":"https:\/\/csp.ch\/neuchatel\/crise-en-ukraine-informations-canton-de-neuchatel\/#primaryimage"},"thumbnailUrl":"https:\/\/csp.ch\/wp-content\/uploads\/sites\/7\/2022\/03\/ukraine-7042810_1920.png","datePublished":"2022-03-29T08:40:58+00:00","description":"Ukraine : informations relatives \u00e0 l'accueil des personnes. Le CSP dispense des informations sociales, juridiques ou administratives.","breadcrumb":{"@id":"https:\/\/csp.ch\/neuchatel\/crise-en-ukraine-informations-canton-de-neuchatel\/#breadcrumb"},"inLanguage":"fr-FR","potentialAction":[{"@type":"ReadAction","target":["https:\/\/csp.ch\/neuchatel\/crise-en-ukraine-informations-canton-de-neuchatel\/"]}]},{"@type":"ImageObject","inLanguage":"fr-FR","@id":"https:\/\/csp.ch\/neuchatel\/crise-en-ukraine-informations-canton-de-neuchatel\/#primaryimage","url":"https:\/\/csp.ch\/wp-content\/uploads\/sites\/7\/2022\/03\/ukraine-7042810_1920.png","contentUrl":"https:\/\/csp.ch\/wp-content\/uploads\/sites\/7\/2022\/03\/ukraine-7042810_1920.png","width":1920,"height":1280,"caption":"Ukraine information Neuch\u00e2tel"},{"@type":"BreadcrumbList","@id":"https:\/\/csp.ch\/neuchatel\/crise-en-ukraine-informations-canton-de-neuchatel\/#breadcrumb","itemListElement":[{"@type":"ListItem","position":1,"name":"Accueil","item":"https:\/\/csp.ch\/neuchatel\/"},{"@type":"ListItem","position":2,"name":"Crise en Ukraine : informations dans le canton de Neuch\u00e2tel"}]},{"@type":"WebSite","@id":"https:\/\/csp.ch\/neuchatel\/#website","url":"https:\/\/csp.ch\/neuchatel\/","name":"CSP Neuch\u00e2tel","description":"","publisher":{"@id":"https:\/\/csp.ch\/neuchatel\/#organization"},"potentialAction":[{"@type":"SearchAction","target":{"@type":"EntryPoint","urlTemplate":"https:\/\/csp.ch\/neuchatel\/?s={search_term_string}"},"query-input":{"@type":"PropertyValueSpecification","valueRequired":true,"valueName":"search_term_string"}}],"inLanguage":"fr-FR"},{"@type":"Organization","@id":"https:\/\/csp.ch\/neuchatel\/#organization","name":"CSP Neuch\u00e2tel","url":"https:\/\/csp.ch\/neuchatel\/","logo":{"@type":"ImageObject","inLanguage":"fr-FR","@id":"https:\/\/csp.ch\/neuchatel\/#\/schema\/logo\/image\/","url":"https:\/\/csp.ch\/wp-content\/uploads\/sites\/7\/2020\/02\/LOGO-CSP.jpg","contentUrl":"https:\/\/csp.ch\/wp-content\/uploads\/sites\/7\/2020\/02\/LOGO-CSP.jpg","width":667,"height":667,"caption":"CSP Neuch\u00e2tel"},"image":{"@id":"https:\/\/csp.ch\/neuchatel\/#\/schema\/logo\/image\/"},"sameAs":["https:\/\/www.facebook.com\/CSPSuisse\/"]},{"@type":"Person","@id":"https:\/\/csp.ch\/neuchatel\/#\/schema\/person\/9412b5c2f70e54c44312f4b6c47a014d","name":"ndubois","image":{"@type":"ImageObject","inLanguage":"fr-FR","@id":"https:\/\/csp.ch\/neuchatel\/#\/schema\/person\/image\/","url":"https:\/\/secure.gravatar.com\/avatar\/dc2c39afcfb018f7c2cc33e1cb3ad5c9dbeac402dc311297caa1940145289dd4?s=96&d=mm&r=g","contentUrl":"https:\/\/secure.gravatar.com\/avatar\/dc2c39afcfb018f7c2cc33e1cb3ad5c9dbeac402dc311297caa1940145289dd4?s=96&d=mm&r=g","caption":"ndubois"},"url":"https:\/\/csp.ch\/neuchatel\/author\/ndubois\/"}]}},"_links":{"self":[{"href":"https:\/\/csp.ch\/neuchatel\/wp-json\/wp\/v2\/posts\/2913","targetHints":{"allow":["GET"]}}],"collection":[{"href":"https:\/\/csp.ch\/neuchatel\/wp-json\/wp\/v2\/posts"}],"about":[{"href":"https:\/\/csp.ch\/neuchatel\/wp-json\/wp\/v2\/types\/post"}],"author":[{"embeddable":true,"href":"https:\/\/csp.ch\/neuchatel\/wp-json\/wp\/v2\/users\/30"}],"replies":[{"embeddable":true,"href":"https:\/\/csp.ch\/neuchatel\/wp-json\/wp\/v2\/comments?post=2913"}],"version-history":[{"count":1,"href":"https:\/\/csp.ch\/neuchatel\/wp-json\/wp\/v2\/posts\/2913\/revisions"}],"predecessor-version":[{"id":2914,"href":"https:\/\/csp.ch\/neuchatel\/wp-json\/wp\/v2\/posts\/2913\/revisions\/2914"}],"wp:featuredmedia":[{"embeddable":true,"href":"https:\/\/csp.ch\/neuchatel\/wp-json\/wp\/v2\/media\/2916"}],"wp:attachment":[{"href":"https:\/\/csp.ch\/neuchatel\/wp-json\/wp\/v2\/media?parent=2913"}],"wp:term":[{"taxonomy":"category","embeddable":true,"href":"https:\/\/csp.ch\/neuchatel\/wp-json\/wp\/v2\/categories?post=2913"},{"taxonomy":"post_tag","embeddable":true,"href":"https:\/\/csp.ch\/neuchatel\/wp-json\/wp\/v2\/tags?post=2913"}],"curies":[{"name":"wp","href":"https:\/\/api.w.org\/{rel}","templated":true}]}}