{"id":2128,"date":"2020-08-31T12:52:41","date_gmt":"2020-08-31T11:52:41","guid":{"rendered":"https:\/\/csp.ch\/neuchatel\/?p=2128"},"modified":"2020-09-02T09:27:00","modified_gmt":"2020-09-02T08:27:00","slug":"appel-a-benevoles-csp","status":"publish","type":"post","link":"https:\/\/csp.ch\/neuchatel\/appel-a-benevoles-csp\/","title":{"rendered":"Appel \u00e0 B\u00e9n\u00e9voles"},"content":{"rendered":"<h4>Engagez-vous<\/h4>\n<p>Le CSP lance un appel \u00e0 b\u00e9n\u00e9voles pour ses boutiques ! Nous avons besoin de VOUS, que ce soit pour un engagement \u00e0 long terme ou un soutien ponctuel pour le tri ou la vente.<\/p>\n<p>Vous avez du temps \u00e0 disposition ? Vous aimez le contact humain ? Vous souhaitez soutenir le CSP ? Devenez b\u00e9n\u00e9voles dans l&rsquo;une de nos 3 boutiques et vivez une exp\u00e9rience sociale et humaine enrichissante !<\/p>\n<blockquote>\n<p style=\"text-align: center\">Plus que jamais, la solidarit\u00e9 est de mise. Votre soutien est pr\u00e9cieux.<br \/>\nMerci pour votre engagement !<\/p>\n<\/blockquote>\n<h4>Inscription<\/h4>\n<p>Contactez-nous par courriel \u00e0 l&rsquo;adresse <a href=\"m&#97;&#x69;&#x6c;t&#111;&#58;&#x63;&#x73;p&#46;&#x63;&#x6f;m&#109;&#117;&#x6e;&#x69;c&#97;&#x74;&#x69;o&#110;&#64;&#x6e;&#x65;&#46;&#99;&#x68;\" target=\"_blank\" rel=\"noopener noreferrer\">&#x63;&#x73;&#x70;&#46;&#99;om&#x6d;&#x75;&#x6e;&#105;&#99;at&#x69;&#x6f;&#x6e;&#64;&#110;e&#46;&#x63;&#x68;<\/a> en indiquant vos nom, pr\u00e9nom et num\u00e9ro de t\u00e9l\u00e9phone.<\/p>\n<p>Merci de pr\u00e9ciser pour quelle boutique \u2013 La Chaux-de-Fonds, Neuch\u00e2tel, La Jonch\u00e8re* \u2013 vous souhaiteriez offrir un peu de votre temps. L&rsquo;un-e de nos responsables de boutique prendra ensuite contact avec vous pour un entretien pr\u00e9liminaire.<\/p>\n<p><em>*Pour notre boutique de La Jonch\u00e8re, nous cherchons essentiellement des personnes pour le samedi.<\/em><\/p>\n<p>&nbsp;<\/p>\n<p>N&rsquo;h\u00e9sitez pas \u00e0 partager notre appel \u00e0 b\u00e9n\u00e9voles autour de vous !<\/p>\n<p>&nbsp;<\/p>\n<p>Suivez nos <a href=\"https:\/\/csp.ch\/neuchatel\/boutiques\/\" target=\"_blank\" rel=\"noopener noreferrer\">Boutiques<\/a> sur <a href=\"https:\/\/www.facebook.com\/boutiquescspneuchatel\" target=\"_blank\" rel=\"noopener noreferrer\">Facebook<\/a> et sur <a href=\"https:\/\/www.instagram.com\/boutiques_csp_neuchatel\/\" target=\"_blank\" rel=\"noopener noreferrer\">Instagram<\/a>!<\/p>\n","protected":false},"excerpt":{"rendered":"<p>Engagez-vous Le CSP lance un appel \u00e0 b\u00e9n\u00e9voles pour ses boutiques ! Nous avons besoin de VOUS, que ce soit pour un engagement \u00e0 long terme ou un soutien ponctuel pour le tri ou la vente. Vous avez du temps \u00e0 disposition ? Vous aimez le contact humain ? Vous souhaitez soutenir le CSP ? [&hellip;]<\/p>\n","protected":false},"author":30,"featured_media":1984,"comment_status":"closed","ping_status":"closed","sticky":false,"template":"","format":"standard","meta":{"_acf_changed":false,"footnotes":""},"categories":[28],"tags":[],"class_list":["post-2128","post","type-post","status-publish","format-standard","has-post-thumbnail","hentry","category-boutiques"],"acf":[],"yoast_head":"<!-- This site is optimized with the Yoast SEO plugin v27.1.1 - https:\/\/yoast.com\/product\/yoast-seo-wordpress\/ -->\n<title>Appel \u00e0 B\u00e9n\u00e9voles - CSP Neuch\u00e2tel<\/title>\n<meta name=\"description\" content=\"Le CSP lance un appel \u00e0 b\u00e9n\u00e9vole pour la vente ou le tri dans ses trois boutiques de seconde main. Engagez-vous pour du moyen \u00e0 long termes !\" \/>\n<meta name=\"robots\" content=\"index, follow, max-snippet:-1, max-image-preview:large, max-video-preview:-1\" \/>\n<link rel=\"canonical\" href=\"https:\/\/csp.ch\/neuchatel\/appel-a-benevoles-csp\/\" \/>\n<meta property=\"og:locale\" content=\"fr_FR\" \/>\n<meta property=\"og:type\" content=\"article\" \/>\n<meta property=\"og:title\" content=\"Appel \u00e0 B\u00e9n\u00e9voles - CSP Neuch\u00e2tel\" \/>\n<meta property=\"og:description\" content=\"Le CSP lance un appel \u00e0 b\u00e9n\u00e9vole pour la vente ou le tri dans ses trois boutiques de seconde main. Engagez-vous pour du moyen \u00e0 long termes !\" \/>\n<meta property=\"og:url\" content=\"https:\/\/csp.ch\/neuchatel\/appel-a-benevoles-csp\/\" \/>\n<meta property=\"og:site_name\" content=\"CSP Neuch\u00e2tel\" \/>\n<meta property=\"article:publisher\" content=\"https:\/\/www.facebook.com\/CSPSuisse\/\" \/>\n<meta property=\"article:published_time\" content=\"2020-08-31T11:52:41+00:00\" \/>\n<meta property=\"article:modified_time\" content=\"2020-09-02T08:27:00+00:00\" \/>\n<meta property=\"og:image\" content=\"https:\/\/csp.ch\/wp-content\/uploads\/sites\/7\/2020\/05\/DEVENEZ_BENEVOLES.jpg\" \/>\n\t<meta property=\"og:image:width\" content=\"740\" \/>\n\t<meta property=\"og:image:height\" content=\"330\" \/>\n\t<meta property=\"og:image:type\" content=\"image\/jpeg\" \/>\n<meta name=\"author\" content=\"ndubois\" \/>\n<meta name=\"twitter:card\" content=\"summary_large_image\" \/>\n<meta name=\"twitter:label1\" content=\"\u00c9crit par\" \/>\n\t<meta name=\"twitter:data1\" content=\"ndubois\" \/>\n\t<meta name=\"twitter:label2\" content=\"Dur\u00e9e de lecture estim\u00e9e\" \/>\n\t<meta name=\"twitter:data2\" content=\"1 minute\" \/>\n<script type=\"application\/ld+json\" class=\"yoast-schema-graph\">{\"@context\":\"https:\/\/schema.org\",\"@graph\":[{\"@type\":\"Article\",\"@id\":\"https:\/\/csp.ch\/neuchatel\/appel-a-benevoles-csp\/#article\",\"isPartOf\":{\"@id\":\"https:\/\/csp.ch\/neuchatel\/appel-a-benevoles-csp\/\"},\"author\":{\"name\":\"ndubois\",\"@id\":\"https:\/\/csp.ch\/neuchatel\/#\/schema\/person\/9412b5c2f70e54c44312f4b6c47a014d\"},\"headline\":\"Appel \u00e0 B\u00e9n\u00e9voles\",\"datePublished\":\"2020-08-31T11:52:41+00:00\",\"dateModified\":\"2020-09-02T08:27:00+00:00\",\"mainEntityOfPage\":{\"@id\":\"https:\/\/csp.ch\/neuchatel\/appel-a-benevoles-csp\/\"},\"wordCount\":190,\"publisher\":{\"@id\":\"https:\/\/csp.ch\/neuchatel\/#organization\"},\"image\":{\"@id\":\"https:\/\/csp.ch\/neuchatel\/appel-a-benevoles-csp\/#primaryimage\"},\"thumbnailUrl\":\"https:\/\/csp.ch\/wp-content\/uploads\/sites\/7\/2020\/05\/DEVENEZ_BENEVOLES.jpg\",\"articleSection\":[\"Boutiques\"],\"inLanguage\":\"fr-FR\"},{\"@type\":\"WebPage\",\"@id\":\"https:\/\/csp.ch\/neuchatel\/appel-a-benevoles-csp\/\",\"url\":\"https:\/\/csp.ch\/neuchatel\/appel-a-benevoles-csp\/\",\"name\":\"Appel \u00e0 B\u00e9n\u00e9voles - CSP Neuch\u00e2tel\",\"isPartOf\":{\"@id\":\"https:\/\/csp.ch\/neuchatel\/#website\"},\"primaryImageOfPage\":{\"@id\":\"https:\/\/csp.ch\/neuchatel\/appel-a-benevoles-csp\/#primaryimage\"},\"image\":{\"@id\":\"https:\/\/csp.ch\/neuchatel\/appel-a-benevoles-csp\/#primaryimage\"},\"thumbnailUrl\":\"https:\/\/csp.ch\/wp-content\/uploads\/sites\/7\/2020\/05\/DEVENEZ_BENEVOLES.jpg\",\"datePublished\":\"2020-08-31T11:52:41+00:00\",\"dateModified\":\"2020-09-02T08:27:00+00:00\",\"description\":\"Le CSP lance un appel \u00e0 b\u00e9n\u00e9vole pour la vente ou le tri dans ses trois boutiques de seconde main. Engagez-vous pour du moyen \u00e0 long termes !\",\"breadcrumb\":{\"@id\":\"https:\/\/csp.ch\/neuchatel\/appel-a-benevoles-csp\/#breadcrumb\"},\"inLanguage\":\"fr-FR\",\"potentialAction\":[{\"@type\":\"ReadAction\",\"target\":[\"https:\/\/csp.ch\/neuchatel\/appel-a-benevoles-csp\/\"]}]},{\"@type\":\"ImageObject\",\"inLanguage\":\"fr-FR\",\"@id\":\"https:\/\/csp.ch\/neuchatel\/appel-a-benevoles-csp\/#primaryimage\",\"url\":\"https:\/\/csp.ch\/wp-content\/uploads\/sites\/7\/2020\/05\/DEVENEZ_BENEVOLES.jpg\",\"contentUrl\":\"https:\/\/csp.ch\/wp-content\/uploads\/sites\/7\/2020\/05\/DEVENEZ_BENEVOLES.jpg\",\"width\":740,\"height\":330,\"caption\":\"b\u00e9n\u00e9volat boutiques CSP\"},{\"@type\":\"BreadcrumbList\",\"@id\":\"https:\/\/csp.ch\/neuchatel\/appel-a-benevoles-csp\/#breadcrumb\",\"itemListElement\":[{\"@type\":\"ListItem\",\"position\":1,\"name\":\"Accueil\",\"item\":\"https:\/\/csp.ch\/neuchatel\/\"},{\"@type\":\"ListItem\",\"position\":2,\"name\":\"Appel \u00e0 B\u00e9n\u00e9voles\"}]},{\"@type\":\"WebSite\",\"@id\":\"https:\/\/csp.ch\/neuchatel\/#website\",\"url\":\"https:\/\/csp.ch\/neuchatel\/\",\"name\":\"CSP Neuch\u00e2tel\",\"description\":\"\",\"publisher\":{\"@id\":\"https:\/\/csp.ch\/neuchatel\/#organization\"},\"potentialAction\":[{\"@type\":\"SearchAction\",\"target\":{\"@type\":\"EntryPoint\",\"urlTemplate\":\"https:\/\/csp.ch\/neuchatel\/?s={search_term_string}\"},\"query-input\":{\"@type\":\"PropertyValueSpecification\",\"valueRequired\":true,\"valueName\":\"search_term_string\"}}],\"inLanguage\":\"fr-FR\"},{\"@type\":\"Organization\",\"@id\":\"https:\/\/csp.ch\/neuchatel\/#organization\",\"name\":\"CSP Neuch\u00e2tel\",\"url\":\"https:\/\/csp.ch\/neuchatel\/\",\"logo\":{\"@type\":\"ImageObject\",\"inLanguage\":\"fr-FR\",\"@id\":\"https:\/\/csp.ch\/neuchatel\/#\/schema\/logo\/image\/\",\"url\":\"https:\/\/csp.ch\/wp-content\/uploads\/sites\/7\/2020\/02\/LOGO-CSP.jpg\",\"contentUrl\":\"https:\/\/csp.ch\/wp-content\/uploads\/sites\/7\/2020\/02\/LOGO-CSP.jpg\",\"width\":667,\"height\":667,\"caption\":\"CSP Neuch\u00e2tel\"},\"image\":{\"@id\":\"https:\/\/csp.ch\/neuchatel\/#\/schema\/logo\/image\/\"},\"sameAs\":[\"https:\/\/www.facebook.com\/CSPSuisse\/\"]},{\"@type\":\"Person\",\"@id\":\"https:\/\/csp.ch\/neuchatel\/#\/schema\/person\/9412b5c2f70e54c44312f4b6c47a014d\",\"name\":\"ndubois\",\"image\":{\"@type\":\"ImageObject\",\"inLanguage\":\"fr-FR\",\"@id\":\"https:\/\/csp.ch\/neuchatel\/#\/schema\/person\/image\/\",\"url\":\"https:\/\/secure.gravatar.com\/avatar\/dc2c39afcfb018f7c2cc33e1cb3ad5c9dbeac402dc311297caa1940145289dd4?s=96&d=mm&r=g\",\"contentUrl\":\"https:\/\/secure.gravatar.com\/avatar\/dc2c39afcfb018f7c2cc33e1cb3ad5c9dbeac402dc311297caa1940145289dd4?s=96&d=mm&r=g\",\"caption\":\"ndubois\"},\"url\":\"https:\/\/csp.ch\/neuchatel\/author\/ndubois\/\"}]}<\/script>\n<!-- \/ Yoast SEO plugin. -->","yoast_head_json":{"title":"Appel \u00e0 B\u00e9n\u00e9voles - CSP Neuch\u00e2tel","description":"Le CSP lance un appel \u00e0 b\u00e9n\u00e9vole pour la vente ou le tri dans ses trois boutiques de seconde main. Engagez-vous pour du moyen \u00e0 long termes !","robots":{"index":"index","follow":"follow","max-snippet":"max-snippet:-1","max-image-preview":"max-image-preview:large","max-video-preview":"max-video-preview:-1"},"canonical":"https:\/\/csp.ch\/neuchatel\/appel-a-benevoles-csp\/","og_locale":"fr_FR","og_type":"article","og_title":"Appel \u00e0 B\u00e9n\u00e9voles - CSP Neuch\u00e2tel","og_description":"Le CSP lance un appel \u00e0 b\u00e9n\u00e9vole pour la vente ou le tri dans ses trois boutiques de seconde main. Engagez-vous pour du moyen \u00e0 long termes !","og_url":"https:\/\/csp.ch\/neuchatel\/appel-a-benevoles-csp\/","og_site_name":"CSP Neuch\u00e2tel","article_publisher":"https:\/\/www.facebook.com\/CSPSuisse\/","article_published_time":"2020-08-31T11:52:41+00:00","article_modified_time":"2020-09-02T08:27:00+00:00","og_image":[{"width":740,"height":330,"url":"https:\/\/csp.ch\/wp-content\/uploads\/sites\/7\/2020\/05\/DEVENEZ_BENEVOLES.jpg","type":"image\/jpeg"}],"author":"ndubois","twitter_card":"summary_large_image","twitter_misc":{"\u00c9crit par":"ndubois","Dur\u00e9e de lecture estim\u00e9e":"1 minute"},"schema":{"@context":"https:\/\/schema.org","@graph":[{"@type":"Article","@id":"https:\/\/csp.ch\/neuchatel\/appel-a-benevoles-csp\/#article","isPartOf":{"@id":"https:\/\/csp.ch\/neuchatel\/appel-a-benevoles-csp\/"},"author":{"name":"ndubois","@id":"https:\/\/csp.ch\/neuchatel\/#\/schema\/person\/9412b5c2f70e54c44312f4b6c47a014d"},"headline":"Appel \u00e0 B\u00e9n\u00e9voles","datePublished":"2020-08-31T11:52:41+00:00","dateModified":"2020-09-02T08:27:00+00:00","mainEntityOfPage":{"@id":"https:\/\/csp.ch\/neuchatel\/appel-a-benevoles-csp\/"},"wordCount":190,"publisher":{"@id":"https:\/\/csp.ch\/neuchatel\/#organization"},"image":{"@id":"https:\/\/csp.ch\/neuchatel\/appel-a-benevoles-csp\/#primaryimage"},"thumbnailUrl":"https:\/\/csp.ch\/wp-content\/uploads\/sites\/7\/2020\/05\/DEVENEZ_BENEVOLES.jpg","articleSection":["Boutiques"],"inLanguage":"fr-FR"},{"@type":"WebPage","@id":"https:\/\/csp.ch\/neuchatel\/appel-a-benevoles-csp\/","url":"https:\/\/csp.ch\/neuchatel\/appel-a-benevoles-csp\/","name":"Appel \u00e0 B\u00e9n\u00e9voles - CSP Neuch\u00e2tel","isPartOf":{"@id":"https:\/\/csp.ch\/neuchatel\/#website"},"primaryImageOfPage":{"@id":"https:\/\/csp.ch\/neuchatel\/appel-a-benevoles-csp\/#primaryimage"},"image":{"@id":"https:\/\/csp.ch\/neuchatel\/appel-a-benevoles-csp\/#primaryimage"},"thumbnailUrl":"https:\/\/csp.ch\/wp-content\/uploads\/sites\/7\/2020\/05\/DEVENEZ_BENEVOLES.jpg","datePublished":"2020-08-31T11:52:41+00:00","dateModified":"2020-09-02T08:27:00+00:00","description":"Le CSP lance un appel \u00e0 b\u00e9n\u00e9vole pour la vente ou le tri dans ses trois boutiques de seconde main. Engagez-vous pour du moyen \u00e0 long termes !","breadcrumb":{"@id":"https:\/\/csp.ch\/neuchatel\/appel-a-benevoles-csp\/#breadcrumb"},"inLanguage":"fr-FR","potentialAction":[{"@type":"ReadAction","target":["https:\/\/csp.ch\/neuchatel\/appel-a-benevoles-csp\/"]}]},{"@type":"ImageObject","inLanguage":"fr-FR","@id":"https:\/\/csp.ch\/neuchatel\/appel-a-benevoles-csp\/#primaryimage","url":"https:\/\/csp.ch\/wp-content\/uploads\/sites\/7\/2020\/05\/DEVENEZ_BENEVOLES.jpg","contentUrl":"https:\/\/csp.ch\/wp-content\/uploads\/sites\/7\/2020\/05\/DEVENEZ_BENEVOLES.jpg","width":740,"height":330,"caption":"b\u00e9n\u00e9volat boutiques CSP"},{"@type":"BreadcrumbList","@id":"https:\/\/csp.ch\/neuchatel\/appel-a-benevoles-csp\/#breadcrumb","itemListElement":[{"@type":"ListItem","position":1,"name":"Accueil","item":"https:\/\/csp.ch\/neuchatel\/"},{"@type":"ListItem","position":2,"name":"Appel \u00e0 B\u00e9n\u00e9voles"}]},{"@type":"WebSite","@id":"https:\/\/csp.ch\/neuchatel\/#website","url":"https:\/\/csp.ch\/neuchatel\/","name":"CSP Neuch\u00e2tel","description":"","publisher":{"@id":"https:\/\/csp.ch\/neuchatel\/#organization"},"potentialAction":[{"@type":"SearchAction","target":{"@type":"EntryPoint","urlTemplate":"https:\/\/csp.ch\/neuchatel\/?s={search_term_string}"},"query-input":{"@type":"PropertyValueSpecification","valueRequired":true,"valueName":"search_term_string"}}],"inLanguage":"fr-FR"},{"@type":"Organization","@id":"https:\/\/csp.ch\/neuchatel\/#organization","name":"CSP Neuch\u00e2tel","url":"https:\/\/csp.ch\/neuchatel\/","logo":{"@type":"ImageObject","inLanguage":"fr-FR","@id":"https:\/\/csp.ch\/neuchatel\/#\/schema\/logo\/image\/","url":"https:\/\/csp.ch\/wp-content\/uploads\/sites\/7\/2020\/02\/LOGO-CSP.jpg","contentUrl":"https:\/\/csp.ch\/wp-content\/uploads\/sites\/7\/2020\/02\/LOGO-CSP.jpg","width":667,"height":667,"caption":"CSP Neuch\u00e2tel"},"image":{"@id":"https:\/\/csp.ch\/neuchatel\/#\/schema\/logo\/image\/"},"sameAs":["https:\/\/www.facebook.com\/CSPSuisse\/"]},{"@type":"Person","@id":"https:\/\/csp.ch\/neuchatel\/#\/schema\/person\/9412b5c2f70e54c44312f4b6c47a014d","name":"ndubois","image":{"@type":"ImageObject","inLanguage":"fr-FR","@id":"https:\/\/csp.ch\/neuchatel\/#\/schema\/person\/image\/","url":"https:\/\/secure.gravatar.com\/avatar\/dc2c39afcfb018f7c2cc33e1cb3ad5c9dbeac402dc311297caa1940145289dd4?s=96&d=mm&r=g","contentUrl":"https:\/\/secure.gravatar.com\/avatar\/dc2c39afcfb018f7c2cc33e1cb3ad5c9dbeac402dc311297caa1940145289dd4?s=96&d=mm&r=g","caption":"ndubois"},"url":"https:\/\/csp.ch\/neuchatel\/author\/ndubois\/"}]}},"_links":{"self":[{"href":"https:\/\/csp.ch\/neuchatel\/wp-json\/wp\/v2\/posts\/2128","targetHints":{"allow":["GET"]}}],"collection":[{"href":"https:\/\/csp.ch\/neuchatel\/wp-json\/wp\/v2\/posts"}],"about":[{"href":"https:\/\/csp.ch\/neuchatel\/wp-json\/wp\/v2\/types\/post"}],"author":[{"embeddable":true,"href":"https:\/\/csp.ch\/neuchatel\/wp-json\/wp\/v2\/users\/30"}],"replies":[{"embeddable":true,"href":"https:\/\/csp.ch\/neuchatel\/wp-json\/wp\/v2\/comments?post=2128"}],"version-history":[{"count":5,"href":"https:\/\/csp.ch\/neuchatel\/wp-json\/wp\/v2\/posts\/2128\/revisions"}],"predecessor-version":[{"id":2133,"href":"https:\/\/csp.ch\/neuchatel\/wp-json\/wp\/v2\/posts\/2128\/revisions\/2133"}],"wp:featuredmedia":[{"embeddable":true,"href":"https:\/\/csp.ch\/neuchatel\/wp-json\/wp\/v2\/media\/1984"}],"wp:attachment":[{"href":"https:\/\/csp.ch\/neuchatel\/wp-json\/wp\/v2\/media?parent=2128"}],"wp:term":[{"taxonomy":"category","embeddable":true,"href":"https:\/\/csp.ch\/neuchatel\/wp-json\/wp\/v2\/categories?post=2128"},{"taxonomy":"post_tag","embeddable":true,"href":"https:\/\/csp.ch\/neuchatel\/wp-json\/wp\/v2\/tags?post=2128"}],"curies":[{"name":"wp","href":"https:\/\/api.w.org\/{rel}","templated":true}]}}