{"id":1888,"date":"2020-03-30T09:00:51","date_gmt":"2020-03-30T08:00:51","guid":{"rendered":"https:\/\/csp.ch\/neuchatel\/?p=1888"},"modified":"2023-01-26T13:52:36","modified_gmt":"2023-01-26T12:52:36","slug":"ligne-speciale-decoute-et-de-soutien","status":"publish","type":"post","link":"https:\/\/csp.ch\/neuchatel\/ligne-speciale-decoute-et-de-soutien\/","title":{"rendered":"Ligne d&rsquo;\u00e9coute et de soutien"},"content":{"rendered":"<p>Le Service de consultation conjugale du CSP Neuch\u00e2tel propose une <a href=\"https:\/\/csp.ch\/neuchatel\/services\/questions-de-couple\/\" target=\"_blank\" rel=\"noopener noreferrer\">permanence t\u00e9l\u00e9phonique<\/a> pour soutenir et accompagner celles et ceux qui ressentent le besoin de se confier ou qui souffrent de solitude durant cette p\u00e9riode de pand\u00e9mie. Cette ligne est ouverte \u00e0 toute personne du canton vivant seule, en couple ou en famille.<\/p>\n<p><strong>Prendre contact :<\/strong> 032 886 91 00<\/p>\n<p><strong>Horaire :<\/strong> Lundi et jeudi de 14h00 \u00e0 17h00, mercredi de 9h00 \u00e0 11h30<\/p>\n","protected":false},"excerpt":{"rendered":"<p>Le Service de consultation conjugale du CSP Neuch\u00e2tel propose une permanence t\u00e9l\u00e9phonique pour soutenir et accompagner celles et ceux qui ressentent le besoin de se confier ou qui souffrent de solitude durant cette p\u00e9riode de pand\u00e9mie. Cette ligne est ouverte \u00e0 toute personne du canton vivant seule, en couple ou en famille. Prendre contact : [&hellip;]<\/p>\n","protected":false},"author":30,"featured_media":1893,"comment_status":"closed","ping_status":"closed","sticky":false,"template":"","format":"standard","meta":{"_acf_changed":false,"footnotes":""},"categories":[41],"tags":[],"class_list":["post-1888","post","type-post","status-publish","format-standard","has-post-thumbnail","hentry","category-institution"],"acf":[],"yoast_head":"<!-- This site is optimized with the Yoast SEO plugin v27.1.1 - https:\/\/yoast.com\/product\/yoast-seo-wordpress\/ -->\n<title>Ligne d&#039;\u00e9coute et de soutien - CSP Neuch\u00e2tel<\/title>\n<meta name=\"description\" content=\"Permanence t\u00e9l\u00e9phonique du CSP Neuch\u00e2tel, ligne sp\u00e9ciale d&#039;\u00e9coute et de soutien du Service de consultation conjugale ouverte \u00e0 tous et toutes.\" \/>\n<meta name=\"robots\" content=\"index, follow, max-snippet:-1, max-image-preview:large, max-video-preview:-1\" \/>\n<link rel=\"canonical\" href=\"https:\/\/csp.ch\/neuchatel\/ligne-speciale-decoute-et-de-soutien\/\" \/>\n<meta property=\"og:locale\" content=\"fr_FR\" \/>\n<meta property=\"og:type\" content=\"article\" \/>\n<meta property=\"og:title\" content=\"Ligne d&#039;\u00e9coute et de soutien - CSP Neuch\u00e2tel\" \/>\n<meta property=\"og:description\" content=\"Permanence t\u00e9l\u00e9phonique du CSP Neuch\u00e2tel, ligne sp\u00e9ciale d&#039;\u00e9coute et de soutien du Service de consultation conjugale ouverte \u00e0 tous et toutes.\" \/>\n<meta property=\"og:url\" content=\"https:\/\/csp.ch\/neuchatel\/ligne-speciale-decoute-et-de-soutien\/\" \/>\n<meta property=\"og:site_name\" content=\"CSP Neuch\u00e2tel\" \/>\n<meta property=\"article:publisher\" content=\"https:\/\/www.facebook.com\/CSPSuisse\/\" \/>\n<meta property=\"article:published_time\" content=\"2020-03-30T08:00:51+00:00\" \/>\n<meta property=\"article:modified_time\" content=\"2023-01-26T12:52:36+00:00\" \/>\n<meta property=\"og:image\" content=\"https:\/\/csp.ch\/wp-content\/uploads\/sites\/7\/2020\/03\/LIGNESPECIALE_ECOUTE1.png\" \/>\n\t<meta property=\"og:image:width\" content=\"740\" \/>\n\t<meta property=\"og:image:height\" content=\"330\" \/>\n\t<meta property=\"og:image:type\" content=\"image\/png\" \/>\n<meta name=\"author\" content=\"ndubois\" \/>\n<meta name=\"twitter:card\" content=\"summary_large_image\" \/>\n<meta name=\"twitter:label1\" content=\"\u00c9crit par\" \/>\n\t<meta name=\"twitter:data1\" content=\"ndubois\" \/>\n<script type=\"application\/ld+json\" class=\"yoast-schema-graph\">{\"@context\":\"https:\/\/schema.org\",\"@graph\":[{\"@type\":\"Article\",\"@id\":\"https:\/\/csp.ch\/neuchatel\/ligne-speciale-decoute-et-de-soutien\/#article\",\"isPartOf\":{\"@id\":\"https:\/\/csp.ch\/neuchatel\/ligne-speciale-decoute-et-de-soutien\/\"},\"author\":{\"name\":\"ndubois\",\"@id\":\"https:\/\/csp.ch\/neuchatel\/#\/schema\/person\/9412b5c2f70e54c44312f4b6c47a014d\"},\"headline\":\"Ligne d&rsquo;\u00e9coute et de soutien\",\"datePublished\":\"2020-03-30T08:00:51+00:00\",\"dateModified\":\"2023-01-26T12:52:36+00:00\",\"mainEntityOfPage\":{\"@id\":\"https:\/\/csp.ch\/neuchatel\/ligne-speciale-decoute-et-de-soutien\/\"},\"wordCount\":75,\"publisher\":{\"@id\":\"https:\/\/csp.ch\/neuchatel\/#organization\"},\"image\":{\"@id\":\"https:\/\/csp.ch\/neuchatel\/ligne-speciale-decoute-et-de-soutien\/#primaryimage\"},\"thumbnailUrl\":\"https:\/\/csp.ch\/wp-content\/uploads\/sites\/7\/2020\/03\/LIGNESPECIALE_ECOUTE1.png\",\"articleSection\":[\"Institution\"],\"inLanguage\":\"fr-FR\"},{\"@type\":\"WebPage\",\"@id\":\"https:\/\/csp.ch\/neuchatel\/ligne-speciale-decoute-et-de-soutien\/\",\"url\":\"https:\/\/csp.ch\/neuchatel\/ligne-speciale-decoute-et-de-soutien\/\",\"name\":\"Ligne d'\u00e9coute et de soutien - CSP Neuch\u00e2tel\",\"isPartOf\":{\"@id\":\"https:\/\/csp.ch\/neuchatel\/#website\"},\"primaryImageOfPage\":{\"@id\":\"https:\/\/csp.ch\/neuchatel\/ligne-speciale-decoute-et-de-soutien\/#primaryimage\"},\"image\":{\"@id\":\"https:\/\/csp.ch\/neuchatel\/ligne-speciale-decoute-et-de-soutien\/#primaryimage\"},\"thumbnailUrl\":\"https:\/\/csp.ch\/wp-content\/uploads\/sites\/7\/2020\/03\/LIGNESPECIALE_ECOUTE1.png\",\"datePublished\":\"2020-03-30T08:00:51+00:00\",\"dateModified\":\"2023-01-26T12:52:36+00:00\",\"description\":\"Permanence t\u00e9l\u00e9phonique du CSP Neuch\u00e2tel, ligne sp\u00e9ciale d'\u00e9coute et de soutien du Service de consultation conjugale ouverte \u00e0 tous et toutes.\",\"breadcrumb\":{\"@id\":\"https:\/\/csp.ch\/neuchatel\/ligne-speciale-decoute-et-de-soutien\/#breadcrumb\"},\"inLanguage\":\"fr-FR\",\"potentialAction\":[{\"@type\":\"ReadAction\",\"target\":[\"https:\/\/csp.ch\/neuchatel\/ligne-speciale-decoute-et-de-soutien\/\"]}]},{\"@type\":\"ImageObject\",\"inLanguage\":\"fr-FR\",\"@id\":\"https:\/\/csp.ch\/neuchatel\/ligne-speciale-decoute-et-de-soutien\/#primaryimage\",\"url\":\"https:\/\/csp.ch\/wp-content\/uploads\/sites\/7\/2020\/03\/LIGNESPECIALE_ECOUTE1.png\",\"contentUrl\":\"https:\/\/csp.ch\/wp-content\/uploads\/sites\/7\/2020\/03\/LIGNESPECIALE_ECOUTE1.png\",\"width\":740,\"height\":330,\"caption\":\"permanence_\u00e9coute_soutien\"},{\"@type\":\"BreadcrumbList\",\"@id\":\"https:\/\/csp.ch\/neuchatel\/ligne-speciale-decoute-et-de-soutien\/#breadcrumb\",\"itemListElement\":[{\"@type\":\"ListItem\",\"position\":1,\"name\":\"Accueil\",\"item\":\"https:\/\/csp.ch\/neuchatel\/\"},{\"@type\":\"ListItem\",\"position\":2,\"name\":\"Ligne d&rsquo;\u00e9coute et de soutien\"}]},{\"@type\":\"WebSite\",\"@id\":\"https:\/\/csp.ch\/neuchatel\/#website\",\"url\":\"https:\/\/csp.ch\/neuchatel\/\",\"name\":\"CSP Neuch\u00e2tel\",\"description\":\"\",\"publisher\":{\"@id\":\"https:\/\/csp.ch\/neuchatel\/#organization\"},\"potentialAction\":[{\"@type\":\"SearchAction\",\"target\":{\"@type\":\"EntryPoint\",\"urlTemplate\":\"https:\/\/csp.ch\/neuchatel\/?s={search_term_string}\"},\"query-input\":{\"@type\":\"PropertyValueSpecification\",\"valueRequired\":true,\"valueName\":\"search_term_string\"}}],\"inLanguage\":\"fr-FR\"},{\"@type\":\"Organization\",\"@id\":\"https:\/\/csp.ch\/neuchatel\/#organization\",\"name\":\"CSP Neuch\u00e2tel\",\"url\":\"https:\/\/csp.ch\/neuchatel\/\",\"logo\":{\"@type\":\"ImageObject\",\"inLanguage\":\"fr-FR\",\"@id\":\"https:\/\/csp.ch\/neuchatel\/#\/schema\/logo\/image\/\",\"url\":\"https:\/\/csp.ch\/wp-content\/uploads\/sites\/7\/2020\/02\/LOGO-CSP.jpg\",\"contentUrl\":\"https:\/\/csp.ch\/wp-content\/uploads\/sites\/7\/2020\/02\/LOGO-CSP.jpg\",\"width\":667,\"height\":667,\"caption\":\"CSP Neuch\u00e2tel\"},\"image\":{\"@id\":\"https:\/\/csp.ch\/neuchatel\/#\/schema\/logo\/image\/\"},\"sameAs\":[\"https:\/\/www.facebook.com\/CSPSuisse\/\"]},{\"@type\":\"Person\",\"@id\":\"https:\/\/csp.ch\/neuchatel\/#\/schema\/person\/9412b5c2f70e54c44312f4b6c47a014d\",\"name\":\"ndubois\",\"image\":{\"@type\":\"ImageObject\",\"inLanguage\":\"fr-FR\",\"@id\":\"https:\/\/csp.ch\/neuchatel\/#\/schema\/person\/image\/\",\"url\":\"https:\/\/secure.gravatar.com\/avatar\/dc2c39afcfb018f7c2cc33e1cb3ad5c9dbeac402dc311297caa1940145289dd4?s=96&d=mm&r=g\",\"contentUrl\":\"https:\/\/secure.gravatar.com\/avatar\/dc2c39afcfb018f7c2cc33e1cb3ad5c9dbeac402dc311297caa1940145289dd4?s=96&d=mm&r=g\",\"caption\":\"ndubois\"},\"url\":\"https:\/\/csp.ch\/neuchatel\/author\/ndubois\/\"}]}<\/script>\n<!-- \/ Yoast SEO plugin. -->","yoast_head_json":{"title":"Ligne d'\u00e9coute et de soutien - CSP Neuch\u00e2tel","description":"Permanence t\u00e9l\u00e9phonique du CSP Neuch\u00e2tel, ligne sp\u00e9ciale d'\u00e9coute et de soutien du Service de consultation conjugale ouverte \u00e0 tous et toutes.","robots":{"index":"index","follow":"follow","max-snippet":"max-snippet:-1","max-image-preview":"max-image-preview:large","max-video-preview":"max-video-preview:-1"},"canonical":"https:\/\/csp.ch\/neuchatel\/ligne-speciale-decoute-et-de-soutien\/","og_locale":"fr_FR","og_type":"article","og_title":"Ligne d'\u00e9coute et de soutien - CSP Neuch\u00e2tel","og_description":"Permanence t\u00e9l\u00e9phonique du CSP Neuch\u00e2tel, ligne sp\u00e9ciale d'\u00e9coute et de soutien du Service de consultation conjugale ouverte \u00e0 tous et toutes.","og_url":"https:\/\/csp.ch\/neuchatel\/ligne-speciale-decoute-et-de-soutien\/","og_site_name":"CSP Neuch\u00e2tel","article_publisher":"https:\/\/www.facebook.com\/CSPSuisse\/","article_published_time":"2020-03-30T08:00:51+00:00","article_modified_time":"2023-01-26T12:52:36+00:00","og_image":[{"width":740,"height":330,"url":"https:\/\/csp.ch\/wp-content\/uploads\/sites\/7\/2020\/03\/LIGNESPECIALE_ECOUTE1.png","type":"image\/png"}],"author":"ndubois","twitter_card":"summary_large_image","twitter_misc":{"\u00c9crit par":"ndubois"},"schema":{"@context":"https:\/\/schema.org","@graph":[{"@type":"Article","@id":"https:\/\/csp.ch\/neuchatel\/ligne-speciale-decoute-et-de-soutien\/#article","isPartOf":{"@id":"https:\/\/csp.ch\/neuchatel\/ligne-speciale-decoute-et-de-soutien\/"},"author":{"name":"ndubois","@id":"https:\/\/csp.ch\/neuchatel\/#\/schema\/person\/9412b5c2f70e54c44312f4b6c47a014d"},"headline":"Ligne d&rsquo;\u00e9coute et de soutien","datePublished":"2020-03-30T08:00:51+00:00","dateModified":"2023-01-26T12:52:36+00:00","mainEntityOfPage":{"@id":"https:\/\/csp.ch\/neuchatel\/ligne-speciale-decoute-et-de-soutien\/"},"wordCount":75,"publisher":{"@id":"https:\/\/csp.ch\/neuchatel\/#organization"},"image":{"@id":"https:\/\/csp.ch\/neuchatel\/ligne-speciale-decoute-et-de-soutien\/#primaryimage"},"thumbnailUrl":"https:\/\/csp.ch\/wp-content\/uploads\/sites\/7\/2020\/03\/LIGNESPECIALE_ECOUTE1.png","articleSection":["Institution"],"inLanguage":"fr-FR"},{"@type":"WebPage","@id":"https:\/\/csp.ch\/neuchatel\/ligne-speciale-decoute-et-de-soutien\/","url":"https:\/\/csp.ch\/neuchatel\/ligne-speciale-decoute-et-de-soutien\/","name":"Ligne d'\u00e9coute et de soutien - CSP Neuch\u00e2tel","isPartOf":{"@id":"https:\/\/csp.ch\/neuchatel\/#website"},"primaryImageOfPage":{"@id":"https:\/\/csp.ch\/neuchatel\/ligne-speciale-decoute-et-de-soutien\/#primaryimage"},"image":{"@id":"https:\/\/csp.ch\/neuchatel\/ligne-speciale-decoute-et-de-soutien\/#primaryimage"},"thumbnailUrl":"https:\/\/csp.ch\/wp-content\/uploads\/sites\/7\/2020\/03\/LIGNESPECIALE_ECOUTE1.png","datePublished":"2020-03-30T08:00:51+00:00","dateModified":"2023-01-26T12:52:36+00:00","description":"Permanence t\u00e9l\u00e9phonique du CSP Neuch\u00e2tel, ligne sp\u00e9ciale d'\u00e9coute et de soutien du Service de consultation conjugale ouverte \u00e0 tous et toutes.","breadcrumb":{"@id":"https:\/\/csp.ch\/neuchatel\/ligne-speciale-decoute-et-de-soutien\/#breadcrumb"},"inLanguage":"fr-FR","potentialAction":[{"@type":"ReadAction","target":["https:\/\/csp.ch\/neuchatel\/ligne-speciale-decoute-et-de-soutien\/"]}]},{"@type":"ImageObject","inLanguage":"fr-FR","@id":"https:\/\/csp.ch\/neuchatel\/ligne-speciale-decoute-et-de-soutien\/#primaryimage","url":"https:\/\/csp.ch\/wp-content\/uploads\/sites\/7\/2020\/03\/LIGNESPECIALE_ECOUTE1.png","contentUrl":"https:\/\/csp.ch\/wp-content\/uploads\/sites\/7\/2020\/03\/LIGNESPECIALE_ECOUTE1.png","width":740,"height":330,"caption":"permanence_\u00e9coute_soutien"},{"@type":"BreadcrumbList","@id":"https:\/\/csp.ch\/neuchatel\/ligne-speciale-decoute-et-de-soutien\/#breadcrumb","itemListElement":[{"@type":"ListItem","position":1,"name":"Accueil","item":"https:\/\/csp.ch\/neuchatel\/"},{"@type":"ListItem","position":2,"name":"Ligne d&rsquo;\u00e9coute et de soutien"}]},{"@type":"WebSite","@id":"https:\/\/csp.ch\/neuchatel\/#website","url":"https:\/\/csp.ch\/neuchatel\/","name":"CSP Neuch\u00e2tel","description":"","publisher":{"@id":"https:\/\/csp.ch\/neuchatel\/#organization"},"potentialAction":[{"@type":"SearchAction","target":{"@type":"EntryPoint","urlTemplate":"https:\/\/csp.ch\/neuchatel\/?s={search_term_string}"},"query-input":{"@type":"PropertyValueSpecification","valueRequired":true,"valueName":"search_term_string"}}],"inLanguage":"fr-FR"},{"@type":"Organization","@id":"https:\/\/csp.ch\/neuchatel\/#organization","name":"CSP Neuch\u00e2tel","url":"https:\/\/csp.ch\/neuchatel\/","logo":{"@type":"ImageObject","inLanguage":"fr-FR","@id":"https:\/\/csp.ch\/neuchatel\/#\/schema\/logo\/image\/","url":"https:\/\/csp.ch\/wp-content\/uploads\/sites\/7\/2020\/02\/LOGO-CSP.jpg","contentUrl":"https:\/\/csp.ch\/wp-content\/uploads\/sites\/7\/2020\/02\/LOGO-CSP.jpg","width":667,"height":667,"caption":"CSP Neuch\u00e2tel"},"image":{"@id":"https:\/\/csp.ch\/neuchatel\/#\/schema\/logo\/image\/"},"sameAs":["https:\/\/www.facebook.com\/CSPSuisse\/"]},{"@type":"Person","@id":"https:\/\/csp.ch\/neuchatel\/#\/schema\/person\/9412b5c2f70e54c44312f4b6c47a014d","name":"ndubois","image":{"@type":"ImageObject","inLanguage":"fr-FR","@id":"https:\/\/csp.ch\/neuchatel\/#\/schema\/person\/image\/","url":"https:\/\/secure.gravatar.com\/avatar\/dc2c39afcfb018f7c2cc33e1cb3ad5c9dbeac402dc311297caa1940145289dd4?s=96&d=mm&r=g","contentUrl":"https:\/\/secure.gravatar.com\/avatar\/dc2c39afcfb018f7c2cc33e1cb3ad5c9dbeac402dc311297caa1940145289dd4?s=96&d=mm&r=g","caption":"ndubois"},"url":"https:\/\/csp.ch\/neuchatel\/author\/ndubois\/"}]}},"_links":{"self":[{"href":"https:\/\/csp.ch\/neuchatel\/wp-json\/wp\/v2\/posts\/1888","targetHints":{"allow":["GET"]}}],"collection":[{"href":"https:\/\/csp.ch\/neuchatel\/wp-json\/wp\/v2\/posts"}],"about":[{"href":"https:\/\/csp.ch\/neuchatel\/wp-json\/wp\/v2\/types\/post"}],"author":[{"embeddable":true,"href":"https:\/\/csp.ch\/neuchatel\/wp-json\/wp\/v2\/users\/30"}],"replies":[{"embeddable":true,"href":"https:\/\/csp.ch\/neuchatel\/wp-json\/wp\/v2\/comments?post=1888"}],"version-history":[{"count":4,"href":"https:\/\/csp.ch\/neuchatel\/wp-json\/wp\/v2\/posts\/1888\/revisions"}],"predecessor-version":[{"id":2220,"href":"https:\/\/csp.ch\/neuchatel\/wp-json\/wp\/v2\/posts\/1888\/revisions\/2220"}],"wp:featuredmedia":[{"embeddable":true,"href":"https:\/\/csp.ch\/neuchatel\/wp-json\/wp\/v2\/media\/1893"}],"wp:attachment":[{"href":"https:\/\/csp.ch\/neuchatel\/wp-json\/wp\/v2\/media?parent=1888"}],"wp:term":[{"taxonomy":"category","embeddable":true,"href":"https:\/\/csp.ch\/neuchatel\/wp-json\/wp\/v2\/categories?post=1888"},{"taxonomy":"post_tag","embeddable":true,"href":"https:\/\/csp.ch\/neuchatel\/wp-json\/wp\/v2\/tags?post=1888"}],"curies":[{"name":"wp","href":"https:\/\/api.w.org\/{rel}","templated":true}]}}