{"id":11851,"date":"2026-04-28T16:01:15","date_gmt":"2026-04-28T14:01:15","guid":{"rendered":"https:\/\/csp.ch\/neuchatel\/?p=11851"},"modified":"2026-04-28T16:03:09","modified_gmt":"2026-04-28T14:03:09","slug":"journee-de-formation","status":"publish","type":"post","link":"https:\/\/csp.ch\/neuchatel\/journee-de-formation\/","title":{"rendered":"Journ\u00e9e de formation"},"content":{"rendered":"<div class=\"wpb-content-wrapper\"><p>[vc_row][vc_column][vc_column_text css=\u00a0\u00bb\u00a0\u00bb]Les travailleur\u00b7euses sociaux\u00b7ales, en particulier les assistant\u00b7es sociaux\u00b7ales, sont r\u00e9guli\u00e8rement confront\u00e9\u00b7es \u00e0 un public rencontrant momentan\u00e9ment, voire durablement, des probl\u00e8mes financiers.<\/p>\n<p>Echanger autour du budget et des difficult\u00e9s financi\u00e8res reste un sujet compliqu\u00e9 lorsque l\u2019on ne dispose pas d\u2019informations pertinentes pour soutenir et conseiller les personnes concern\u00e9es. Ainsi, lorsque ce sujet est abord\u00e9, les professionnel\u00b7les peuvent se sentir d\u00e9muni\u00b7es.<\/p>\n<p>Cette formation propose d\u2019aborder la th\u00e9matique du surendettement sous un angle \u00e0 la fois pr\u00e9ventif et curatif, en partageant des conseils concrets et directement issus de la pratique de terrain.<\/p>\n<p>\u00c0 l\u2019issue de la formation, vous serez en mesure de\u2009:<\/p>\n<ul>\n<li>Identifier les d\u00e9marches prioritaires \u00e0 entreprendre face \u00e0 une personne en difficult\u00e9 financi\u00e8re<\/li>\n<li>Comprendre les bases du d\u00e9sendettement et ses pr\u00e9requis<\/li>\n<li>Disposer d\u2019informations pratiques autour de la dette et ses r\u00e9percussions au quotidien<\/li>\n<li>Analyser des situations financi\u00e8res difficiles et proposer des pistes concr\u00e8tes d\u2019action et de soutien<\/li>\n<\/ul>\n<div>\n<p><strong><span style=\"color: #ff9900\">Pour les professionnel\u00b7les du domaine social<\/span><\/strong><\/p>\n<h4><strong>Intervenantes<\/strong><\/h4>\n<p>Crystel Dufaux Hess, avocate, CSP Neuch\u00e2tel<br \/>\nJoanie Wicky et Isabelle Baume, assistantes sociales, CSP Neuch\u00e2tel<\/p>\n<\/div>\n<h4>Lieu<\/h4>\n<p>Union Commerciale (Rue du Coq d\u2019Inde 24, Neuch\u00e2tel)<\/p>\n<div><\/div>\n<h4>Date<\/h4>\n<p>Mardi 01.09.2026 de 8h30 \u00e0 17h<\/p>\n<div><\/div>\n<h4>Tarif<\/h4>\n<p>CHF 300.-\/personne (repas de midi non inclus)<br \/>\nCollation offerte durant les pauses<\/p>\n<div><\/div>\n<h4>Inscription<\/h4>\n<p>Via le formulaire ci-dessous jusqu\u2019au vendredi 14.08.2026\u2009:<br \/>\n<a href=\"https:\/\/framaforms.org\/formulaire-dinscription-1776938632\">https:\/\/framaforms.org\/formulaire-dinscription-1776938632<\/a><\/p>\n<p>Formation limit\u00e9e \u00e0 30 places\u2009![\/vc_column_text][\/vc_column][\/vc_row]<\/p>\n<\/div>","protected":false},"excerpt":{"rendered":"<p>[vc_row][vc_column][vc_column_text css=\u00a0\u00bb\u00a0\u00bb]Les travailleur\u00b7euses sociaux\u00b7ales, en particulier les assistant\u00b7es sociaux\u00b7ales, sont r\u00e9guli\u00e8rement confront\u00e9\u00b7es \u00e0 un public rencontrant momentan\u00e9ment, voire durablement, des probl\u00e8mes financiers. Echanger autour du budget et des difficult\u00e9s financi\u00e8res reste un sujet compliqu\u00e9 lorsque l\u2019on ne dispose pas d\u2019informations pertinentes pour soutenir et conseiller les personnes concern\u00e9es. Ainsi, lorsque ce sujet est abord\u00e9, les [&hellip;]<\/p>\n","protected":false},"author":1401,"featured_media":11852,"comment_status":"closed","ping_status":"closed","sticky":false,"template":"","format":"standard","meta":{"_acf_changed":false,"footnotes":""},"categories":[1],"tags":[],"class_list":["post-11851","post","type-post","status-publish","format-standard","has-post-thumbnail","hentry","category-non-classe"],"acf":[],"yoast_head":"<!-- This site is optimized with the Yoast SEO plugin v27.1.1 - https:\/\/yoast.com\/product\/yoast-seo-wordpress\/ -->\n<title>Journ\u00e9e de formation - CSP Neuch\u00e2tel<\/title>\n<meta name=\"robots\" content=\"index, follow, max-snippet:-1, max-image-preview:large, max-video-preview:-1\" \/>\n<link rel=\"canonical\" href=\"https:\/\/csp.ch\/neuchatel\/journee-de-formation\/\" \/>\n<meta property=\"og:locale\" content=\"fr_FR\" \/>\n<meta property=\"og:type\" content=\"article\" \/>\n<meta property=\"og:title\" content=\"Journ\u00e9e de formation - CSP Neuch\u00e2tel\" \/>\n<meta property=\"og:description\" content=\"[vc_row][vc_column][vc_column_text css=\u00a0\u00bb\u00a0\u00bb]Les travailleur\u00b7euses sociaux\u00b7ales, en particulier les assistant\u00b7es sociaux\u00b7ales, sont r\u00e9guli\u00e8rement confront\u00e9\u00b7es \u00e0 un public rencontrant momentan\u00e9ment, voire durablement, des probl\u00e8mes financiers. Echanger autour du budget et des difficult\u00e9s financi\u00e8res reste un sujet compliqu\u00e9 lorsque l\u2019on ne dispose pas d\u2019informations pertinentes pour soutenir et conseiller les personnes concern\u00e9es. Ainsi, lorsque ce sujet est abord\u00e9, les [&hellip;]\" \/>\n<meta property=\"og:url\" content=\"https:\/\/csp.ch\/neuchatel\/journee-de-formation\/\" \/>\n<meta property=\"og:site_name\" content=\"CSP Neuch\u00e2tel\" \/>\n<meta property=\"article:publisher\" content=\"https:\/\/www.facebook.com\/CSPSuisse\/\" \/>\n<meta property=\"article:published_time\" content=\"2026-04-28T14:01:15+00:00\" \/>\n<meta property=\"article:modified_time\" content=\"2026-04-28T14:03:09+00:00\" \/>\n<meta property=\"og:image\" content=\"https:\/\/csp.ch\/wp-content\/uploads\/sites\/7\/2026\/04\/CSPNE_Formation_Surendettement_Sept26_BannerWeb-scaled.png\" \/>\n\t<meta property=\"og:image:width\" content=\"2560\" \/>\n\t<meta property=\"og:image:height\" content=\"1277\" \/>\n\t<meta property=\"og:image:type\" content=\"image\/png\" \/>\n<meta name=\"author\" content=\"vcojocaru\" \/>\n<meta name=\"twitter:card\" content=\"summary_large_image\" \/>\n<meta name=\"twitter:label1\" content=\"\u00c9crit par\" \/>\n\t<meta name=\"twitter:data1\" content=\"vcojocaru\" \/>\n\t<meta name=\"twitter:label2\" content=\"Dur\u00e9e de lecture estim\u00e9e\" \/>\n\t<meta name=\"twitter:data2\" content=\"2 minutes\" \/>\n<script type=\"application\/ld+json\" class=\"yoast-schema-graph\">{\"@context\":\"https:\/\/schema.org\",\"@graph\":[{\"@type\":\"Article\",\"@id\":\"https:\/\/csp.ch\/neuchatel\/journee-de-formation\/#article\",\"isPartOf\":{\"@id\":\"https:\/\/csp.ch\/neuchatel\/journee-de-formation\/\"},\"author\":{\"name\":\"vcojocaru\",\"@id\":\"https:\/\/csp.ch\/neuchatel\/#\/schema\/person\/ad27b4c081f7335b635fac48d6c27041\"},\"headline\":\"Journ\u00e9e de formation\",\"datePublished\":\"2026-04-28T14:01:15+00:00\",\"dateModified\":\"2026-04-28T14:03:09+00:00\",\"mainEntityOfPage\":{\"@id\":\"https:\/\/csp.ch\/neuchatel\/journee-de-formation\/\"},\"wordCount\":260,\"publisher\":{\"@id\":\"https:\/\/csp.ch\/neuchatel\/#organization\"},\"image\":{\"@id\":\"https:\/\/csp.ch\/neuchatel\/journee-de-formation\/#primaryimage\"},\"thumbnailUrl\":\"https:\/\/csp.ch\/wp-content\/uploads\/sites\/7\/2026\/04\/CSPNE_Formation_Surendettement_Sept26_BannerWeb-scaled.png\",\"inLanguage\":\"fr-FR\"},{\"@type\":\"WebPage\",\"@id\":\"https:\/\/csp.ch\/neuchatel\/journee-de-formation\/\",\"url\":\"https:\/\/csp.ch\/neuchatel\/journee-de-formation\/\",\"name\":\"Journ\u00e9e de formation - CSP Neuch\u00e2tel\",\"isPartOf\":{\"@id\":\"https:\/\/csp.ch\/neuchatel\/#website\"},\"primaryImageOfPage\":{\"@id\":\"https:\/\/csp.ch\/neuchatel\/journee-de-formation\/#primaryimage\"},\"image\":{\"@id\":\"https:\/\/csp.ch\/neuchatel\/journee-de-formation\/#primaryimage\"},\"thumbnailUrl\":\"https:\/\/csp.ch\/wp-content\/uploads\/sites\/7\/2026\/04\/CSPNE_Formation_Surendettement_Sept26_BannerWeb-scaled.png\",\"datePublished\":\"2026-04-28T14:01:15+00:00\",\"dateModified\":\"2026-04-28T14:03:09+00:00\",\"breadcrumb\":{\"@id\":\"https:\/\/csp.ch\/neuchatel\/journee-de-formation\/#breadcrumb\"},\"inLanguage\":\"fr-FR\",\"potentialAction\":[{\"@type\":\"ReadAction\",\"target\":[\"https:\/\/csp.ch\/neuchatel\/journee-de-formation\/\"]}]},{\"@type\":\"ImageObject\",\"inLanguage\":\"fr-FR\",\"@id\":\"https:\/\/csp.ch\/neuchatel\/journee-de-formation\/#primaryimage\",\"url\":\"https:\/\/csp.ch\/wp-content\/uploads\/sites\/7\/2026\/04\/CSPNE_Formation_Surendettement_Sept26_BannerWeb-scaled.png\",\"contentUrl\":\"https:\/\/csp.ch\/wp-content\/uploads\/sites\/7\/2026\/04\/CSPNE_Formation_Surendettement_Sept26_BannerWeb-scaled.png\",\"width\":2560,\"height\":1277},{\"@type\":\"BreadcrumbList\",\"@id\":\"https:\/\/csp.ch\/neuchatel\/journee-de-formation\/#breadcrumb\",\"itemListElement\":[{\"@type\":\"ListItem\",\"position\":1,\"name\":\"Accueil\",\"item\":\"https:\/\/csp.ch\/neuchatel\/\"},{\"@type\":\"ListItem\",\"position\":2,\"name\":\"Journ\u00e9e de formation\"}]},{\"@type\":\"WebSite\",\"@id\":\"https:\/\/csp.ch\/neuchatel\/#website\",\"url\":\"https:\/\/csp.ch\/neuchatel\/\",\"name\":\"CSP Neuch\u00e2tel\",\"description\":\"\",\"publisher\":{\"@id\":\"https:\/\/csp.ch\/neuchatel\/#organization\"},\"potentialAction\":[{\"@type\":\"SearchAction\",\"target\":{\"@type\":\"EntryPoint\",\"urlTemplate\":\"https:\/\/csp.ch\/neuchatel\/?s={search_term_string}\"},\"query-input\":{\"@type\":\"PropertyValueSpecification\",\"valueRequired\":true,\"valueName\":\"search_term_string\"}}],\"inLanguage\":\"fr-FR\"},{\"@type\":\"Organization\",\"@id\":\"https:\/\/csp.ch\/neuchatel\/#organization\",\"name\":\"CSP Neuch\u00e2tel\",\"url\":\"https:\/\/csp.ch\/neuchatel\/\",\"logo\":{\"@type\":\"ImageObject\",\"inLanguage\":\"fr-FR\",\"@id\":\"https:\/\/csp.ch\/neuchatel\/#\/schema\/logo\/image\/\",\"url\":\"https:\/\/csp.ch\/wp-content\/uploads\/sites\/7\/2020\/02\/LOGO-CSP.jpg\",\"contentUrl\":\"https:\/\/csp.ch\/wp-content\/uploads\/sites\/7\/2020\/02\/LOGO-CSP.jpg\",\"width\":667,\"height\":667,\"caption\":\"CSP Neuch\u00e2tel\"},\"image\":{\"@id\":\"https:\/\/csp.ch\/neuchatel\/#\/schema\/logo\/image\/\"},\"sameAs\":[\"https:\/\/www.facebook.com\/CSPSuisse\/\"]},{\"@type\":\"Person\",\"@id\":\"https:\/\/csp.ch\/neuchatel\/#\/schema\/person\/ad27b4c081f7335b635fac48d6c27041\",\"name\":\"vcojocaru\",\"image\":{\"@type\":\"ImageObject\",\"inLanguage\":\"fr-FR\",\"@id\":\"https:\/\/csp.ch\/neuchatel\/#\/schema\/person\/image\/\",\"url\":\"https:\/\/secure.gravatar.com\/avatar\/8c86820f3976532942090cb8a9f3ccc47bdf3ef6b0d1a42df2e58f0dee0ad748?s=96&d=mm&r=g\",\"contentUrl\":\"https:\/\/secure.gravatar.com\/avatar\/8c86820f3976532942090cb8a9f3ccc47bdf3ef6b0d1a42df2e58f0dee0ad748?s=96&d=mm&r=g\",\"caption\":\"vcojocaru\"},\"url\":\"https:\/\/csp.ch\/neuchatel\/author\/vcojocaru\/\"}]}<\/script>\n<!-- \/ Yoast SEO plugin. -->","yoast_head_json":{"title":"Journ\u00e9e de formation - CSP Neuch\u00e2tel","robots":{"index":"index","follow":"follow","max-snippet":"max-snippet:-1","max-image-preview":"max-image-preview:large","max-video-preview":"max-video-preview:-1"},"canonical":"https:\/\/csp.ch\/neuchatel\/journee-de-formation\/","og_locale":"fr_FR","og_type":"article","og_title":"Journ\u00e9e de formation - CSP Neuch\u00e2tel","og_description":"[vc_row][vc_column][vc_column_text css=\u00a0\u00bb\u00a0\u00bb]Les travailleur\u00b7euses sociaux\u00b7ales, en particulier les assistant\u00b7es sociaux\u00b7ales, sont r\u00e9guli\u00e8rement confront\u00e9\u00b7es \u00e0 un public rencontrant momentan\u00e9ment, voire durablement, des probl\u00e8mes financiers. Echanger autour du budget et des difficult\u00e9s financi\u00e8res reste un sujet compliqu\u00e9 lorsque l\u2019on ne dispose pas d\u2019informations pertinentes pour soutenir et conseiller les personnes concern\u00e9es. Ainsi, lorsque ce sujet est abord\u00e9, les [&hellip;]","og_url":"https:\/\/csp.ch\/neuchatel\/journee-de-formation\/","og_site_name":"CSP Neuch\u00e2tel","article_publisher":"https:\/\/www.facebook.com\/CSPSuisse\/","article_published_time":"2026-04-28T14:01:15+00:00","article_modified_time":"2026-04-28T14:03:09+00:00","og_image":[{"width":2560,"height":1277,"url":"https:\/\/csp.ch\/wp-content\/uploads\/sites\/7\/2026\/04\/CSPNE_Formation_Surendettement_Sept26_BannerWeb-scaled.png","type":"image\/png"}],"author":"vcojocaru","twitter_card":"summary_large_image","twitter_misc":{"\u00c9crit par":"vcojocaru","Dur\u00e9e de lecture estim\u00e9e":"2 minutes"},"schema":{"@context":"https:\/\/schema.org","@graph":[{"@type":"Article","@id":"https:\/\/csp.ch\/neuchatel\/journee-de-formation\/#article","isPartOf":{"@id":"https:\/\/csp.ch\/neuchatel\/journee-de-formation\/"},"author":{"name":"vcojocaru","@id":"https:\/\/csp.ch\/neuchatel\/#\/schema\/person\/ad27b4c081f7335b635fac48d6c27041"},"headline":"Journ\u00e9e de formation","datePublished":"2026-04-28T14:01:15+00:00","dateModified":"2026-04-28T14:03:09+00:00","mainEntityOfPage":{"@id":"https:\/\/csp.ch\/neuchatel\/journee-de-formation\/"},"wordCount":260,"publisher":{"@id":"https:\/\/csp.ch\/neuchatel\/#organization"},"image":{"@id":"https:\/\/csp.ch\/neuchatel\/journee-de-formation\/#primaryimage"},"thumbnailUrl":"https:\/\/csp.ch\/wp-content\/uploads\/sites\/7\/2026\/04\/CSPNE_Formation_Surendettement_Sept26_BannerWeb-scaled.png","inLanguage":"fr-FR"},{"@type":"WebPage","@id":"https:\/\/csp.ch\/neuchatel\/journee-de-formation\/","url":"https:\/\/csp.ch\/neuchatel\/journee-de-formation\/","name":"Journ\u00e9e de formation - CSP Neuch\u00e2tel","isPartOf":{"@id":"https:\/\/csp.ch\/neuchatel\/#website"},"primaryImageOfPage":{"@id":"https:\/\/csp.ch\/neuchatel\/journee-de-formation\/#primaryimage"},"image":{"@id":"https:\/\/csp.ch\/neuchatel\/journee-de-formation\/#primaryimage"},"thumbnailUrl":"https:\/\/csp.ch\/wp-content\/uploads\/sites\/7\/2026\/04\/CSPNE_Formation_Surendettement_Sept26_BannerWeb-scaled.png","datePublished":"2026-04-28T14:01:15+00:00","dateModified":"2026-04-28T14:03:09+00:00","breadcrumb":{"@id":"https:\/\/csp.ch\/neuchatel\/journee-de-formation\/#breadcrumb"},"inLanguage":"fr-FR","potentialAction":[{"@type":"ReadAction","target":["https:\/\/csp.ch\/neuchatel\/journee-de-formation\/"]}]},{"@type":"ImageObject","inLanguage":"fr-FR","@id":"https:\/\/csp.ch\/neuchatel\/journee-de-formation\/#primaryimage","url":"https:\/\/csp.ch\/wp-content\/uploads\/sites\/7\/2026\/04\/CSPNE_Formation_Surendettement_Sept26_BannerWeb-scaled.png","contentUrl":"https:\/\/csp.ch\/wp-content\/uploads\/sites\/7\/2026\/04\/CSPNE_Formation_Surendettement_Sept26_BannerWeb-scaled.png","width":2560,"height":1277},{"@type":"BreadcrumbList","@id":"https:\/\/csp.ch\/neuchatel\/journee-de-formation\/#breadcrumb","itemListElement":[{"@type":"ListItem","position":1,"name":"Accueil","item":"https:\/\/csp.ch\/neuchatel\/"},{"@type":"ListItem","position":2,"name":"Journ\u00e9e de formation"}]},{"@type":"WebSite","@id":"https:\/\/csp.ch\/neuchatel\/#website","url":"https:\/\/csp.ch\/neuchatel\/","name":"CSP Neuch\u00e2tel","description":"","publisher":{"@id":"https:\/\/csp.ch\/neuchatel\/#organization"},"potentialAction":[{"@type":"SearchAction","target":{"@type":"EntryPoint","urlTemplate":"https:\/\/csp.ch\/neuchatel\/?s={search_term_string}"},"query-input":{"@type":"PropertyValueSpecification","valueRequired":true,"valueName":"search_term_string"}}],"inLanguage":"fr-FR"},{"@type":"Organization","@id":"https:\/\/csp.ch\/neuchatel\/#organization","name":"CSP Neuch\u00e2tel","url":"https:\/\/csp.ch\/neuchatel\/","logo":{"@type":"ImageObject","inLanguage":"fr-FR","@id":"https:\/\/csp.ch\/neuchatel\/#\/schema\/logo\/image\/","url":"https:\/\/csp.ch\/wp-content\/uploads\/sites\/7\/2020\/02\/LOGO-CSP.jpg","contentUrl":"https:\/\/csp.ch\/wp-content\/uploads\/sites\/7\/2020\/02\/LOGO-CSP.jpg","width":667,"height":667,"caption":"CSP Neuch\u00e2tel"},"image":{"@id":"https:\/\/csp.ch\/neuchatel\/#\/schema\/logo\/image\/"},"sameAs":["https:\/\/www.facebook.com\/CSPSuisse\/"]},{"@type":"Person","@id":"https:\/\/csp.ch\/neuchatel\/#\/schema\/person\/ad27b4c081f7335b635fac48d6c27041","name":"vcojocaru","image":{"@type":"ImageObject","inLanguage":"fr-FR","@id":"https:\/\/csp.ch\/neuchatel\/#\/schema\/person\/image\/","url":"https:\/\/secure.gravatar.com\/avatar\/8c86820f3976532942090cb8a9f3ccc47bdf3ef6b0d1a42df2e58f0dee0ad748?s=96&d=mm&r=g","contentUrl":"https:\/\/secure.gravatar.com\/avatar\/8c86820f3976532942090cb8a9f3ccc47bdf3ef6b0d1a42df2e58f0dee0ad748?s=96&d=mm&r=g","caption":"vcojocaru"},"url":"https:\/\/csp.ch\/neuchatel\/author\/vcojocaru\/"}]}},"_links":{"self":[{"href":"https:\/\/csp.ch\/neuchatel\/wp-json\/wp\/v2\/posts\/11851","targetHints":{"allow":["GET"]}}],"collection":[{"href":"https:\/\/csp.ch\/neuchatel\/wp-json\/wp\/v2\/posts"}],"about":[{"href":"https:\/\/csp.ch\/neuchatel\/wp-json\/wp\/v2\/types\/post"}],"author":[{"embeddable":true,"href":"https:\/\/csp.ch\/neuchatel\/wp-json\/wp\/v2\/users\/1401"}],"replies":[{"embeddable":true,"href":"https:\/\/csp.ch\/neuchatel\/wp-json\/wp\/v2\/comments?post=11851"}],"version-history":[{"count":3,"href":"https:\/\/csp.ch\/neuchatel\/wp-json\/wp\/v2\/posts\/11851\/revisions"}],"predecessor-version":[{"id":11863,"href":"https:\/\/csp.ch\/neuchatel\/wp-json\/wp\/v2\/posts\/11851\/revisions\/11863"}],"wp:featuredmedia":[{"embeddable":true,"href":"https:\/\/csp.ch\/neuchatel\/wp-json\/wp\/v2\/media\/11852"}],"wp:attachment":[{"href":"https:\/\/csp.ch\/neuchatel\/wp-json\/wp\/v2\/media?parent=11851"}],"wp:term":[{"taxonomy":"category","embeddable":true,"href":"https:\/\/csp.ch\/neuchatel\/wp-json\/wp\/v2\/categories?post=11851"},{"taxonomy":"post_tag","embeddable":true,"href":"https:\/\/csp.ch\/neuchatel\/wp-json\/wp\/v2\/tags?post=11851"}],"curies":[{"name":"wp","href":"https:\/\/api.w.org\/{rel}","templated":true}]}}