{"id":10685,"date":"2026-01-16T11:50:38","date_gmt":"2026-01-16T10:50:38","guid":{"rendered":"https:\/\/csp.ch\/neuchatel\/?p=10685"},"modified":"2026-02-05T08:39:51","modified_gmt":"2026-02-05T07:39:51","slug":"seances-daide-au-remplissage-de-la-declaration-dimpot-2025","status":"publish","type":"post","link":"https:\/\/csp.ch\/neuchatel\/seances-daide-au-remplissage-de-la-declaration-dimpot-2025\/","title":{"rendered":"S\u00e9ances d&rsquo;aide au remplissage de la d\u00e9claration d&rsquo;imp\u00f4t 2025"},"content":{"rendered":"<div class=\"wpb-content-wrapper\"><p>[vc_row][vc_column][vc_column_text css=\u00a0\u00bb\u00a0\u00bb]<\/p>\n<h3><span style=\"color: #ff9900\"><strong>Cette t\u00e2che vous tracasse ?<\/strong><\/span><br \/>\n<span style=\"color: #ff9900\"><strong>Venez la remplir en groupe avec nous !<\/strong><\/span><\/h3>\n<h4>O\u00d9 ET QUAND ?<\/h4>\n<p>Les s\u00e9ances se d\u00e9rouleront \u00e0 l\u2019<a href=\"https:\/\/belhorizon.ch\/\">Espace Bel-Horizon<\/a>,<br \/>\nRue de la Ronde 11, 2300 La Chaux-de-Fonds.<\/p>\n<p>Plusieurs dates et cr\u00e9neaux horaires sont disponibles:<\/p>\n<ul>\n<li>Mardi 24 f\u00e9vrier 2026 \u00e0 17h ou 18h<\/li>\n<li>Jeudi 26 f\u00e9vrier 2026 \u00e0 17h ou 18h<\/li>\n<li>Mardi 3 mars 2026 \u00e0 17h ou 18h<\/li>\n<\/ul>\n<p><span style=\"color: #ff0000\"><strong>Toutes les dates sont d\u00e9sormais compl\u00e8tes.<\/strong><\/span><\/p>\n<h4>COMMENT ?<\/h4>\n<p>Le remplissage de la d\u00e9claration se fait directement sur PC.<br \/>\nLe jour J, il est n\u00e9cessaire de prendre avec vous :<\/p>\n<ul>\n<li>D\u00e9claration et annexes<\/li>\n<li>Copie de la d\u00e9claration de l\u2019an dernier<\/li>\n<li>Certificats de salaire<\/li>\n<li>Attestation d\u2019int\u00e9r\u00eats passifs et actifs<\/li>\n<li>Attestations de caisse maladie<\/li>\n<li>Calculatrice<\/li>\n<li>Tout autre document ou mat\u00e9riel utile !<\/li>\n<\/ul>\n<p>Les s\u00e9ances d\u2019aide au remplissage de la d\u00e9claration d\u2019imp\u00f4t 2025 organis\u00e9e par le CSP Neuch\u00e2tel est possible gr\u00e2ce \u00e0 l\u2019aimable coop\u00e9ration de <a href=\"https:\/\/belhorizon.ch\/\">Bel-Horizon<\/a> qui<br \/>\nmet \u00e0 disposition ses locaux.[\/vc_column_text][\/vc_column][\/vc_row]<\/p>\n<\/div>","protected":false},"excerpt":{"rendered":"<p>[vc_row][vc_column][vc_column_text css=\u00a0\u00bb\u00a0\u00bb] Cette t\u00e2che vous tracasse ? Venez la remplir en groupe avec nous ! O\u00d9 ET QUAND ? Les s\u00e9ances se d\u00e9rouleront \u00e0 l\u2019Espace Bel-Horizon, Rue de la Ronde 11, 2300 La Chaux-de-Fonds. Plusieurs dates et cr\u00e9neaux horaires sont disponibles: Mardi 24 f\u00e9vrier 2026 \u00e0 17h ou 18h Jeudi 26 f\u00e9vrier 2026 \u00e0 17h [&hellip;]<\/p>\n","protected":false},"author":1401,"featured_media":10690,"comment_status":"closed","ping_status":"closed","sticky":false,"template":"","format":"standard","meta":{"_acf_changed":false,"footnotes":""},"categories":[1],"tags":[],"class_list":["post-10685","post","type-post","status-publish","format-standard","has-post-thumbnail","hentry","category-non-classe"],"acf":[],"yoast_head":"<!-- This site is optimized with the Yoast SEO plugin v27.1.1 - https:\/\/yoast.com\/product\/yoast-seo-wordpress\/ -->\n<title>S\u00e9ances d&#039;aide au remplissage de la d\u00e9claration d&#039;imp\u00f4t 2025 - CSP Neuch\u00e2tel<\/title>\n<meta name=\"robots\" content=\"index, follow, max-snippet:-1, max-image-preview:large, max-video-preview:-1\" \/>\n<link rel=\"canonical\" href=\"https:\/\/csp.ch\/neuchatel\/seances-daide-au-remplissage-de-la-declaration-dimpot-2025\/\" \/>\n<meta property=\"og:locale\" content=\"fr_FR\" \/>\n<meta property=\"og:type\" content=\"article\" \/>\n<meta property=\"og:title\" content=\"S\u00e9ances d&#039;aide au remplissage de la d\u00e9claration d&#039;imp\u00f4t 2025 - CSP Neuch\u00e2tel\" \/>\n<meta property=\"og:description\" content=\"[vc_row][vc_column][vc_column_text css=\u00a0\u00bb\u00a0\u00bb] Cette t\u00e2che vous tracasse ? Venez la remplir en groupe avec nous ! O\u00d9 ET QUAND ? Les s\u00e9ances se d\u00e9rouleront \u00e0 l\u2019Espace Bel-Horizon, Rue de la Ronde 11, 2300 La Chaux-de-Fonds. Plusieurs dates et cr\u00e9neaux horaires sont disponibles: Mardi 24 f\u00e9vrier 2026 \u00e0 17h ou 18h Jeudi 26 f\u00e9vrier 2026 \u00e0 17h [&hellip;]\" \/>\n<meta property=\"og:url\" content=\"https:\/\/csp.ch\/neuchatel\/seances-daide-au-remplissage-de-la-declaration-dimpot-2025\/\" \/>\n<meta property=\"og:site_name\" content=\"CSP Neuch\u00e2tel\" \/>\n<meta property=\"article:publisher\" content=\"https:\/\/www.facebook.com\/CSPSuisse\/\" \/>\n<meta property=\"article:published_time\" content=\"2026-01-16T10:50:38+00:00\" \/>\n<meta property=\"article:modified_time\" content=\"2026-02-05T07:39:51+00:00\" \/>\n<meta property=\"og:image\" content=\"https:\/\/csp.ch\/wp-content\/uploads\/sites\/7\/2026\/01\/Seances-Impots-2025-1.png\" \/>\n\t<meta property=\"og:image:width\" content=\"2155\" \/>\n\t<meta property=\"og:image:height\" content=\"1075\" \/>\n\t<meta property=\"og:image:type\" content=\"image\/png\" \/>\n<meta name=\"author\" content=\"vcojocaru\" \/>\n<meta name=\"twitter:card\" content=\"summary_large_image\" \/>\n<meta name=\"twitter:label1\" content=\"\u00c9crit par\" \/>\n\t<meta name=\"twitter:data1\" content=\"vcojocaru\" \/>\n\t<meta name=\"twitter:label2\" content=\"Dur\u00e9e de lecture estim\u00e9e\" \/>\n\t<meta name=\"twitter:data2\" content=\"2 minutes\" \/>\n<script type=\"application\/ld+json\" class=\"yoast-schema-graph\">{\"@context\":\"https:\/\/schema.org\",\"@graph\":[{\"@type\":\"Article\",\"@id\":\"https:\/\/csp.ch\/neuchatel\/seances-daide-au-remplissage-de-la-declaration-dimpot-2025\/#article\",\"isPartOf\":{\"@id\":\"https:\/\/csp.ch\/neuchatel\/seances-daide-au-remplissage-de-la-declaration-dimpot-2025\/\"},\"author\":{\"name\":\"vcojocaru\",\"@id\":\"https:\/\/csp.ch\/neuchatel\/#\/schema\/person\/ad27b4c081f7335b635fac48d6c27041\"},\"headline\":\"S\u00e9ances d&rsquo;aide au remplissage de la d\u00e9claration d&rsquo;imp\u00f4t 2025\",\"datePublished\":\"2026-01-16T10:50:38+00:00\",\"dateModified\":\"2026-02-05T07:39:51+00:00\",\"mainEntityOfPage\":{\"@id\":\"https:\/\/csp.ch\/neuchatel\/seances-daide-au-remplissage-de-la-declaration-dimpot-2025\/\"},\"wordCount\":186,\"publisher\":{\"@id\":\"https:\/\/csp.ch\/neuchatel\/#organization\"},\"image\":{\"@id\":\"https:\/\/csp.ch\/neuchatel\/seances-daide-au-remplissage-de-la-declaration-dimpot-2025\/#primaryimage\"},\"thumbnailUrl\":\"https:\/\/csp.ch\/wp-content\/uploads\/sites\/7\/2026\/01\/Seances-Impots-2025-1.png\",\"inLanguage\":\"fr-FR\"},{\"@type\":\"WebPage\",\"@id\":\"https:\/\/csp.ch\/neuchatel\/seances-daide-au-remplissage-de-la-declaration-dimpot-2025\/\",\"url\":\"https:\/\/csp.ch\/neuchatel\/seances-daide-au-remplissage-de-la-declaration-dimpot-2025\/\",\"name\":\"S\u00e9ances d'aide au remplissage de la d\u00e9claration d'imp\u00f4t 2025 - CSP Neuch\u00e2tel\",\"isPartOf\":{\"@id\":\"https:\/\/csp.ch\/neuchatel\/#website\"},\"primaryImageOfPage\":{\"@id\":\"https:\/\/csp.ch\/neuchatel\/seances-daide-au-remplissage-de-la-declaration-dimpot-2025\/#primaryimage\"},\"image\":{\"@id\":\"https:\/\/csp.ch\/neuchatel\/seances-daide-au-remplissage-de-la-declaration-dimpot-2025\/#primaryimage\"},\"thumbnailUrl\":\"https:\/\/csp.ch\/wp-content\/uploads\/sites\/7\/2026\/01\/Seances-Impots-2025-1.png\",\"datePublished\":\"2026-01-16T10:50:38+00:00\",\"dateModified\":\"2026-02-05T07:39:51+00:00\",\"breadcrumb\":{\"@id\":\"https:\/\/csp.ch\/neuchatel\/seances-daide-au-remplissage-de-la-declaration-dimpot-2025\/#breadcrumb\"},\"inLanguage\":\"fr-FR\",\"potentialAction\":[{\"@type\":\"ReadAction\",\"target\":[\"https:\/\/csp.ch\/neuchatel\/seances-daide-au-remplissage-de-la-declaration-dimpot-2025\/\"]}]},{\"@type\":\"ImageObject\",\"inLanguage\":\"fr-FR\",\"@id\":\"https:\/\/csp.ch\/neuchatel\/seances-daide-au-remplissage-de-la-declaration-dimpot-2025\/#primaryimage\",\"url\":\"https:\/\/csp.ch\/wp-content\/uploads\/sites\/7\/2026\/01\/Seances-Impots-2025-1.png\",\"contentUrl\":\"https:\/\/csp.ch\/wp-content\/uploads\/sites\/7\/2026\/01\/Seances-Impots-2025-1.png\",\"width\":2155,\"height\":1075},{\"@type\":\"BreadcrumbList\",\"@id\":\"https:\/\/csp.ch\/neuchatel\/seances-daide-au-remplissage-de-la-declaration-dimpot-2025\/#breadcrumb\",\"itemListElement\":[{\"@type\":\"ListItem\",\"position\":1,\"name\":\"Accueil\",\"item\":\"https:\/\/csp.ch\/neuchatel\/\"},{\"@type\":\"ListItem\",\"position\":2,\"name\":\"S\u00e9ances d&rsquo;aide au remplissage de la d\u00e9claration d&rsquo;imp\u00f4t 2025\"}]},{\"@type\":\"WebSite\",\"@id\":\"https:\/\/csp.ch\/neuchatel\/#website\",\"url\":\"https:\/\/csp.ch\/neuchatel\/\",\"name\":\"CSP Neuch\u00e2tel\",\"description\":\"\",\"publisher\":{\"@id\":\"https:\/\/csp.ch\/neuchatel\/#organization\"},\"potentialAction\":[{\"@type\":\"SearchAction\",\"target\":{\"@type\":\"EntryPoint\",\"urlTemplate\":\"https:\/\/csp.ch\/neuchatel\/?s={search_term_string}\"},\"query-input\":{\"@type\":\"PropertyValueSpecification\",\"valueRequired\":true,\"valueName\":\"search_term_string\"}}],\"inLanguage\":\"fr-FR\"},{\"@type\":\"Organization\",\"@id\":\"https:\/\/csp.ch\/neuchatel\/#organization\",\"name\":\"CSP Neuch\u00e2tel\",\"url\":\"https:\/\/csp.ch\/neuchatel\/\",\"logo\":{\"@type\":\"ImageObject\",\"inLanguage\":\"fr-FR\",\"@id\":\"https:\/\/csp.ch\/neuchatel\/#\/schema\/logo\/image\/\",\"url\":\"https:\/\/csp.ch\/wp-content\/uploads\/sites\/7\/2020\/02\/LOGO-CSP.jpg\",\"contentUrl\":\"https:\/\/csp.ch\/wp-content\/uploads\/sites\/7\/2020\/02\/LOGO-CSP.jpg\",\"width\":667,\"height\":667,\"caption\":\"CSP Neuch\u00e2tel\"},\"image\":{\"@id\":\"https:\/\/csp.ch\/neuchatel\/#\/schema\/logo\/image\/\"},\"sameAs\":[\"https:\/\/www.facebook.com\/CSPSuisse\/\"]},{\"@type\":\"Person\",\"@id\":\"https:\/\/csp.ch\/neuchatel\/#\/schema\/person\/ad27b4c081f7335b635fac48d6c27041\",\"name\":\"vcojocaru\",\"image\":{\"@type\":\"ImageObject\",\"inLanguage\":\"fr-FR\",\"@id\":\"https:\/\/csp.ch\/neuchatel\/#\/schema\/person\/image\/\",\"url\":\"https:\/\/secure.gravatar.com\/avatar\/8c86820f3976532942090cb8a9f3ccc47bdf3ef6b0d1a42df2e58f0dee0ad748?s=96&d=mm&r=g\",\"contentUrl\":\"https:\/\/secure.gravatar.com\/avatar\/8c86820f3976532942090cb8a9f3ccc47bdf3ef6b0d1a42df2e58f0dee0ad748?s=96&d=mm&r=g\",\"caption\":\"vcojocaru\"},\"url\":\"https:\/\/csp.ch\/neuchatel\/author\/vcojocaru\/\"}]}<\/script>\n<!-- \/ Yoast SEO plugin. -->","yoast_head_json":{"title":"S\u00e9ances d'aide au remplissage de la d\u00e9claration d'imp\u00f4t 2025 - CSP Neuch\u00e2tel","robots":{"index":"index","follow":"follow","max-snippet":"max-snippet:-1","max-image-preview":"max-image-preview:large","max-video-preview":"max-video-preview:-1"},"canonical":"https:\/\/csp.ch\/neuchatel\/seances-daide-au-remplissage-de-la-declaration-dimpot-2025\/","og_locale":"fr_FR","og_type":"article","og_title":"S\u00e9ances d'aide au remplissage de la d\u00e9claration d'imp\u00f4t 2025 - CSP Neuch\u00e2tel","og_description":"[vc_row][vc_column][vc_column_text css=\u00a0\u00bb\u00a0\u00bb] Cette t\u00e2che vous tracasse ? Venez la remplir en groupe avec nous ! O\u00d9 ET QUAND ? Les s\u00e9ances se d\u00e9rouleront \u00e0 l\u2019Espace Bel-Horizon, Rue de la Ronde 11, 2300 La Chaux-de-Fonds. Plusieurs dates et cr\u00e9neaux horaires sont disponibles: Mardi 24 f\u00e9vrier 2026 \u00e0 17h ou 18h Jeudi 26 f\u00e9vrier 2026 \u00e0 17h [&hellip;]","og_url":"https:\/\/csp.ch\/neuchatel\/seances-daide-au-remplissage-de-la-declaration-dimpot-2025\/","og_site_name":"CSP Neuch\u00e2tel","article_publisher":"https:\/\/www.facebook.com\/CSPSuisse\/","article_published_time":"2026-01-16T10:50:38+00:00","article_modified_time":"2026-02-05T07:39:51+00:00","og_image":[{"width":2155,"height":1075,"url":"https:\/\/csp.ch\/wp-content\/uploads\/sites\/7\/2026\/01\/Seances-Impots-2025-1.png","type":"image\/png"}],"author":"vcojocaru","twitter_card":"summary_large_image","twitter_misc":{"\u00c9crit par":"vcojocaru","Dur\u00e9e de lecture estim\u00e9e":"2 minutes"},"schema":{"@context":"https:\/\/schema.org","@graph":[{"@type":"Article","@id":"https:\/\/csp.ch\/neuchatel\/seances-daide-au-remplissage-de-la-declaration-dimpot-2025\/#article","isPartOf":{"@id":"https:\/\/csp.ch\/neuchatel\/seances-daide-au-remplissage-de-la-declaration-dimpot-2025\/"},"author":{"name":"vcojocaru","@id":"https:\/\/csp.ch\/neuchatel\/#\/schema\/person\/ad27b4c081f7335b635fac48d6c27041"},"headline":"S\u00e9ances d&rsquo;aide au remplissage de la d\u00e9claration d&rsquo;imp\u00f4t 2025","datePublished":"2026-01-16T10:50:38+00:00","dateModified":"2026-02-05T07:39:51+00:00","mainEntityOfPage":{"@id":"https:\/\/csp.ch\/neuchatel\/seances-daide-au-remplissage-de-la-declaration-dimpot-2025\/"},"wordCount":186,"publisher":{"@id":"https:\/\/csp.ch\/neuchatel\/#organization"},"image":{"@id":"https:\/\/csp.ch\/neuchatel\/seances-daide-au-remplissage-de-la-declaration-dimpot-2025\/#primaryimage"},"thumbnailUrl":"https:\/\/csp.ch\/wp-content\/uploads\/sites\/7\/2026\/01\/Seances-Impots-2025-1.png","inLanguage":"fr-FR"},{"@type":"WebPage","@id":"https:\/\/csp.ch\/neuchatel\/seances-daide-au-remplissage-de-la-declaration-dimpot-2025\/","url":"https:\/\/csp.ch\/neuchatel\/seances-daide-au-remplissage-de-la-declaration-dimpot-2025\/","name":"S\u00e9ances d'aide au remplissage de la d\u00e9claration d'imp\u00f4t 2025 - CSP Neuch\u00e2tel","isPartOf":{"@id":"https:\/\/csp.ch\/neuchatel\/#website"},"primaryImageOfPage":{"@id":"https:\/\/csp.ch\/neuchatel\/seances-daide-au-remplissage-de-la-declaration-dimpot-2025\/#primaryimage"},"image":{"@id":"https:\/\/csp.ch\/neuchatel\/seances-daide-au-remplissage-de-la-declaration-dimpot-2025\/#primaryimage"},"thumbnailUrl":"https:\/\/csp.ch\/wp-content\/uploads\/sites\/7\/2026\/01\/Seances-Impots-2025-1.png","datePublished":"2026-01-16T10:50:38+00:00","dateModified":"2026-02-05T07:39:51+00:00","breadcrumb":{"@id":"https:\/\/csp.ch\/neuchatel\/seances-daide-au-remplissage-de-la-declaration-dimpot-2025\/#breadcrumb"},"inLanguage":"fr-FR","potentialAction":[{"@type":"ReadAction","target":["https:\/\/csp.ch\/neuchatel\/seances-daide-au-remplissage-de-la-declaration-dimpot-2025\/"]}]},{"@type":"ImageObject","inLanguage":"fr-FR","@id":"https:\/\/csp.ch\/neuchatel\/seances-daide-au-remplissage-de-la-declaration-dimpot-2025\/#primaryimage","url":"https:\/\/csp.ch\/wp-content\/uploads\/sites\/7\/2026\/01\/Seances-Impots-2025-1.png","contentUrl":"https:\/\/csp.ch\/wp-content\/uploads\/sites\/7\/2026\/01\/Seances-Impots-2025-1.png","width":2155,"height":1075},{"@type":"BreadcrumbList","@id":"https:\/\/csp.ch\/neuchatel\/seances-daide-au-remplissage-de-la-declaration-dimpot-2025\/#breadcrumb","itemListElement":[{"@type":"ListItem","position":1,"name":"Accueil","item":"https:\/\/csp.ch\/neuchatel\/"},{"@type":"ListItem","position":2,"name":"S\u00e9ances d&rsquo;aide au remplissage de la d\u00e9claration d&rsquo;imp\u00f4t 2025"}]},{"@type":"WebSite","@id":"https:\/\/csp.ch\/neuchatel\/#website","url":"https:\/\/csp.ch\/neuchatel\/","name":"CSP Neuch\u00e2tel","description":"","publisher":{"@id":"https:\/\/csp.ch\/neuchatel\/#organization"},"potentialAction":[{"@type":"SearchAction","target":{"@type":"EntryPoint","urlTemplate":"https:\/\/csp.ch\/neuchatel\/?s={search_term_string}"},"query-input":{"@type":"PropertyValueSpecification","valueRequired":true,"valueName":"search_term_string"}}],"inLanguage":"fr-FR"},{"@type":"Organization","@id":"https:\/\/csp.ch\/neuchatel\/#organization","name":"CSP Neuch\u00e2tel","url":"https:\/\/csp.ch\/neuchatel\/","logo":{"@type":"ImageObject","inLanguage":"fr-FR","@id":"https:\/\/csp.ch\/neuchatel\/#\/schema\/logo\/image\/","url":"https:\/\/csp.ch\/wp-content\/uploads\/sites\/7\/2020\/02\/LOGO-CSP.jpg","contentUrl":"https:\/\/csp.ch\/wp-content\/uploads\/sites\/7\/2020\/02\/LOGO-CSP.jpg","width":667,"height":667,"caption":"CSP Neuch\u00e2tel"},"image":{"@id":"https:\/\/csp.ch\/neuchatel\/#\/schema\/logo\/image\/"},"sameAs":["https:\/\/www.facebook.com\/CSPSuisse\/"]},{"@type":"Person","@id":"https:\/\/csp.ch\/neuchatel\/#\/schema\/person\/ad27b4c081f7335b635fac48d6c27041","name":"vcojocaru","image":{"@type":"ImageObject","inLanguage":"fr-FR","@id":"https:\/\/csp.ch\/neuchatel\/#\/schema\/person\/image\/","url":"https:\/\/secure.gravatar.com\/avatar\/8c86820f3976532942090cb8a9f3ccc47bdf3ef6b0d1a42df2e58f0dee0ad748?s=96&d=mm&r=g","contentUrl":"https:\/\/secure.gravatar.com\/avatar\/8c86820f3976532942090cb8a9f3ccc47bdf3ef6b0d1a42df2e58f0dee0ad748?s=96&d=mm&r=g","caption":"vcojocaru"},"url":"https:\/\/csp.ch\/neuchatel\/author\/vcojocaru\/"}]}},"_links":{"self":[{"href":"https:\/\/csp.ch\/neuchatel\/wp-json\/wp\/v2\/posts\/10685","targetHints":{"allow":["GET"]}}],"collection":[{"href":"https:\/\/csp.ch\/neuchatel\/wp-json\/wp\/v2\/posts"}],"about":[{"href":"https:\/\/csp.ch\/neuchatel\/wp-json\/wp\/v2\/types\/post"}],"author":[{"embeddable":true,"href":"https:\/\/csp.ch\/neuchatel\/wp-json\/wp\/v2\/users\/1401"}],"replies":[{"embeddable":true,"href":"https:\/\/csp.ch\/neuchatel\/wp-json\/wp\/v2\/comments?post=10685"}],"version-history":[{"count":3,"href":"https:\/\/csp.ch\/neuchatel\/wp-json\/wp\/v2\/posts\/10685\/revisions"}],"predecessor-version":[{"id":10934,"href":"https:\/\/csp.ch\/neuchatel\/wp-json\/wp\/v2\/posts\/10685\/revisions\/10934"}],"wp:featuredmedia":[{"embeddable":true,"href":"https:\/\/csp.ch\/neuchatel\/wp-json\/wp\/v2\/media\/10690"}],"wp:attachment":[{"href":"https:\/\/csp.ch\/neuchatel\/wp-json\/wp\/v2\/media?parent=10685"}],"wp:term":[{"taxonomy":"category","embeddable":true,"href":"https:\/\/csp.ch\/neuchatel\/wp-json\/wp\/v2\/categories?post=10685"},{"taxonomy":"post_tag","embeddable":true,"href":"https:\/\/csp.ch\/neuchatel\/wp-json\/wp\/v2\/tags?post=10685"}],"curies":[{"name":"wp","href":"https:\/\/api.w.org\/{rel}","templated":true}]}}