{"id":8608,"date":"2020-04-06T12:46:31","date_gmt":"2020-04-06T11:46:31","guid":{"rendered":"https:\/\/csp.ch\/geneve\/?p=8608"},"modified":"2020-04-06T12:56:42","modified_gmt":"2020-04-06T11:56:42","slug":"leconomie-domestique-a-lheure-du-covid-19","status":"publish","type":"post","link":"https:\/\/csp.ch\/geneve\/leconomie-domestique-a-lheure-du-covid-19\/","title":{"rendered":"L&rsquo;\u00e9conomie domestique \u00e0 l&rsquo;heure du COVID-19"},"content":{"rendered":"<p>Vous employez chez vous un-e travailleur-se de l&rsquo;\u00e9conomie domestique? Renseignez-vous sur vos devoirs \u00e0 l&rsquo;heure du coronavirus. Parce que prot\u00e9ger les personnes les plus vuln\u00e9rables, c&rsquo;est aussi cela.<\/p>\n<p>Notre juriste, R\u00e9my Kammermann, a pr\u00e9par\u00e9 pour vous une fiche r\u00e9capitulative des principaux points qui s&rsquo;appliquent en la mati\u00e8re.<\/p>\n<p><strong><a href=\"https:\/\/csp.ch\/geneve\/wp-content\/uploads\/sites\/5\/2020\/04\/Coronavirus-info-employeur.pdf\">Information pour les employeurs de personnel domestique pendant le coronavirus<\/a><\/strong><\/p>\n","protected":false},"excerpt":{"rendered":"<p>Vous employez chez vous un-e travailleur-se de l&rsquo;\u00e9conomie domestique? Renseignez-vous sur vos devoirs \u00e0 l&rsquo;heure du coronavirus. Parce que prot\u00e9ger les personnes les plus vuln\u00e9rables, c&rsquo;est aussi cela. Notre juriste, R\u00e9my Kammermann, a pr\u00e9par\u00e9 pour vous une fiche r\u00e9capitulative des principaux points qui s&rsquo;appliquent en la mati\u00e8re. Information pour les employeurs de personnel domestique pendant [&hellip;]<\/p>\n","protected":false},"author":12,"featured_media":8606,"comment_status":"closed","ping_status":"closed","sticky":false,"template":"","format":"standard","meta":{"_acf_changed":false,"footnotes":""},"categories":[1],"tags":[],"class_list":["post-8608","post","type-post","status-publish","format-standard","has-post-thumbnail","hentry","category-non-classe"],"acf":[],"yoast_head":"<!-- This site is optimized with the Yoast SEO plugin v27.1.1 - https:\/\/yoast.com\/product\/yoast-seo-wordpress\/ -->\n<title>L&#039;\u00e9conomie domestique \u00e0 l&#039;heure du COVID-19 - CSP Gen\u00e8ve<\/title>\n<meta name=\"robots\" content=\"index, follow, max-snippet:-1, max-image-preview:large, max-video-preview:-1\" \/>\n<link rel=\"canonical\" href=\"https:\/\/csp.ch\/geneve\/leconomie-domestique-a-lheure-du-covid-19\/\" \/>\n<meta property=\"og:locale\" content=\"fr_FR\" \/>\n<meta property=\"og:type\" content=\"article\" \/>\n<meta property=\"og:title\" content=\"L&#039;\u00e9conomie domestique \u00e0 l&#039;heure du COVID-19 - CSP Gen\u00e8ve\" \/>\n<meta property=\"og:description\" content=\"Vous employez chez vous un-e travailleur-se de l&rsquo;\u00e9conomie domestique? Renseignez-vous sur vos devoirs \u00e0 l&rsquo;heure du coronavirus. Parce que prot\u00e9ger les personnes les plus vuln\u00e9rables, c&rsquo;est aussi cela. Notre juriste, R\u00e9my Kammermann, a pr\u00e9par\u00e9 pour vous une fiche r\u00e9capitulative des principaux points qui s&rsquo;appliquent en la mati\u00e8re. Information pour les employeurs de personnel domestique pendant [&hellip;]\" \/>\n<meta property=\"og:url\" content=\"https:\/\/csp.ch\/geneve\/leconomie-domestique-a-lheure-du-covid-19\/\" \/>\n<meta property=\"og:site_name\" content=\"CSP Gen\u00e8ve\" \/>\n<meta property=\"article:published_time\" content=\"2020-04-06T11:46:31+00:00\" \/>\n<meta property=\"article:modified_time\" content=\"2020-04-06T11:56:42+00:00\" \/>\n<meta property=\"og:image\" content=\"https:\/\/csp.ch\/wp-content\/uploads\/sites\/5\/2020\/04\/cleanliness-2799470_1920.jpg\" \/>\n\t<meta property=\"og:image:width\" content=\"1920\" \/>\n\t<meta property=\"og:image:height\" content=\"1280\" \/>\n\t<meta property=\"og:image:type\" content=\"image\/jpeg\" \/>\n<meta name=\"author\" content=\"cfluckiger\" \/>\n<meta name=\"twitter:card\" content=\"summary_large_image\" \/>\n<meta name=\"twitter:label1\" content=\"\u00c9crit par\" \/>\n\t<meta name=\"twitter:data1\" content=\"cfluckiger\" \/>\n<script type=\"application\/ld+json\" class=\"yoast-schema-graph\">{\"@context\":\"https:\/\/schema.org\",\"@graph\":[{\"@type\":\"Article\",\"@id\":\"https:\/\/csp.ch\/geneve\/leconomie-domestique-a-lheure-du-covid-19\/#article\",\"isPartOf\":{\"@id\":\"https:\/\/csp.ch\/geneve\/leconomie-domestique-a-lheure-du-covid-19\/\"},\"author\":{\"name\":\"cfluckiger\",\"@id\":\"https:\/\/csp.ch\/geneve\/#\/schema\/person\/b1068a28034d6bbcbc3ece74beda2d8b\"},\"headline\":\"L&rsquo;\u00e9conomie domestique \u00e0 l&rsquo;heure du COVID-19\",\"datePublished\":\"2020-04-06T11:46:31+00:00\",\"dateModified\":\"2020-04-06T11:56:42+00:00\",\"mainEntityOfPage\":{\"@id\":\"https:\/\/csp.ch\/geneve\/leconomie-domestique-a-lheure-du-covid-19\/\"},\"wordCount\":73,\"image\":{\"@id\":\"https:\/\/csp.ch\/geneve\/leconomie-domestique-a-lheure-du-covid-19\/#primaryimage\"},\"thumbnailUrl\":\"https:\/\/csp.ch\/wp-content\/uploads\/sites\/5\/2020\/04\/cleanliness-2799470_1920.jpg\",\"articleSection\":[\"Divers\"],\"inLanguage\":\"fr-FR\"},{\"@type\":\"WebPage\",\"@id\":\"https:\/\/csp.ch\/geneve\/leconomie-domestique-a-lheure-du-covid-19\/\",\"url\":\"https:\/\/csp.ch\/geneve\/leconomie-domestique-a-lheure-du-covid-19\/\",\"name\":\"L'\u00e9conomie domestique \u00e0 l'heure du COVID-19 - CSP Gen\u00e8ve\",\"isPartOf\":{\"@id\":\"https:\/\/csp.ch\/geneve\/#website\"},\"primaryImageOfPage\":{\"@id\":\"https:\/\/csp.ch\/geneve\/leconomie-domestique-a-lheure-du-covid-19\/#primaryimage\"},\"image\":{\"@id\":\"https:\/\/csp.ch\/geneve\/leconomie-domestique-a-lheure-du-covid-19\/#primaryimage\"},\"thumbnailUrl\":\"https:\/\/csp.ch\/wp-content\/uploads\/sites\/5\/2020\/04\/cleanliness-2799470_1920.jpg\",\"datePublished\":\"2020-04-06T11:46:31+00:00\",\"dateModified\":\"2020-04-06T11:56:42+00:00\",\"author\":{\"@id\":\"https:\/\/csp.ch\/geneve\/#\/schema\/person\/b1068a28034d6bbcbc3ece74beda2d8b\"},\"breadcrumb\":{\"@id\":\"https:\/\/csp.ch\/geneve\/leconomie-domestique-a-lheure-du-covid-19\/#breadcrumb\"},\"inLanguage\":\"fr-FR\",\"potentialAction\":[{\"@type\":\"ReadAction\",\"target\":[\"https:\/\/csp.ch\/geneve\/leconomie-domestique-a-lheure-du-covid-19\/\"]}]},{\"@type\":\"ImageObject\",\"inLanguage\":\"fr-FR\",\"@id\":\"https:\/\/csp.ch\/geneve\/leconomie-domestique-a-lheure-du-covid-19\/#primaryimage\",\"url\":\"https:\/\/csp.ch\/wp-content\/uploads\/sites\/5\/2020\/04\/cleanliness-2799470_1920.jpg\",\"contentUrl\":\"https:\/\/csp.ch\/wp-content\/uploads\/sites\/5\/2020\/04\/cleanliness-2799470_1920.jpg\",\"width\":1920,\"height\":1280},{\"@type\":\"BreadcrumbList\",\"@id\":\"https:\/\/csp.ch\/geneve\/leconomie-domestique-a-lheure-du-covid-19\/#breadcrumb\",\"itemListElement\":[{\"@type\":\"ListItem\",\"position\":1,\"name\":\"Accueil\",\"item\":\"https:\/\/csp.ch\/geneve\/\"},{\"@type\":\"ListItem\",\"position\":2,\"name\":\"L&rsquo;\u00e9conomie domestique \u00e0 l&rsquo;heure du COVID-19\"}]},{\"@type\":\"WebSite\",\"@id\":\"https:\/\/csp.ch\/geneve\/#website\",\"url\":\"https:\/\/csp.ch\/geneve\/\",\"name\":\"CSP Gen\u00e8ve\",\"description\":\"\",\"potentialAction\":[{\"@type\":\"SearchAction\",\"target\":{\"@type\":\"EntryPoint\",\"urlTemplate\":\"https:\/\/csp.ch\/geneve\/?s={search_term_string}\"},\"query-input\":{\"@type\":\"PropertyValueSpecification\",\"valueRequired\":true,\"valueName\":\"search_term_string\"}}],\"inLanguage\":\"fr-FR\"},{\"@type\":\"Person\",\"@id\":\"https:\/\/csp.ch\/geneve\/#\/schema\/person\/b1068a28034d6bbcbc3ece74beda2d8b\",\"name\":\"cfluckiger\",\"image\":{\"@type\":\"ImageObject\",\"inLanguage\":\"fr-FR\",\"@id\":\"https:\/\/csp.ch\/geneve\/#\/schema\/person\/image\/\",\"url\":\"https:\/\/secure.gravatar.com\/avatar\/4a15eb964f996a19908f93512f9db569a54b04a75162bb7afa710250c1da52f7?s=96&d=mm&r=g\",\"contentUrl\":\"https:\/\/secure.gravatar.com\/avatar\/4a15eb964f996a19908f93512f9db569a54b04a75162bb7afa710250c1da52f7?s=96&d=mm&r=g\",\"caption\":\"cfluckiger\"},\"url\":\"https:\/\/csp.ch\/geneve\/author\/cfluckiger\/\"}]}<\/script>\n<!-- \/ Yoast SEO plugin. -->","yoast_head_json":{"title":"L'\u00e9conomie domestique \u00e0 l'heure du COVID-19 - CSP Gen\u00e8ve","robots":{"index":"index","follow":"follow","max-snippet":"max-snippet:-1","max-image-preview":"max-image-preview:large","max-video-preview":"max-video-preview:-1"},"canonical":"https:\/\/csp.ch\/geneve\/leconomie-domestique-a-lheure-du-covid-19\/","og_locale":"fr_FR","og_type":"article","og_title":"L'\u00e9conomie domestique \u00e0 l'heure du COVID-19 - CSP Gen\u00e8ve","og_description":"Vous employez chez vous un-e travailleur-se de l&rsquo;\u00e9conomie domestique? Renseignez-vous sur vos devoirs \u00e0 l&rsquo;heure du coronavirus. Parce que prot\u00e9ger les personnes les plus vuln\u00e9rables, c&rsquo;est aussi cela. Notre juriste, R\u00e9my Kammermann, a pr\u00e9par\u00e9 pour vous une fiche r\u00e9capitulative des principaux points qui s&rsquo;appliquent en la mati\u00e8re. Information pour les employeurs de personnel domestique pendant [&hellip;]","og_url":"https:\/\/csp.ch\/geneve\/leconomie-domestique-a-lheure-du-covid-19\/","og_site_name":"CSP Gen\u00e8ve","article_published_time":"2020-04-06T11:46:31+00:00","article_modified_time":"2020-04-06T11:56:42+00:00","og_image":[{"width":1920,"height":1280,"url":"https:\/\/csp.ch\/wp-content\/uploads\/sites\/5\/2020\/04\/cleanliness-2799470_1920.jpg","type":"image\/jpeg"}],"author":"cfluckiger","twitter_card":"summary_large_image","twitter_misc":{"\u00c9crit par":"cfluckiger"},"schema":{"@context":"https:\/\/schema.org","@graph":[{"@type":"Article","@id":"https:\/\/csp.ch\/geneve\/leconomie-domestique-a-lheure-du-covid-19\/#article","isPartOf":{"@id":"https:\/\/csp.ch\/geneve\/leconomie-domestique-a-lheure-du-covid-19\/"},"author":{"name":"cfluckiger","@id":"https:\/\/csp.ch\/geneve\/#\/schema\/person\/b1068a28034d6bbcbc3ece74beda2d8b"},"headline":"L&rsquo;\u00e9conomie domestique \u00e0 l&rsquo;heure du COVID-19","datePublished":"2020-04-06T11:46:31+00:00","dateModified":"2020-04-06T11:56:42+00:00","mainEntityOfPage":{"@id":"https:\/\/csp.ch\/geneve\/leconomie-domestique-a-lheure-du-covid-19\/"},"wordCount":73,"image":{"@id":"https:\/\/csp.ch\/geneve\/leconomie-domestique-a-lheure-du-covid-19\/#primaryimage"},"thumbnailUrl":"https:\/\/csp.ch\/wp-content\/uploads\/sites\/5\/2020\/04\/cleanliness-2799470_1920.jpg","articleSection":["Divers"],"inLanguage":"fr-FR"},{"@type":"WebPage","@id":"https:\/\/csp.ch\/geneve\/leconomie-domestique-a-lheure-du-covid-19\/","url":"https:\/\/csp.ch\/geneve\/leconomie-domestique-a-lheure-du-covid-19\/","name":"L'\u00e9conomie domestique \u00e0 l'heure du COVID-19 - CSP Gen\u00e8ve","isPartOf":{"@id":"https:\/\/csp.ch\/geneve\/#website"},"primaryImageOfPage":{"@id":"https:\/\/csp.ch\/geneve\/leconomie-domestique-a-lheure-du-covid-19\/#primaryimage"},"image":{"@id":"https:\/\/csp.ch\/geneve\/leconomie-domestique-a-lheure-du-covid-19\/#primaryimage"},"thumbnailUrl":"https:\/\/csp.ch\/wp-content\/uploads\/sites\/5\/2020\/04\/cleanliness-2799470_1920.jpg","datePublished":"2020-04-06T11:46:31+00:00","dateModified":"2020-04-06T11:56:42+00:00","author":{"@id":"https:\/\/csp.ch\/geneve\/#\/schema\/person\/b1068a28034d6bbcbc3ece74beda2d8b"},"breadcrumb":{"@id":"https:\/\/csp.ch\/geneve\/leconomie-domestique-a-lheure-du-covid-19\/#breadcrumb"},"inLanguage":"fr-FR","potentialAction":[{"@type":"ReadAction","target":["https:\/\/csp.ch\/geneve\/leconomie-domestique-a-lheure-du-covid-19\/"]}]},{"@type":"ImageObject","inLanguage":"fr-FR","@id":"https:\/\/csp.ch\/geneve\/leconomie-domestique-a-lheure-du-covid-19\/#primaryimage","url":"https:\/\/csp.ch\/wp-content\/uploads\/sites\/5\/2020\/04\/cleanliness-2799470_1920.jpg","contentUrl":"https:\/\/csp.ch\/wp-content\/uploads\/sites\/5\/2020\/04\/cleanliness-2799470_1920.jpg","width":1920,"height":1280},{"@type":"BreadcrumbList","@id":"https:\/\/csp.ch\/geneve\/leconomie-domestique-a-lheure-du-covid-19\/#breadcrumb","itemListElement":[{"@type":"ListItem","position":1,"name":"Accueil","item":"https:\/\/csp.ch\/geneve\/"},{"@type":"ListItem","position":2,"name":"L&rsquo;\u00e9conomie domestique \u00e0 l&rsquo;heure du COVID-19"}]},{"@type":"WebSite","@id":"https:\/\/csp.ch\/geneve\/#website","url":"https:\/\/csp.ch\/geneve\/","name":"CSP Gen\u00e8ve","description":"","potentialAction":[{"@type":"SearchAction","target":{"@type":"EntryPoint","urlTemplate":"https:\/\/csp.ch\/geneve\/?s={search_term_string}"},"query-input":{"@type":"PropertyValueSpecification","valueRequired":true,"valueName":"search_term_string"}}],"inLanguage":"fr-FR"},{"@type":"Person","@id":"https:\/\/csp.ch\/geneve\/#\/schema\/person\/b1068a28034d6bbcbc3ece74beda2d8b","name":"cfluckiger","image":{"@type":"ImageObject","inLanguage":"fr-FR","@id":"https:\/\/csp.ch\/geneve\/#\/schema\/person\/image\/","url":"https:\/\/secure.gravatar.com\/avatar\/4a15eb964f996a19908f93512f9db569a54b04a75162bb7afa710250c1da52f7?s=96&d=mm&r=g","contentUrl":"https:\/\/secure.gravatar.com\/avatar\/4a15eb964f996a19908f93512f9db569a54b04a75162bb7afa710250c1da52f7?s=96&d=mm&r=g","caption":"cfluckiger"},"url":"https:\/\/csp.ch\/geneve\/author\/cfluckiger\/"}]}},"_links":{"self":[{"href":"https:\/\/csp.ch\/geneve\/wp-json\/wp\/v2\/posts\/8608","targetHints":{"allow":["GET"]}}],"collection":[{"href":"https:\/\/csp.ch\/geneve\/wp-json\/wp\/v2\/posts"}],"about":[{"href":"https:\/\/csp.ch\/geneve\/wp-json\/wp\/v2\/types\/post"}],"author":[{"embeddable":true,"href":"https:\/\/csp.ch\/geneve\/wp-json\/wp\/v2\/users\/12"}],"replies":[{"embeddable":true,"href":"https:\/\/csp.ch\/geneve\/wp-json\/wp\/v2\/comments?post=8608"}],"version-history":[{"count":4,"href":"https:\/\/csp.ch\/geneve\/wp-json\/wp\/v2\/posts\/8608\/revisions"}],"predecessor-version":[{"id":8611,"href":"https:\/\/csp.ch\/geneve\/wp-json\/wp\/v2\/posts\/8608\/revisions\/8611"}],"wp:featuredmedia":[{"embeddable":true,"href":"https:\/\/csp.ch\/geneve\/wp-json\/wp\/v2\/media\/8606"}],"wp:attachment":[{"href":"https:\/\/csp.ch\/geneve\/wp-json\/wp\/v2\/media?parent=8608"}],"wp:term":[{"taxonomy":"category","embeddable":true,"href":"https:\/\/csp.ch\/geneve\/wp-json\/wp\/v2\/categories?post=8608"},{"taxonomy":"post_tag","embeddable":true,"href":"https:\/\/csp.ch\/geneve\/wp-json\/wp\/v2\/tags?post=8608"}],"curies":[{"name":"wp","href":"https:\/\/api.w.org\/{rel}","templated":true}]}}