{"id":8457,"date":"2020-03-18T08:22:17","date_gmt":"2020-03-18T07:22:17","guid":{"rendered":"https:\/\/csp.ch\/geneve\/?p=8457"},"modified":"2020-03-19T11:46:00","modified_gmt":"2020-03-19T10:46:00","slug":"covid-19-le-csp-demande-au-tribunal-administratif-federal-de-suspendre-toutes-les-procedures","status":"publish","type":"post","link":"https:\/\/csp.ch\/geneve\/covid-19-le-csp-demande-au-tribunal-administratif-federal-de-suspendre-toutes-les-procedures\/","title":{"rendered":"Covid-19: le CSP demande aux autorit\u00e9s f\u00e9d\u00e9rales de suspendre toutes les proc\u00e9dures d&rsquo;asile"},"content":{"rendered":"<p>Dans deux lettres adress\u00e9es le 17 mars \u00e0 la pr\u00e9sidente du Tribunal administratif f\u00e9d\u00e9ral (TAF), et le 18 mars au Secr\u00e9tariat d&rsquo;Etat aux Migrations (SEM), le Centre social protestant de Gen\u00e8ve demande la suspension du traitement de toutes les proc\u00e9dures actuellement en cours. Les collaborateurs et les collaboratrices du CSP, de m\u00eame que leurs mandant-e-s, doivent rester chez elles et chez eux, conform\u00e9ment aux recommandations des autorit\u00e9s. Dans ce contexte, il est impossible d&rsquo;assurer le droit fondamental \u00e0 un recours effectif et le suivi des \u00e9changes d&rsquo;\u00e9critures avec les instances comp\u00e9tentes. La volont\u00e9 des autorit\u00e9s en mati\u00e8re d&rsquo;asile de continuer \u00e0 traiter les demandes d&rsquo;asile est manifestement contraire \u00e0 la recommandation de ralentir le pays \u00e9dict\u00e9e et r\u00e9p\u00e9t\u00e9e par le Conseil f\u00e9d\u00e9ral et l&rsquo;Office f\u00e9d\u00e9ral de la sant\u00e9 publique.<\/p>\n<p>Le CSP de Gen\u00e8ve a par ailleurs sign\u00e9 un appel adress\u00e9 dans ce sens par une dizaine d&rsquo;organisations concern\u00e9es. Aidez-nous \u00e0 le relayer!<\/p>\n<p><a href=\"https:\/\/csp.ch\/geneve\/wp-content\/uploads\/sites\/5\/2020\/03\/CSP-GE-Courrier-a\u0300-la-pre\u0301sidente-du-TAF-17-mars-2020.pdf\">Lire la lettre adress\u00e9e au Tribunal<\/a><\/p>\n<p><a href=\"https:\/\/www.sosf.ch\/fr\/sujets\/asile\/informations-articles\/appel-aux-autorites.html\">L&rsquo;appel lanc\u00e9 par Solidarit\u00e9 sans fronti\u00e8res<\/a><\/p>\n<p><a href=\"https:\/\/www.sosf.ch\/fr\/sujets\/asile\/informations-articles\/appel-aux-autorites.html\"><img loading=\"lazy\" decoding=\"async\" class=\"alignnone size-medium wp-image-8475\" src=\"https:\/\/csp.ch\/geneve\/wp-content\/uploads\/sites\/5\/2020\/03\/Capture-d\u2019e\u0301cran-2020-03-19-a\u0300-11.29.07-300x205.png\" alt=\"\" width=\"300\" height=\"205\" srcset=\"https:\/\/csp.ch\/wp-content\/uploads\/sites\/5\/2020\/03\/Capture-d\u2019e\u0301cran-2020-03-19-a\u0300-11.29.07-300x205.png 300w, https:\/\/csp.ch\/wp-content\/uploads\/sites\/5\/2020\/03\/Capture-d\u2019e\u0301cran-2020-03-19-a\u0300-11.29.07-768x524.png 768w, https:\/\/csp.ch\/wp-content\/uploads\/sites\/5\/2020\/03\/Capture-d\u2019e\u0301cran-2020-03-19-a\u0300-11.29.07-240x164.png 240w, https:\/\/csp.ch\/wp-content\/uploads\/sites\/5\/2020\/03\/Capture-d\u2019e\u0301cran-2020-03-19-a\u0300-11.29.07-740x505.png 740w, https:\/\/csp.ch\/wp-content\/uploads\/sites\/5\/2020\/03\/Capture-d\u2019e\u0301cran-2020-03-19-a\u0300-11.29.07.png 799w\" sizes=\"auto, (max-width: 300px) 100vw, 300px\" \/><\/a><\/p>\n","protected":false},"excerpt":{"rendered":"<p>Dans deux lettres adress\u00e9es le 17 mars \u00e0 la pr\u00e9sidente du Tribunal administratif f\u00e9d\u00e9ral (TAF), et le 18 mars au Secr\u00e9tariat d&rsquo;Etat aux Migrations (SEM), le Centre social protestant de Gen\u00e8ve demande la suspension du traitement de toutes les proc\u00e9dures actuellement en cours. Les collaborateurs et les collaboratrices du CSP, de m\u00eame que leurs mandant-e-s, [&hellip;]<\/p>\n","protected":false},"author":11,"featured_media":8475,"comment_status":"closed","ping_status":"closed","sticky":false,"template":"","format":"standard","meta":{"_acf_changed":false,"footnotes":""},"categories":[28],"tags":[],"class_list":["post-8457","post","type-post","status-publish","format-standard","has-post-thumbnail","hentry","category-migration"],"acf":[],"yoast_head":"<!-- This site is optimized with the Yoast SEO plugin v27.1.1 - https:\/\/yoast.com\/product\/yoast-seo-wordpress\/ -->\n<title>Covid-19: le CSP demande aux autorit\u00e9s f\u00e9d\u00e9rales de suspendre toutes les proc\u00e9dures d&#039;asile - CSP Gen\u00e8ve<\/title>\n<meta name=\"robots\" content=\"index, follow, max-snippet:-1, max-image-preview:large, max-video-preview:-1\" \/>\n<link rel=\"canonical\" href=\"https:\/\/csp.ch\/geneve\/covid-19-le-csp-demande-au-tribunal-administratif-federal-de-suspendre-toutes-les-procedures\/\" \/>\n<meta property=\"og:locale\" content=\"fr_FR\" \/>\n<meta property=\"og:type\" content=\"article\" \/>\n<meta property=\"og:title\" content=\"Covid-19: le CSP demande aux autorit\u00e9s f\u00e9d\u00e9rales de suspendre toutes les proc\u00e9dures d&#039;asile - CSP Gen\u00e8ve\" \/>\n<meta property=\"og:description\" content=\"Dans deux lettres adress\u00e9es le 17 mars \u00e0 la pr\u00e9sidente du Tribunal administratif f\u00e9d\u00e9ral (TAF), et le 18 mars au Secr\u00e9tariat d&rsquo;Etat aux Migrations (SEM), le Centre social protestant de Gen\u00e8ve demande la suspension du traitement de toutes les proc\u00e9dures actuellement en cours. Les collaborateurs et les collaboratrices du CSP, de m\u00eame que leurs mandant-e-s, [&hellip;]\" \/>\n<meta property=\"og:url\" content=\"https:\/\/csp.ch\/geneve\/covid-19-le-csp-demande-au-tribunal-administratif-federal-de-suspendre-toutes-les-procedures\/\" \/>\n<meta property=\"og:site_name\" content=\"CSP Gen\u00e8ve\" \/>\n<meta property=\"article:published_time\" content=\"2020-03-18T07:22:17+00:00\" \/>\n<meta property=\"article:modified_time\" content=\"2020-03-19T10:46:00+00:00\" \/>\n<meta property=\"og:image\" content=\"https:\/\/csp.ch\/wp-content\/uploads\/sites\/5\/2020\/03\/Capture-d\u2019e\u0301cran-2020-03-19-a\u0300-11.29.07.png\" \/>\n\t<meta property=\"og:image:width\" content=\"799\" \/>\n\t<meta property=\"og:image:height\" content=\"545\" \/>\n\t<meta property=\"og:image:type\" content=\"image\/png\" \/>\n<meta name=\"author\" content=\"abrina\" \/>\n<meta name=\"twitter:card\" content=\"summary_large_image\" \/>\n<meta name=\"twitter:label1\" content=\"\u00c9crit par\" \/>\n\t<meta name=\"twitter:data1\" content=\"abrina\" \/>\n\t<meta name=\"twitter:label2\" content=\"Dur\u00e9e de lecture estim\u00e9e\" \/>\n\t<meta name=\"twitter:data2\" content=\"1 minute\" \/>\n<script type=\"application\/ld+json\" class=\"yoast-schema-graph\">{\"@context\":\"https:\/\/schema.org\",\"@graph\":[{\"@type\":\"Article\",\"@id\":\"https:\/\/csp.ch\/geneve\/covid-19-le-csp-demande-au-tribunal-administratif-federal-de-suspendre-toutes-les-procedures\/#article\",\"isPartOf\":{\"@id\":\"https:\/\/csp.ch\/geneve\/covid-19-le-csp-demande-au-tribunal-administratif-federal-de-suspendre-toutes-les-procedures\/\"},\"author\":{\"name\":\"abrina\",\"@id\":\"https:\/\/csp.ch\/geneve\/#\/schema\/person\/d035fb3af1c60e135c2d87cc5db5fd7e\"},\"headline\":\"Covid-19: le CSP demande aux autorit\u00e9s f\u00e9d\u00e9rales de suspendre toutes les proc\u00e9dures d&rsquo;asile\",\"datePublished\":\"2020-03-18T07:22:17+00:00\",\"dateModified\":\"2020-03-19T10:46:00+00:00\",\"mainEntityOfPage\":{\"@id\":\"https:\/\/csp.ch\/geneve\/covid-19-le-csp-demande-au-tribunal-administratif-federal-de-suspendre-toutes-les-procedures\/\"},\"wordCount\":208,\"image\":{\"@id\":\"https:\/\/csp.ch\/geneve\/covid-19-le-csp-demande-au-tribunal-administratif-federal-de-suspendre-toutes-les-procedures\/#primaryimage\"},\"thumbnailUrl\":\"https:\/\/csp.ch\/wp-content\/uploads\/sites\/5\/2020\/03\/Capture-d\u2019e\u0301cran-2020-03-19-a\u0300-11.29.07.png\",\"articleSection\":[\"Migration\"],\"inLanguage\":\"fr-FR\"},{\"@type\":\"WebPage\",\"@id\":\"https:\/\/csp.ch\/geneve\/covid-19-le-csp-demande-au-tribunal-administratif-federal-de-suspendre-toutes-les-procedures\/\",\"url\":\"https:\/\/csp.ch\/geneve\/covid-19-le-csp-demande-au-tribunal-administratif-federal-de-suspendre-toutes-les-procedures\/\",\"name\":\"Covid-19: le CSP demande aux autorit\u00e9s f\u00e9d\u00e9rales de suspendre toutes les proc\u00e9dures d'asile - CSP Gen\u00e8ve\",\"isPartOf\":{\"@id\":\"https:\/\/csp.ch\/geneve\/#website\"},\"primaryImageOfPage\":{\"@id\":\"https:\/\/csp.ch\/geneve\/covid-19-le-csp-demande-au-tribunal-administratif-federal-de-suspendre-toutes-les-procedures\/#primaryimage\"},\"image\":{\"@id\":\"https:\/\/csp.ch\/geneve\/covid-19-le-csp-demande-au-tribunal-administratif-federal-de-suspendre-toutes-les-procedures\/#primaryimage\"},\"thumbnailUrl\":\"https:\/\/csp.ch\/wp-content\/uploads\/sites\/5\/2020\/03\/Capture-d\u2019e\u0301cran-2020-03-19-a\u0300-11.29.07.png\",\"datePublished\":\"2020-03-18T07:22:17+00:00\",\"dateModified\":\"2020-03-19T10:46:00+00:00\",\"author\":{\"@id\":\"https:\/\/csp.ch\/geneve\/#\/schema\/person\/d035fb3af1c60e135c2d87cc5db5fd7e\"},\"breadcrumb\":{\"@id\":\"https:\/\/csp.ch\/geneve\/covid-19-le-csp-demande-au-tribunal-administratif-federal-de-suspendre-toutes-les-procedures\/#breadcrumb\"},\"inLanguage\":\"fr-FR\",\"potentialAction\":[{\"@type\":\"ReadAction\",\"target\":[\"https:\/\/csp.ch\/geneve\/covid-19-le-csp-demande-au-tribunal-administratif-federal-de-suspendre-toutes-les-procedures\/\"]}]},{\"@type\":\"ImageObject\",\"inLanguage\":\"fr-FR\",\"@id\":\"https:\/\/csp.ch\/geneve\/covid-19-le-csp-demande-au-tribunal-administratif-federal-de-suspendre-toutes-les-procedures\/#primaryimage\",\"url\":\"https:\/\/csp.ch\/wp-content\/uploads\/sites\/5\/2020\/03\/Capture-d\u2019e\u0301cran-2020-03-19-a\u0300-11.29.07.png\",\"contentUrl\":\"https:\/\/csp.ch\/wp-content\/uploads\/sites\/5\/2020\/03\/Capture-d\u2019e\u0301cran-2020-03-19-a\u0300-11.29.07.png\",\"width\":799,\"height\":545},{\"@type\":\"BreadcrumbList\",\"@id\":\"https:\/\/csp.ch\/geneve\/covid-19-le-csp-demande-au-tribunal-administratif-federal-de-suspendre-toutes-les-procedures\/#breadcrumb\",\"itemListElement\":[{\"@type\":\"ListItem\",\"position\":1,\"name\":\"Accueil\",\"item\":\"https:\/\/csp.ch\/geneve\/\"},{\"@type\":\"ListItem\",\"position\":2,\"name\":\"Covid-19: le CSP demande aux autorit\u00e9s f\u00e9d\u00e9rales de suspendre toutes les proc\u00e9dures d&rsquo;asile\"}]},{\"@type\":\"WebSite\",\"@id\":\"https:\/\/csp.ch\/geneve\/#website\",\"url\":\"https:\/\/csp.ch\/geneve\/\",\"name\":\"CSP Gen\u00e8ve\",\"description\":\"\",\"potentialAction\":[{\"@type\":\"SearchAction\",\"target\":{\"@type\":\"EntryPoint\",\"urlTemplate\":\"https:\/\/csp.ch\/geneve\/?s={search_term_string}\"},\"query-input\":{\"@type\":\"PropertyValueSpecification\",\"valueRequired\":true,\"valueName\":\"search_term_string\"}}],\"inLanguage\":\"fr-FR\"},{\"@type\":\"Person\",\"@id\":\"https:\/\/csp.ch\/geneve\/#\/schema\/person\/d035fb3af1c60e135c2d87cc5db5fd7e\",\"name\":\"abrina\",\"image\":{\"@type\":\"ImageObject\",\"inLanguage\":\"fr-FR\",\"@id\":\"https:\/\/csp.ch\/geneve\/#\/schema\/person\/image\/\",\"url\":\"https:\/\/secure.gravatar.com\/avatar\/f7269bc1e67c1930d5b40b1ad1b1c58315af84b366d4be34c48693d6b2307ff0?s=96&d=mm&r=g\",\"contentUrl\":\"https:\/\/secure.gravatar.com\/avatar\/f7269bc1e67c1930d5b40b1ad1b1c58315af84b366d4be34c48693d6b2307ff0?s=96&d=mm&r=g\",\"caption\":\"abrina\"},\"url\":\"https:\/\/csp.ch\/geneve\/author\/abrina\/\"}]}<\/script>\n<!-- \/ Yoast SEO plugin. -->","yoast_head_json":{"title":"Covid-19: le CSP demande aux autorit\u00e9s f\u00e9d\u00e9rales de suspendre toutes les proc\u00e9dures d'asile - CSP Gen\u00e8ve","robots":{"index":"index","follow":"follow","max-snippet":"max-snippet:-1","max-image-preview":"max-image-preview:large","max-video-preview":"max-video-preview:-1"},"canonical":"https:\/\/csp.ch\/geneve\/covid-19-le-csp-demande-au-tribunal-administratif-federal-de-suspendre-toutes-les-procedures\/","og_locale":"fr_FR","og_type":"article","og_title":"Covid-19: le CSP demande aux autorit\u00e9s f\u00e9d\u00e9rales de suspendre toutes les proc\u00e9dures d'asile - CSP Gen\u00e8ve","og_description":"Dans deux lettres adress\u00e9es le 17 mars \u00e0 la pr\u00e9sidente du Tribunal administratif f\u00e9d\u00e9ral (TAF), et le 18 mars au Secr\u00e9tariat d&rsquo;Etat aux Migrations (SEM), le Centre social protestant de Gen\u00e8ve demande la suspension du traitement de toutes les proc\u00e9dures actuellement en cours. Les collaborateurs et les collaboratrices du CSP, de m\u00eame que leurs mandant-e-s, [&hellip;]","og_url":"https:\/\/csp.ch\/geneve\/covid-19-le-csp-demande-au-tribunal-administratif-federal-de-suspendre-toutes-les-procedures\/","og_site_name":"CSP Gen\u00e8ve","article_published_time":"2020-03-18T07:22:17+00:00","article_modified_time":"2020-03-19T10:46:00+00:00","og_image":[{"width":799,"height":545,"url":"https:\/\/csp.ch\/wp-content\/uploads\/sites\/5\/2020\/03\/Capture-d\u2019e\u0301cran-2020-03-19-a\u0300-11.29.07.png","type":"image\/png"}],"author":"abrina","twitter_card":"summary_large_image","twitter_misc":{"\u00c9crit par":"abrina","Dur\u00e9e de lecture estim\u00e9e":"1 minute"},"schema":{"@context":"https:\/\/schema.org","@graph":[{"@type":"Article","@id":"https:\/\/csp.ch\/geneve\/covid-19-le-csp-demande-au-tribunal-administratif-federal-de-suspendre-toutes-les-procedures\/#article","isPartOf":{"@id":"https:\/\/csp.ch\/geneve\/covid-19-le-csp-demande-au-tribunal-administratif-federal-de-suspendre-toutes-les-procedures\/"},"author":{"name":"abrina","@id":"https:\/\/csp.ch\/geneve\/#\/schema\/person\/d035fb3af1c60e135c2d87cc5db5fd7e"},"headline":"Covid-19: le CSP demande aux autorit\u00e9s f\u00e9d\u00e9rales de suspendre toutes les proc\u00e9dures d&rsquo;asile","datePublished":"2020-03-18T07:22:17+00:00","dateModified":"2020-03-19T10:46:00+00:00","mainEntityOfPage":{"@id":"https:\/\/csp.ch\/geneve\/covid-19-le-csp-demande-au-tribunal-administratif-federal-de-suspendre-toutes-les-procedures\/"},"wordCount":208,"image":{"@id":"https:\/\/csp.ch\/geneve\/covid-19-le-csp-demande-au-tribunal-administratif-federal-de-suspendre-toutes-les-procedures\/#primaryimage"},"thumbnailUrl":"https:\/\/csp.ch\/wp-content\/uploads\/sites\/5\/2020\/03\/Capture-d\u2019e\u0301cran-2020-03-19-a\u0300-11.29.07.png","articleSection":["Migration"],"inLanguage":"fr-FR"},{"@type":"WebPage","@id":"https:\/\/csp.ch\/geneve\/covid-19-le-csp-demande-au-tribunal-administratif-federal-de-suspendre-toutes-les-procedures\/","url":"https:\/\/csp.ch\/geneve\/covid-19-le-csp-demande-au-tribunal-administratif-federal-de-suspendre-toutes-les-procedures\/","name":"Covid-19: le CSP demande aux autorit\u00e9s f\u00e9d\u00e9rales de suspendre toutes les proc\u00e9dures d'asile - CSP Gen\u00e8ve","isPartOf":{"@id":"https:\/\/csp.ch\/geneve\/#website"},"primaryImageOfPage":{"@id":"https:\/\/csp.ch\/geneve\/covid-19-le-csp-demande-au-tribunal-administratif-federal-de-suspendre-toutes-les-procedures\/#primaryimage"},"image":{"@id":"https:\/\/csp.ch\/geneve\/covid-19-le-csp-demande-au-tribunal-administratif-federal-de-suspendre-toutes-les-procedures\/#primaryimage"},"thumbnailUrl":"https:\/\/csp.ch\/wp-content\/uploads\/sites\/5\/2020\/03\/Capture-d\u2019e\u0301cran-2020-03-19-a\u0300-11.29.07.png","datePublished":"2020-03-18T07:22:17+00:00","dateModified":"2020-03-19T10:46:00+00:00","author":{"@id":"https:\/\/csp.ch\/geneve\/#\/schema\/person\/d035fb3af1c60e135c2d87cc5db5fd7e"},"breadcrumb":{"@id":"https:\/\/csp.ch\/geneve\/covid-19-le-csp-demande-au-tribunal-administratif-federal-de-suspendre-toutes-les-procedures\/#breadcrumb"},"inLanguage":"fr-FR","potentialAction":[{"@type":"ReadAction","target":["https:\/\/csp.ch\/geneve\/covid-19-le-csp-demande-au-tribunal-administratif-federal-de-suspendre-toutes-les-procedures\/"]}]},{"@type":"ImageObject","inLanguage":"fr-FR","@id":"https:\/\/csp.ch\/geneve\/covid-19-le-csp-demande-au-tribunal-administratif-federal-de-suspendre-toutes-les-procedures\/#primaryimage","url":"https:\/\/csp.ch\/wp-content\/uploads\/sites\/5\/2020\/03\/Capture-d\u2019e\u0301cran-2020-03-19-a\u0300-11.29.07.png","contentUrl":"https:\/\/csp.ch\/wp-content\/uploads\/sites\/5\/2020\/03\/Capture-d\u2019e\u0301cran-2020-03-19-a\u0300-11.29.07.png","width":799,"height":545},{"@type":"BreadcrumbList","@id":"https:\/\/csp.ch\/geneve\/covid-19-le-csp-demande-au-tribunal-administratif-federal-de-suspendre-toutes-les-procedures\/#breadcrumb","itemListElement":[{"@type":"ListItem","position":1,"name":"Accueil","item":"https:\/\/csp.ch\/geneve\/"},{"@type":"ListItem","position":2,"name":"Covid-19: le CSP demande aux autorit\u00e9s f\u00e9d\u00e9rales de suspendre toutes les proc\u00e9dures d&rsquo;asile"}]},{"@type":"WebSite","@id":"https:\/\/csp.ch\/geneve\/#website","url":"https:\/\/csp.ch\/geneve\/","name":"CSP Gen\u00e8ve","description":"","potentialAction":[{"@type":"SearchAction","target":{"@type":"EntryPoint","urlTemplate":"https:\/\/csp.ch\/geneve\/?s={search_term_string}"},"query-input":{"@type":"PropertyValueSpecification","valueRequired":true,"valueName":"search_term_string"}}],"inLanguage":"fr-FR"},{"@type":"Person","@id":"https:\/\/csp.ch\/geneve\/#\/schema\/person\/d035fb3af1c60e135c2d87cc5db5fd7e","name":"abrina","image":{"@type":"ImageObject","inLanguage":"fr-FR","@id":"https:\/\/csp.ch\/geneve\/#\/schema\/person\/image\/","url":"https:\/\/secure.gravatar.com\/avatar\/f7269bc1e67c1930d5b40b1ad1b1c58315af84b366d4be34c48693d6b2307ff0?s=96&d=mm&r=g","contentUrl":"https:\/\/secure.gravatar.com\/avatar\/f7269bc1e67c1930d5b40b1ad1b1c58315af84b366d4be34c48693d6b2307ff0?s=96&d=mm&r=g","caption":"abrina"},"url":"https:\/\/csp.ch\/geneve\/author\/abrina\/"}]}},"_links":{"self":[{"href":"https:\/\/csp.ch\/geneve\/wp-json\/wp\/v2\/posts\/8457","targetHints":{"allow":["GET"]}}],"collection":[{"href":"https:\/\/csp.ch\/geneve\/wp-json\/wp\/v2\/posts"}],"about":[{"href":"https:\/\/csp.ch\/geneve\/wp-json\/wp\/v2\/types\/post"}],"author":[{"embeddable":true,"href":"https:\/\/csp.ch\/geneve\/wp-json\/wp\/v2\/users\/11"}],"replies":[{"embeddable":true,"href":"https:\/\/csp.ch\/geneve\/wp-json\/wp\/v2\/comments?post=8457"}],"version-history":[{"count":7,"href":"https:\/\/csp.ch\/geneve\/wp-json\/wp\/v2\/posts\/8457\/revisions"}],"predecessor-version":[{"id":8477,"href":"https:\/\/csp.ch\/geneve\/wp-json\/wp\/v2\/posts\/8457\/revisions\/8477"}],"wp:featuredmedia":[{"embeddable":true,"href":"https:\/\/csp.ch\/geneve\/wp-json\/wp\/v2\/media\/8475"}],"wp:attachment":[{"href":"https:\/\/csp.ch\/geneve\/wp-json\/wp\/v2\/media?parent=8457"}],"wp:term":[{"taxonomy":"category","embeddable":true,"href":"https:\/\/csp.ch\/geneve\/wp-json\/wp\/v2\/categories?post=8457"},{"taxonomy":"post_tag","embeddable":true,"href":"https:\/\/csp.ch\/geneve\/wp-json\/wp\/v2\/tags?post=8457"}],"curies":[{"name":"wp","href":"https:\/\/api.w.org\/{rel}","templated":true}]}}