{"id":33493,"date":"2026-09-03T08:54:08","date_gmt":"2026-09-03T06:54:08","guid":{"rendered":"https:\/\/csp.ch\/geneve\/?p=33493"},"modified":"2026-09-03T10:08:48","modified_gmt":"2026-09-03T08:08:48","slug":"faire-entendre-la-realite-du-terrain","status":"publish","type":"post","link":"https:\/\/csp.ch\/geneve\/faire-entendre-la-realite-du-terrain\/","title":{"rendered":"\u00ab Faire entendre la r\u00e9alit\u00e9 du terrain \u00bb"},"content":{"rendered":"<p><strong>Arriv\u00e9 au CSP Gen\u00e8ve d\u00e9but ao\u00fbt pour une p\u00e9riode de transition avec Alain Bolle, Mathieu Crettenand en prendra officiellement la direction en octobre. Engag\u00e9 depuis plus de vingt ans dans les domaines des droits humains, de l\u2019insertion et de l\u2019asile, il revient sur le fil rouge de son parcours. Ses premiers pas au CSP sont l\u2019occasion d\u2019\u00e9voquer les enjeux de sa nouvelle fonction.<\/strong><\/p>\n<p><span style=\"color: #ff9900\"><strong>Qu\u2019est-ce qui vous a donn\u00e9 envie de rejoindre le CSP ?<\/strong><\/span><\/p>\n<p>Le CSP occupe une place singuli\u00e8re \u00e0 Gen\u00e8ve. Il accompagne concr\u00e8tement les personnes confront\u00e9es \u00e0 la pr\u00e9carit\u00e9, tout en portant leur r\u00e9alit\u00e9 dans le d\u00e9bat public. Cette articulation est essentielle \u00e0 mes yeux : ce qui remonte du terrain permet au CSP d\u2019interpeller les pouvoirs publics et de contribuer \u00e0 l\u2019\u00e9volution des politiques sociales.<\/p>\n<p>Cette mani\u00e8re d\u2019agir correspond au fil rouge de mon parcours. Depuis plus de vingt ans, je travaille sur des questions de justice sociale, d\u2019\u00e9galit\u00e9 et d\u2019acc\u00e8s aux droits. Rejoindre le CSP me permet de mettre cette exp\u00e9rience au service d\u2019une institution reconnue, pr\u00e9sente aupr\u00e8s de publics tr\u00e8s divers et capable de faire entendre une parole forte sur les enjeux sociaux.<\/p>\n<p><span style=\"color: #ff9900\"><strong>Que retenez-vous de votre parcours pour cette nouvelle fonction ?<\/strong><\/span><\/p>\n<p>J\u2019ai travaill\u00e9 \u00e0 la fois dans le monde associatif et au sein d\u2019institutions publiques. Cette double exp\u00e9rience m\u2019a appris, \u00e0 partir des r\u00e9alit\u00e9s du terrain, \u00e0 construire, en responsabilit\u00e9 partag\u00e9e, des r\u00e9ponses concr\u00e8tes pour les personnes concern\u00e9es.<\/p>\n<p>Mon parcours m\u2019a d\u2019abord conduit dans le domaine de l\u2019insertion professionnelle, notamment autour des emplois de solidarit\u00e9. \u00c0 l\u2019Universit\u00e9 de Gen\u00e8ve, cette volont\u00e9 d\u2019ouvrir l\u2019acc\u00e8s aux institutions a pris une forme tr\u00e8s concr\u00e8te avec Horizon acad\u00e9mique. Avec plusieurs partenaires, nous avons cr\u00e9\u00e9 ce programme \u00e0 partir d\u2019un constat : des personnes issues de l\u2019asile arrivaient \u00e0 Gen\u00e8ve avec une formation, des comp\u00e9tences et un projet, mais sans r\u00e9elle possibilit\u00e9 de valoriser leurs bagages acad\u00e9miques. L\u2019objectif \u00e9tait de leur ouvrir les portes de l\u2019universit\u00e9 et d\u2019\u00e9viter une perte de qualification. Le programme a ainsi associ\u00e9 cours de fran\u00e7ais, accompagnement acad\u00e9mique et mentorat.<\/p>\n<p>\u00c0 l\u2019Hospice g\u00e9n\u00e9ral, la direction de l\u2019Aide aux migrants m\u2019a ensuite plac\u00e9 au c\u0153ur du dispositif genevois de l\u2019asile. Cette responsabilit\u00e9 impliquait de r\u00e9pondre \u00e0 des situations humaines complexes, de conduire des \u00e9quipes et de mettre en \u0153uvre des politiques publiques dont les effets se mesurent tr\u00e8s concr\u00e8tement dans la vie des personnes.<\/p>\n<p>Au CSP, les diff\u00e9rentes dimensions de mon parcours se rejoignent : l\u2019attention port\u00e9e \u00e0 chaque personne, la construction de r\u00e9ponses concr\u00e8tes et l\u2019action sur les m\u00e9canismes soci\u00e9tales qui entretiennent la pr\u00e9carit\u00e9 et l\u2019exclusion.<\/p>\n<p><span style=\"color: #ff9900\"><strong>Qu\u2019est-ce qui vous a marqu\u00e9 depuis votre arriv\u00e9e ?<\/strong><\/span><\/p>\n<p>Je d\u00e9couvre une institution qui r\u00e9unit une grande diversit\u00e9 de m\u00e9tiers et de comp\u00e9tences. Derri\u00e8re chaque consultation et chaque activit\u00e9, il y a une connaissance tr\u00e8s fine des difficult\u00e9s rencontr\u00e9es par les personnes, port\u00e9e par des \u00e9quipes extr\u00eamement investies dans leur mission.<\/p>\n<p>Mes premi\u00e8res semaines sont consacr\u00e9es \u00e0 rencontrer les \u00e9quipes, \u00e0 comprendre leur travail et \u00e0 mieux saisir ce qui fait la force du CSP ainsi que les enjeux propres \u00e0 chaque secteur. Cette phase d\u2019\u00e9coute et d\u2019immersion est indispensable pour fonder les prochaines d\u00e9cisions sur leur exp\u00e9rience et sur les besoins des personnes accompagn\u00e9es.<\/p>\n<p><span style=\"color: #ff9900\"><strong>Vous succ\u00e9dez \u00e0 Alain Bolle apr\u00e8s une p\u00e9riode de forte croissance du CSP. Comment abordez-vous cette transition ?<\/strong><\/span><\/p>\n<p>Depuis mon arriv\u00e9e, Alain Bolle et les \u00e9quipes font preuve d\u2019une grande disponibilit\u00e9 et d\u2019une volont\u00e9 de transmettre. La qualit\u00e9 et la franchise de nos \u00e9changes me permettent d\u2019entrer rapidement dans la r\u00e9alit\u00e9 de l\u2019institution, et je leur en suis tr\u00e8s reconnaissant.<\/p>\n<p>Ces deux mois aux c\u00f4t\u00e9s d\u2019Alain sont pr\u00e9cieux pour comprendre les choix qui ont accompagn\u00e9 le d\u00e9veloppement du CSP, les \u00e9quilibres sur lesquels il repose et les enjeux auxquels l\u2019institution devra r\u00e9pondre ces prochaines ann\u00e9es.<\/p>\n<p>Je mesure le travail accompli sous sa direction et la responsabilit\u00e9 qui consiste \u00e0 prendre le relais. Il ne s\u2019agit ni de tout r\u00e9inventer ni de reproduire ce qui existe sans l\u2019interroger. Ma priorit\u00e9 sera de pr\u00e9server ce qui fait la force du CSP et de consolider les conditions de son action \u00e0 long terme.<\/p>\n<p>Apr\u00e8s plusieurs ann\u00e9es de croissance, l\u2019enjeu est de renforcer l\u2019organisation, ses modes de fonctionnement et sa capacit\u00e9 \u00e0 remplir durablement ses missions. Cette \u00e9tape devra se construire avec les \u00e9quipes, le comit\u00e9 et les partenaires du CSP.<\/p>\n<p>Notre ambition est de r\u00e9pondre au plus pr\u00e8s aux besoins du terrain et aux personnes que nous accompagnons. L\u2019engagement de nos donateur\u2219rices et de nos bailleurs de fonds est essentiel durant cette p\u00e9riode de consolidation. Nous nous r\u00e9jouissons de pouvoir compter sur leur fid\u00e9lit\u00e9 et les remercions.<\/p>\n<p><span style=\"color: #ff9900\"><strong>Quelle direction souhaitez-vous donner \u00e0 l\u2019institution ?<\/strong><\/span><\/p>\n<p>La strat\u00e9gie institutionnelle \u00e0 l\u2019horizon 2030 nous donnera l\u2019occasion de d\u00e9finir collectivement les prochaines \u00e9tapes. Je souhaite que cette r\u00e9flexion parte du travail quotidien du CSP, des besoins observ\u00e9s sur le terrain et de l\u2019expertise de celles et ceux qui font vivre l\u2019institution.<\/p>\n<p>Mon cap est clair : maintenir un accompagnement professionnel et accessible, d\u00e9velopper des r\u00e9ponses individuelles et collectives, renforcer la capacit\u00e9 du CSP \u00e0 d\u00e9fendre les droits et pr\u00e9server son ind\u00e9pendance de parole. Dans un contexte o\u00f9 les parcours se complexifient, le CSP doit continuer \u00e0 soutenir les personnes, mais aussi \u00e0 rendre visibles les r\u00e9alit\u00e9s qu\u2019elles vivent.<\/p>\n<p>Je rejoins une institution forte de plus de septante ans d\u2019histoire. Mon ambition est qu\u2019elle reste capable d\u2019\u00e9voluer sans perdre ce qui fait sa singularit\u00e9 : la proximit\u00e9 avec les personnes, la connaissance des r\u00e9alit\u00e9s sociales et la volont\u00e9 de transformer cette exp\u00e9rience en action collective et plaidoyer.<\/p>\n<p>&nbsp;<\/p>\n<p>Photo\u00a0: \u00a9 Eric Roset<\/p>\n","protected":false},"excerpt":{"rendered":"<p>Arriv\u00e9 au CSP Gen\u00e8ve d\u00e9but ao\u00fbt pour une p\u00e9riode de transition avec Alain Bolle, Mathieu Crettenand en prendra officiellement la direction en octobre. Engag\u00e9 depuis plus de vingt ans dans les domaines des droits humains, de l\u2019insertion et de l\u2019asile, il revient sur le fil rouge de son parcours. Ses premiers pas au CSP sont [&hellip;]<\/p>\n","protected":false},"author":12,"featured_media":33504,"comment_status":"closed","ping_status":"closed","sticky":false,"template":"","format":"standard","meta":{"_acf_changed":false,"footnotes":""},"categories":[69],"tags":[],"class_list":["post-33493","post","type-post","status-publish","format-standard","has-post-thumbnail","hentry","category-institution"],"acf":[],"yoast_head":"<!-- This site is optimized with the Yoast SEO plugin v27.7 - https:\/\/yoast.com\/product\/yoast-seo-wordpress\/ -->\n<title>\u00ab Faire entendre la r\u00e9alit\u00e9 du terrain \u00bb - CSP Gen\u00e8ve<\/title>\n<meta name=\"description\" content=\"Engag\u00e9 depuis vingt ans dans les droits humains, l\u2019insertion et l\u2019asile, Mathieu Crettenand prend la direction du CSP Gen\u00e8ve en octobre.\" \/>\n<meta name=\"robots\" content=\"index, follow, max-snippet:-1, max-image-preview:large, max-video-preview:-1\" \/>\n<link rel=\"canonical\" href=\"https:\/\/csp.ch\/geneve\/faire-entendre-la-realite-du-terrain\/\" \/>\n<meta property=\"og:locale\" content=\"fr_FR\" \/>\n<meta property=\"og:type\" content=\"article\" \/>\n<meta property=\"og:title\" content=\"\u00ab Faire entendre la r\u00e9alit\u00e9 du terrain \u00bb - CSP Gen\u00e8ve\" \/>\n<meta property=\"og:description\" content=\"Engag\u00e9 depuis vingt ans dans les droits humains, l\u2019insertion et l\u2019asile, Mathieu Crettenand prend la direction du CSP Gen\u00e8ve en octobre.\" \/>\n<meta property=\"og:url\" content=\"https:\/\/csp.ch\/geneve\/faire-entendre-la-realite-du-terrain\/\" \/>\n<meta property=\"og:site_name\" content=\"CSP Gen\u00e8ve\" \/>\n<meta property=\"article:published_time\" content=\"2026-09-03T06:54:08+00:00\" \/>\n<meta property=\"article:modified_time\" content=\"2026-09-03T08:08:48+00:00\" \/>\n<meta property=\"og:image\" content=\"https:\/\/csp.ch\/wp-content\/uploads\/sites\/5\/2026\/09\/MATHIEU-CRETTENAND_recadree-scaled.jpg\" \/>\n\t<meta property=\"og:image:width\" content=\"2560\" \/>\n\t<meta property=\"og:image:height\" content=\"1389\" \/>\n\t<meta property=\"og:image:type\" content=\"image\/jpeg\" \/>\n<meta name=\"author\" content=\"cfluckiger\" \/>\n<meta name=\"twitter:card\" content=\"summary_large_image\" \/>\n<meta name=\"twitter:label1\" content=\"\u00c9crit par\" \/>\n\t<meta name=\"twitter:data1\" content=\"cfluckiger\" \/>\n\t<meta name=\"twitter:label2\" content=\"Dur\u00e9e de lecture estim\u00e9e\" \/>\n\t<meta name=\"twitter:data2\" content=\"5 minutes\" \/>\n<script type=\"application\/ld+json\" class=\"yoast-schema-graph\">{\"@context\":\"https:\\\/\\\/schema.org\",\"@graph\":[{\"@type\":\"Article\",\"@id\":\"https:\\\/\\\/csp.ch\\\/geneve\\\/faire-entendre-la-realite-du-terrain\\\/#article\",\"isPartOf\":{\"@id\":\"https:\\\/\\\/csp.ch\\\/geneve\\\/faire-entendre-la-realite-du-terrain\\\/\"},\"author\":{\"name\":\"cfluckiger\",\"@id\":\"https:\\\/\\\/csp.ch\\\/geneve\\\/#\\\/schema\\\/person\\\/b1068a28034d6bbcbc3ece74beda2d8b\"},\"headline\":\"\u00ab Faire entendre la r\u00e9alit\u00e9 du terrain \u00bb\",\"datePublished\":\"2026-09-03T06:54:08+00:00\",\"dateModified\":\"2026-09-03T08:08:48+00:00\",\"mainEntityOfPage\":{\"@id\":\"https:\\\/\\\/csp.ch\\\/geneve\\\/faire-entendre-la-realite-du-terrain\\\/\"},\"wordCount\":1045,\"image\":{\"@id\":\"https:\\\/\\\/csp.ch\\\/geneve\\\/faire-entendre-la-realite-du-terrain\\\/#primaryimage\"},\"thumbnailUrl\":\"https:\\\/\\\/csp.ch\\\/wp-content\\\/uploads\\\/sites\\\/5\\\/2026\\\/09\\\/MATHIEU-CRETTENAND_recadree-scaled.jpg\",\"articleSection\":[\"Institution\"],\"inLanguage\":\"fr-FR\"},{\"@type\":\"WebPage\",\"@id\":\"https:\\\/\\\/csp.ch\\\/geneve\\\/faire-entendre-la-realite-du-terrain\\\/\",\"url\":\"https:\\\/\\\/csp.ch\\\/geneve\\\/faire-entendre-la-realite-du-terrain\\\/\",\"name\":\"\u00ab Faire entendre la r\u00e9alit\u00e9 du terrain \u00bb - CSP Gen\u00e8ve\",\"isPartOf\":{\"@id\":\"https:\\\/\\\/csp.ch\\\/geneve\\\/#website\"},\"primaryImageOfPage\":{\"@id\":\"https:\\\/\\\/csp.ch\\\/geneve\\\/faire-entendre-la-realite-du-terrain\\\/#primaryimage\"},\"image\":{\"@id\":\"https:\\\/\\\/csp.ch\\\/geneve\\\/faire-entendre-la-realite-du-terrain\\\/#primaryimage\"},\"thumbnailUrl\":\"https:\\\/\\\/csp.ch\\\/wp-content\\\/uploads\\\/sites\\\/5\\\/2026\\\/09\\\/MATHIEU-CRETTENAND_recadree-scaled.jpg\",\"datePublished\":\"2026-09-03T06:54:08+00:00\",\"dateModified\":\"2026-09-03T08:08:48+00:00\",\"author\":{\"@id\":\"https:\\\/\\\/csp.ch\\\/geneve\\\/#\\\/schema\\\/person\\\/b1068a28034d6bbcbc3ece74beda2d8b\"},\"description\":\"Engag\u00e9 depuis vingt ans dans les droits humains, l\u2019insertion et l\u2019asile, Mathieu Crettenand prend la direction du CSP Gen\u00e8ve en octobre.\",\"breadcrumb\":{\"@id\":\"https:\\\/\\\/csp.ch\\\/geneve\\\/faire-entendre-la-realite-du-terrain\\\/#breadcrumb\"},\"inLanguage\":\"fr-FR\",\"potentialAction\":[{\"@type\":\"ReadAction\",\"target\":[\"https:\\\/\\\/csp.ch\\\/geneve\\\/faire-entendre-la-realite-du-terrain\\\/\"]}]},{\"@type\":\"ImageObject\",\"inLanguage\":\"fr-FR\",\"@id\":\"https:\\\/\\\/csp.ch\\\/geneve\\\/faire-entendre-la-realite-du-terrain\\\/#primaryimage\",\"url\":\"https:\\\/\\\/csp.ch\\\/wp-content\\\/uploads\\\/sites\\\/5\\\/2026\\\/09\\\/MATHIEU-CRETTENAND_recadree-scaled.jpg\",\"contentUrl\":\"https:\\\/\\\/csp.ch\\\/wp-content\\\/uploads\\\/sites\\\/5\\\/2026\\\/09\\\/MATHIEU-CRETTENAND_recadree-scaled.jpg\",\"width\":2560,\"height\":1389},{\"@type\":\"BreadcrumbList\",\"@id\":\"https:\\\/\\\/csp.ch\\\/geneve\\\/faire-entendre-la-realite-du-terrain\\\/#breadcrumb\",\"itemListElement\":[{\"@type\":\"ListItem\",\"position\":1,\"name\":\"Accueil\",\"item\":\"https:\\\/\\\/csp.ch\\\/geneve\\\/\"},{\"@type\":\"ListItem\",\"position\":2,\"name\":\"\u00ab Faire entendre la r\u00e9alit\u00e9 du terrain \u00bb\"}]},{\"@type\":\"WebSite\",\"@id\":\"https:\\\/\\\/csp.ch\\\/geneve\\\/#website\",\"url\":\"https:\\\/\\\/csp.ch\\\/geneve\\\/\",\"name\":\"CSP Gen\u00e8ve\",\"description\":\"\",\"potentialAction\":[{\"@type\":\"SearchAction\",\"target\":{\"@type\":\"EntryPoint\",\"urlTemplate\":\"https:\\\/\\\/csp.ch\\\/geneve\\\/?s={search_term_string}\"},\"query-input\":{\"@type\":\"PropertyValueSpecification\",\"valueRequired\":true,\"valueName\":\"search_term_string\"}}],\"inLanguage\":\"fr-FR\"},{\"@type\":\"Person\",\"@id\":\"https:\\\/\\\/csp.ch\\\/geneve\\\/#\\\/schema\\\/person\\\/b1068a28034d6bbcbc3ece74beda2d8b\",\"name\":\"cfluckiger\",\"image\":{\"@type\":\"ImageObject\",\"inLanguage\":\"fr-FR\",\"@id\":\"https:\\\/\\\/secure.gravatar.com\\\/avatar\\\/4a15eb964f996a19908f93512f9db569a54b04a75162bb7afa710250c1da52f7?s=96&d=mm&r=g\",\"url\":\"https:\\\/\\\/secure.gravatar.com\\\/avatar\\\/4a15eb964f996a19908f93512f9db569a54b04a75162bb7afa710250c1da52f7?s=96&d=mm&r=g\",\"contentUrl\":\"https:\\\/\\\/secure.gravatar.com\\\/avatar\\\/4a15eb964f996a19908f93512f9db569a54b04a75162bb7afa710250c1da52f7?s=96&d=mm&r=g\",\"caption\":\"cfluckiger\"},\"url\":\"https:\\\/\\\/csp.ch\\\/geneve\\\/author\\\/cfluckiger\\\/\"}]}<\/script>\n<!-- \/ Yoast SEO plugin. -->","yoast_head_json":{"title":"\u00ab Faire entendre la r\u00e9alit\u00e9 du terrain \u00bb - CSP Gen\u00e8ve","description":"Engag\u00e9 depuis vingt ans dans les droits humains, l\u2019insertion et l\u2019asile, Mathieu Crettenand prend la direction du CSP Gen\u00e8ve en octobre.","robots":{"index":"index","follow":"follow","max-snippet":"max-snippet:-1","max-image-preview":"max-image-preview:large","max-video-preview":"max-video-preview:-1"},"canonical":"https:\/\/csp.ch\/geneve\/faire-entendre-la-realite-du-terrain\/","og_locale":"fr_FR","og_type":"article","og_title":"\u00ab Faire entendre la r\u00e9alit\u00e9 du terrain \u00bb - CSP Gen\u00e8ve","og_description":"Engag\u00e9 depuis vingt ans dans les droits humains, l\u2019insertion et l\u2019asile, Mathieu Crettenand prend la direction du CSP Gen\u00e8ve en octobre.","og_url":"https:\/\/csp.ch\/geneve\/faire-entendre-la-realite-du-terrain\/","og_site_name":"CSP Gen\u00e8ve","article_published_time":"2026-09-03T06:54:08+00:00","article_modified_time":"2026-09-03T08:08:48+00:00","og_image":[{"width":2560,"height":1389,"url":"https:\/\/csp.ch\/wp-content\/uploads\/sites\/5\/2026\/09\/MATHIEU-CRETTENAND_recadree-scaled.jpg","type":"image\/jpeg"}],"author":"cfluckiger","twitter_card":"summary_large_image","twitter_misc":{"\u00c9crit par":"cfluckiger","Dur\u00e9e de lecture estim\u00e9e":"5 minutes"},"schema":{"@context":"https:\/\/schema.org","@graph":[{"@type":"Article","@id":"https:\/\/csp.ch\/geneve\/faire-entendre-la-realite-du-terrain\/#article","isPartOf":{"@id":"https:\/\/csp.ch\/geneve\/faire-entendre-la-realite-du-terrain\/"},"author":{"name":"cfluckiger","@id":"https:\/\/csp.ch\/geneve\/#\/schema\/person\/b1068a28034d6bbcbc3ece74beda2d8b"},"headline":"\u00ab Faire entendre la r\u00e9alit\u00e9 du terrain \u00bb","datePublished":"2026-09-03T06:54:08+00:00","dateModified":"2026-09-03T08:08:48+00:00","mainEntityOfPage":{"@id":"https:\/\/csp.ch\/geneve\/faire-entendre-la-realite-du-terrain\/"},"wordCount":1045,"image":{"@id":"https:\/\/csp.ch\/geneve\/faire-entendre-la-realite-du-terrain\/#primaryimage"},"thumbnailUrl":"https:\/\/csp.ch\/wp-content\/uploads\/sites\/5\/2026\/09\/MATHIEU-CRETTENAND_recadree-scaled.jpg","articleSection":["Institution"],"inLanguage":"fr-FR"},{"@type":"WebPage","@id":"https:\/\/csp.ch\/geneve\/faire-entendre-la-realite-du-terrain\/","url":"https:\/\/csp.ch\/geneve\/faire-entendre-la-realite-du-terrain\/","name":"\u00ab Faire entendre la r\u00e9alit\u00e9 du terrain \u00bb - CSP Gen\u00e8ve","isPartOf":{"@id":"https:\/\/csp.ch\/geneve\/#website"},"primaryImageOfPage":{"@id":"https:\/\/csp.ch\/geneve\/faire-entendre-la-realite-du-terrain\/#primaryimage"},"image":{"@id":"https:\/\/csp.ch\/geneve\/faire-entendre-la-realite-du-terrain\/#primaryimage"},"thumbnailUrl":"https:\/\/csp.ch\/wp-content\/uploads\/sites\/5\/2026\/09\/MATHIEU-CRETTENAND_recadree-scaled.jpg","datePublished":"2026-09-03T06:54:08+00:00","dateModified":"2026-09-03T08:08:48+00:00","author":{"@id":"https:\/\/csp.ch\/geneve\/#\/schema\/person\/b1068a28034d6bbcbc3ece74beda2d8b"},"description":"Engag\u00e9 depuis vingt ans dans les droits humains, l\u2019insertion et l\u2019asile, Mathieu Crettenand prend la direction du CSP Gen\u00e8ve en octobre.","breadcrumb":{"@id":"https:\/\/csp.ch\/geneve\/faire-entendre-la-realite-du-terrain\/#breadcrumb"},"inLanguage":"fr-FR","potentialAction":[{"@type":"ReadAction","target":["https:\/\/csp.ch\/geneve\/faire-entendre-la-realite-du-terrain\/"]}]},{"@type":"ImageObject","inLanguage":"fr-FR","@id":"https:\/\/csp.ch\/geneve\/faire-entendre-la-realite-du-terrain\/#primaryimage","url":"https:\/\/csp.ch\/wp-content\/uploads\/sites\/5\/2026\/09\/MATHIEU-CRETTENAND_recadree-scaled.jpg","contentUrl":"https:\/\/csp.ch\/wp-content\/uploads\/sites\/5\/2026\/09\/MATHIEU-CRETTENAND_recadree-scaled.jpg","width":2560,"height":1389},{"@type":"BreadcrumbList","@id":"https:\/\/csp.ch\/geneve\/faire-entendre-la-realite-du-terrain\/#breadcrumb","itemListElement":[{"@type":"ListItem","position":1,"name":"Accueil","item":"https:\/\/csp.ch\/geneve\/"},{"@type":"ListItem","position":2,"name":"\u00ab Faire entendre la r\u00e9alit\u00e9 du terrain \u00bb"}]},{"@type":"WebSite","@id":"https:\/\/csp.ch\/geneve\/#website","url":"https:\/\/csp.ch\/geneve\/","name":"CSP Gen\u00e8ve","description":"","potentialAction":[{"@type":"SearchAction","target":{"@type":"EntryPoint","urlTemplate":"https:\/\/csp.ch\/geneve\/?s={search_term_string}"},"query-input":{"@type":"PropertyValueSpecification","valueRequired":true,"valueName":"search_term_string"}}],"inLanguage":"fr-FR"},{"@type":"Person","@id":"https:\/\/csp.ch\/geneve\/#\/schema\/person\/b1068a28034d6bbcbc3ece74beda2d8b","name":"cfluckiger","image":{"@type":"ImageObject","inLanguage":"fr-FR","@id":"https:\/\/secure.gravatar.com\/avatar\/4a15eb964f996a19908f93512f9db569a54b04a75162bb7afa710250c1da52f7?s=96&d=mm&r=g","url":"https:\/\/secure.gravatar.com\/avatar\/4a15eb964f996a19908f93512f9db569a54b04a75162bb7afa710250c1da52f7?s=96&d=mm&r=g","contentUrl":"https:\/\/secure.gravatar.com\/avatar\/4a15eb964f996a19908f93512f9db569a54b04a75162bb7afa710250c1da52f7?s=96&d=mm&r=g","caption":"cfluckiger"},"url":"https:\/\/csp.ch\/geneve\/author\/cfluckiger\/"}]}},"_links":{"self":[{"href":"https:\/\/csp.ch\/geneve\/wp-json\/wp\/v2\/posts\/33493","targetHints":{"allow":["GET"]}}],"collection":[{"href":"https:\/\/csp.ch\/geneve\/wp-json\/wp\/v2\/posts"}],"about":[{"href":"https:\/\/csp.ch\/geneve\/wp-json\/wp\/v2\/types\/post"}],"author":[{"embeddable":true,"href":"https:\/\/csp.ch\/geneve\/wp-json\/wp\/v2\/users\/12"}],"replies":[{"embeddable":true,"href":"https:\/\/csp.ch\/geneve\/wp-json\/wp\/v2\/comments?post=33493"}],"version-history":[{"count":3,"href":"https:\/\/csp.ch\/geneve\/wp-json\/wp\/v2\/posts\/33493\/revisions"}],"predecessor-version":[{"id":33503,"href":"https:\/\/csp.ch\/geneve\/wp-json\/wp\/v2\/posts\/33493\/revisions\/33503"}],"wp:featuredmedia":[{"embeddable":true,"href":"https:\/\/csp.ch\/geneve\/wp-json\/wp\/v2\/media\/33504"}],"wp:attachment":[{"href":"https:\/\/csp.ch\/geneve\/wp-json\/wp\/v2\/media?parent=33493"}],"wp:term":[{"taxonomy":"category","embeddable":true,"href":"https:\/\/csp.ch\/geneve\/wp-json\/wp\/v2\/categories?post=33493"},{"taxonomy":"post_tag","embeddable":true,"href":"https:\/\/csp.ch\/geneve\/wp-json\/wp\/v2\/tags?post=33493"}],"curies":[{"name":"wp","href":"https:\/\/api.w.org\/{rel}","templated":true}]}}