{"id":33454,"date":"2026-08-31T15:14:42","date_gmt":"2026-08-31T13:14:42","guid":{"rendered":"https:\/\/csp.ch\/geneve\/?p=33454"},"modified":"2026-08-31T15:19:34","modified_gmt":"2026-08-31T13:19:34","slug":"33454-2","status":"publish","type":"post","link":"https:\/\/csp.ch\/geneve\/33454-2\/","title":{"rendered":"Offre d&#8217;emploi : Secr\u00e9taire juridique \u00e0 80%"},"content":{"rendered":"<div class=\"wpb-content-wrapper\"><p>[vc_row][vc_column][vc_column_text css=\u00a0\u00bb\u00a0\u00bb]Dans le cadre du d\u00e9part \u00e0 la retraite de la personne titulaire, le CSP Gen\u00e8ve propose un poste de:<\/p>\n<ul>\n<li><a href=\"https:\/\/csp.ch\/wp-content\/uploads\/sites\/5\/2026\/08\/Annonce_emploi_secretaire-juridique_web.pdf\"><strong>Secr\u00e9taire juridique \u00e0 80%<\/strong><\/a><\/li>\n<\/ul>\n<p><strong>D\u00e9lai de candidature<\/strong>: 15 septembre 2026<br \/>\n<strong>Entr\u00e9e en fonction<\/strong>: novembre 2026<\/p>\n<p>L\u2019environnement actuel est marqu\u00e9 par un acc\u00e8s plus restreint \u00e0 l\u2019assistance juridique et par une judiciarisation croissante des situations sociales. Rejoignez notre service juridique pour garantir \u00e0 chacun.e l&rsquo;acc\u00e8s au droit.[\/vc_column_text][\/vc_column][\/vc_row]<\/p>\n<\/div>","protected":false},"excerpt":{"rendered":"<p>[vc_row][vc_column][vc_column_text css=\u00a0\u00bb\u00a0\u00bb]Dans le cadre du d\u00e9part \u00e0 la retraite de la personne titulaire, le CSP Gen\u00e8ve propose un poste de: Secr\u00e9taire juridique \u00e0 80% D\u00e9lai de candidature: 15 septembre 2026 Entr\u00e9e en fonction: novembre 2026 L\u2019environnement actuel est marqu\u00e9 par un acc\u00e8s plus restreint \u00e0 l\u2019assistance juridique et par une judiciarisation croissante des situations sociales. [&hellip;]<\/p>\n","protected":false},"author":997,"featured_media":23898,"comment_status":"closed","ping_status":"closed","sticky":false,"template":"","format":"standard","meta":{"_acf_changed":false,"footnotes":""},"categories":[1],"tags":[],"class_list":["post-33454","post","type-post","status-publish","format-standard","has-post-thumbnail","hentry","category-non-classe"],"acf":[],"yoast_head":"<!-- This site is optimized with the Yoast SEO plugin v27.7 - https:\/\/yoast.com\/product\/yoast-seo-wordpress\/ -->\n<title>Offre d&#039;emploi : Secr\u00e9taire juridique \u00e0 80% - CSP Gen\u00e8ve<\/title>\n<meta name=\"robots\" content=\"index, follow, max-snippet:-1, max-image-preview:large, max-video-preview:-1\" \/>\n<link rel=\"canonical\" href=\"https:\/\/csp.ch\/geneve\/33454-2\/\" \/>\n<meta property=\"og:locale\" content=\"fr_FR\" \/>\n<meta property=\"og:type\" content=\"article\" \/>\n<meta property=\"og:title\" content=\"Offre d&#039;emploi : Secr\u00e9taire juridique \u00e0 80% - CSP Gen\u00e8ve\" \/>\n<meta property=\"og:description\" content=\"[vc_row][vc_column][vc_column_text css=\u00a0\u00bb\u00a0\u00bb]Dans le cadre du d\u00e9part \u00e0 la retraite de la personne titulaire, le CSP Gen\u00e8ve propose un poste de: Secr\u00e9taire juridique \u00e0 80% D\u00e9lai de candidature: 15 septembre 2026 Entr\u00e9e en fonction: novembre 2026 L\u2019environnement actuel est marqu\u00e9 par un acc\u00e8s plus restreint \u00e0 l\u2019assistance juridique et par une judiciarisation croissante des situations sociales. [&hellip;]\" \/>\n<meta property=\"og:url\" content=\"https:\/\/csp.ch\/geneve\/33454-2\/\" \/>\n<meta property=\"og:site_name\" content=\"CSP Gen\u00e8ve\" \/>\n<meta property=\"article:published_time\" content=\"2026-08-31T13:14:42+00:00\" \/>\n<meta property=\"article:modified_time\" content=\"2026-08-31T13:19:34+00:00\" \/>\n<meta property=\"og:image\" content=\"https:\/\/csp.ch\/wp-content\/uploads\/sites\/5\/2024\/09\/Responsable-recherche-de-fonds-70-80-740-x-360-px.jpg\" \/>\n\t<meta property=\"og:image:width\" content=\"740\" \/>\n\t<meta property=\"og:image:height\" content=\"360\" \/>\n\t<meta property=\"og:image:type\" content=\"image\/jpeg\" \/>\n<meta name=\"author\" content=\"laureheurtier\" \/>\n<meta name=\"twitter:card\" content=\"summary_large_image\" \/>\n<meta name=\"twitter:creator\" content=\"@buxum\" \/>\n<meta name=\"twitter:label1\" content=\"\u00c9crit par\" \/>\n\t<meta name=\"twitter:data1\" content=\"laureheurtier\" \/>\n\t<meta name=\"twitter:label2\" content=\"Dur\u00e9e de lecture estim\u00e9e\" \/>\n\t<meta name=\"twitter:data2\" content=\"1 minute\" \/>\n<script type=\"application\/ld+json\" class=\"yoast-schema-graph\">{\"@context\":\"https:\\\/\\\/schema.org\",\"@graph\":[{\"@type\":\"Article\",\"@id\":\"https:\\\/\\\/csp.ch\\\/geneve\\\/33454-2\\\/#article\",\"isPartOf\":{\"@id\":\"https:\\\/\\\/csp.ch\\\/geneve\\\/33454-2\\\/\"},\"author\":{\"name\":\"laureheurtier\",\"@id\":\"https:\\\/\\\/csp.ch\\\/geneve\\\/#\\\/schema\\\/person\\\/4f85aba14e8781d7459545c1d4cb525b\"},\"headline\":\"Offre d&#8217;emploi : Secr\u00e9taire juridique \u00e0 80%\",\"datePublished\":\"2026-08-31T13:14:42+00:00\",\"dateModified\":\"2026-08-31T13:19:34+00:00\",\"mainEntityOfPage\":{\"@id\":\"https:\\\/\\\/csp.ch\\\/geneve\\\/33454-2\\\/\"},\"wordCount\":89,\"image\":{\"@id\":\"https:\\\/\\\/csp.ch\\\/geneve\\\/33454-2\\\/#primaryimage\"},\"thumbnailUrl\":\"https:\\\/\\\/csp.ch\\\/wp-content\\\/uploads\\\/sites\\\/5\\\/2024\\\/09\\\/Responsable-recherche-de-fonds-70-80-740-x-360-px.jpg\",\"articleSection\":[\"Divers\"],\"inLanguage\":\"fr-FR\"},{\"@type\":\"WebPage\",\"@id\":\"https:\\\/\\\/csp.ch\\\/geneve\\\/33454-2\\\/\",\"url\":\"https:\\\/\\\/csp.ch\\\/geneve\\\/33454-2\\\/\",\"name\":\"Offre d'emploi : Secr\u00e9taire juridique \u00e0 80% - CSP Gen\u00e8ve\",\"isPartOf\":{\"@id\":\"https:\\\/\\\/csp.ch\\\/geneve\\\/#website\"},\"primaryImageOfPage\":{\"@id\":\"https:\\\/\\\/csp.ch\\\/geneve\\\/33454-2\\\/#primaryimage\"},\"image\":{\"@id\":\"https:\\\/\\\/csp.ch\\\/geneve\\\/33454-2\\\/#primaryimage\"},\"thumbnailUrl\":\"https:\\\/\\\/csp.ch\\\/wp-content\\\/uploads\\\/sites\\\/5\\\/2024\\\/09\\\/Responsable-recherche-de-fonds-70-80-740-x-360-px.jpg\",\"datePublished\":\"2026-08-31T13:14:42+00:00\",\"dateModified\":\"2026-08-31T13:19:34+00:00\",\"author\":{\"@id\":\"https:\\\/\\\/csp.ch\\\/geneve\\\/#\\\/schema\\\/person\\\/4f85aba14e8781d7459545c1d4cb525b\"},\"breadcrumb\":{\"@id\":\"https:\\\/\\\/csp.ch\\\/geneve\\\/33454-2\\\/#breadcrumb\"},\"inLanguage\":\"fr-FR\",\"potentialAction\":[{\"@type\":\"ReadAction\",\"target\":[\"https:\\\/\\\/csp.ch\\\/geneve\\\/33454-2\\\/\"]}]},{\"@type\":\"ImageObject\",\"inLanguage\":\"fr-FR\",\"@id\":\"https:\\\/\\\/csp.ch\\\/geneve\\\/33454-2\\\/#primaryimage\",\"url\":\"https:\\\/\\\/csp.ch\\\/wp-content\\\/uploads\\\/sites\\\/5\\\/2024\\\/09\\\/Responsable-recherche-de-fonds-70-80-740-x-360-px.jpg\",\"contentUrl\":\"https:\\\/\\\/csp.ch\\\/wp-content\\\/uploads\\\/sites\\\/5\\\/2024\\\/09\\\/Responsable-recherche-de-fonds-70-80-740-x-360-px.jpg\",\"width\":740,\"height\":360},{\"@type\":\"BreadcrumbList\",\"@id\":\"https:\\\/\\\/csp.ch\\\/geneve\\\/33454-2\\\/#breadcrumb\",\"itemListElement\":[{\"@type\":\"ListItem\",\"position\":1,\"name\":\"Accueil\",\"item\":\"https:\\\/\\\/csp.ch\\\/geneve\\\/\"},{\"@type\":\"ListItem\",\"position\":2,\"name\":\"Offre d&#8217;emploi : Secr\u00e9taire juridique \u00e0 80%\"}]},{\"@type\":\"WebSite\",\"@id\":\"https:\\\/\\\/csp.ch\\\/geneve\\\/#website\",\"url\":\"https:\\\/\\\/csp.ch\\\/geneve\\\/\",\"name\":\"CSP Gen\u00e8ve\",\"description\":\"\",\"potentialAction\":[{\"@type\":\"SearchAction\",\"target\":{\"@type\":\"EntryPoint\",\"urlTemplate\":\"https:\\\/\\\/csp.ch\\\/geneve\\\/?s={search_term_string}\"},\"query-input\":{\"@type\":\"PropertyValueSpecification\",\"valueRequired\":true,\"valueName\":\"search_term_string\"}}],\"inLanguage\":\"fr-FR\"},{\"@type\":\"Person\",\"@id\":\"https:\\\/\\\/csp.ch\\\/geneve\\\/#\\\/schema\\\/person\\\/4f85aba14e8781d7459545c1d4cb525b\",\"name\":\"laureheurtier\",\"image\":{\"@type\":\"ImageObject\",\"inLanguage\":\"fr-FR\",\"@id\":\"https:\\\/\\\/secure.gravatar.com\\\/avatar\\\/927255c74add5ae8c1fe00481e4c4955f2d3cd4e21b255a03d13a80ccf0cc851?s=96&d=mm&r=g\",\"url\":\"https:\\\/\\\/secure.gravatar.com\\\/avatar\\\/927255c74add5ae8c1fe00481e4c4955f2d3cd4e21b255a03d13a80ccf0cc851?s=96&d=mm&r=g\",\"contentUrl\":\"https:\\\/\\\/secure.gravatar.com\\\/avatar\\\/927255c74add5ae8c1fe00481e4c4955f2d3cd4e21b255a03d13a80ccf0cc851?s=96&d=mm&r=g\",\"caption\":\"laureheurtier\"},\"sameAs\":[\"https:\\\/\\\/x.com\\\/buxum\"],\"url\":\"https:\\\/\\\/csp.ch\\\/geneve\\\/author\\\/laureheurtier\\\/\"}]}<\/script>\n<!-- \/ Yoast SEO plugin. -->","yoast_head_json":{"title":"Offre d'emploi : Secr\u00e9taire juridique \u00e0 80% - CSP Gen\u00e8ve","robots":{"index":"index","follow":"follow","max-snippet":"max-snippet:-1","max-image-preview":"max-image-preview:large","max-video-preview":"max-video-preview:-1"},"canonical":"https:\/\/csp.ch\/geneve\/33454-2\/","og_locale":"fr_FR","og_type":"article","og_title":"Offre d'emploi : Secr\u00e9taire juridique \u00e0 80% - CSP Gen\u00e8ve","og_description":"[vc_row][vc_column][vc_column_text css=\u00a0\u00bb\u00a0\u00bb]Dans le cadre du d\u00e9part \u00e0 la retraite de la personne titulaire, le CSP Gen\u00e8ve propose un poste de: Secr\u00e9taire juridique \u00e0 80% D\u00e9lai de candidature: 15 septembre 2026 Entr\u00e9e en fonction: novembre 2026 L\u2019environnement actuel est marqu\u00e9 par un acc\u00e8s plus restreint \u00e0 l\u2019assistance juridique et par une judiciarisation croissante des situations sociales. [&hellip;]","og_url":"https:\/\/csp.ch\/geneve\/33454-2\/","og_site_name":"CSP Gen\u00e8ve","article_published_time":"2026-08-31T13:14:42+00:00","article_modified_time":"2026-08-31T13:19:34+00:00","og_image":[{"width":740,"height":360,"url":"https:\/\/csp.ch\/wp-content\/uploads\/sites\/5\/2024\/09\/Responsable-recherche-de-fonds-70-80-740-x-360-px.jpg","type":"image\/jpeg"}],"author":"laureheurtier","twitter_card":"summary_large_image","twitter_creator":"@buxum","twitter_misc":{"\u00c9crit par":"laureheurtier","Dur\u00e9e de lecture estim\u00e9e":"1 minute"},"schema":{"@context":"https:\/\/schema.org","@graph":[{"@type":"Article","@id":"https:\/\/csp.ch\/geneve\/33454-2\/#article","isPartOf":{"@id":"https:\/\/csp.ch\/geneve\/33454-2\/"},"author":{"name":"laureheurtier","@id":"https:\/\/csp.ch\/geneve\/#\/schema\/person\/4f85aba14e8781d7459545c1d4cb525b"},"headline":"Offre d&#8217;emploi : Secr\u00e9taire juridique \u00e0 80%","datePublished":"2026-08-31T13:14:42+00:00","dateModified":"2026-08-31T13:19:34+00:00","mainEntityOfPage":{"@id":"https:\/\/csp.ch\/geneve\/33454-2\/"},"wordCount":89,"image":{"@id":"https:\/\/csp.ch\/geneve\/33454-2\/#primaryimage"},"thumbnailUrl":"https:\/\/csp.ch\/wp-content\/uploads\/sites\/5\/2024\/09\/Responsable-recherche-de-fonds-70-80-740-x-360-px.jpg","articleSection":["Divers"],"inLanguage":"fr-FR"},{"@type":"WebPage","@id":"https:\/\/csp.ch\/geneve\/33454-2\/","url":"https:\/\/csp.ch\/geneve\/33454-2\/","name":"Offre d'emploi : Secr\u00e9taire juridique \u00e0 80% - CSP Gen\u00e8ve","isPartOf":{"@id":"https:\/\/csp.ch\/geneve\/#website"},"primaryImageOfPage":{"@id":"https:\/\/csp.ch\/geneve\/33454-2\/#primaryimage"},"image":{"@id":"https:\/\/csp.ch\/geneve\/33454-2\/#primaryimage"},"thumbnailUrl":"https:\/\/csp.ch\/wp-content\/uploads\/sites\/5\/2024\/09\/Responsable-recherche-de-fonds-70-80-740-x-360-px.jpg","datePublished":"2026-08-31T13:14:42+00:00","dateModified":"2026-08-31T13:19:34+00:00","author":{"@id":"https:\/\/csp.ch\/geneve\/#\/schema\/person\/4f85aba14e8781d7459545c1d4cb525b"},"breadcrumb":{"@id":"https:\/\/csp.ch\/geneve\/33454-2\/#breadcrumb"},"inLanguage":"fr-FR","potentialAction":[{"@type":"ReadAction","target":["https:\/\/csp.ch\/geneve\/33454-2\/"]}]},{"@type":"ImageObject","inLanguage":"fr-FR","@id":"https:\/\/csp.ch\/geneve\/33454-2\/#primaryimage","url":"https:\/\/csp.ch\/wp-content\/uploads\/sites\/5\/2024\/09\/Responsable-recherche-de-fonds-70-80-740-x-360-px.jpg","contentUrl":"https:\/\/csp.ch\/wp-content\/uploads\/sites\/5\/2024\/09\/Responsable-recherche-de-fonds-70-80-740-x-360-px.jpg","width":740,"height":360},{"@type":"BreadcrumbList","@id":"https:\/\/csp.ch\/geneve\/33454-2\/#breadcrumb","itemListElement":[{"@type":"ListItem","position":1,"name":"Accueil","item":"https:\/\/csp.ch\/geneve\/"},{"@type":"ListItem","position":2,"name":"Offre d&#8217;emploi : Secr\u00e9taire juridique \u00e0 80%"}]},{"@type":"WebSite","@id":"https:\/\/csp.ch\/geneve\/#website","url":"https:\/\/csp.ch\/geneve\/","name":"CSP Gen\u00e8ve","description":"","potentialAction":[{"@type":"SearchAction","target":{"@type":"EntryPoint","urlTemplate":"https:\/\/csp.ch\/geneve\/?s={search_term_string}"},"query-input":{"@type":"PropertyValueSpecification","valueRequired":true,"valueName":"search_term_string"}}],"inLanguage":"fr-FR"},{"@type":"Person","@id":"https:\/\/csp.ch\/geneve\/#\/schema\/person\/4f85aba14e8781d7459545c1d4cb525b","name":"laureheurtier","image":{"@type":"ImageObject","inLanguage":"fr-FR","@id":"https:\/\/secure.gravatar.com\/avatar\/927255c74add5ae8c1fe00481e4c4955f2d3cd4e21b255a03d13a80ccf0cc851?s=96&d=mm&r=g","url":"https:\/\/secure.gravatar.com\/avatar\/927255c74add5ae8c1fe00481e4c4955f2d3cd4e21b255a03d13a80ccf0cc851?s=96&d=mm&r=g","contentUrl":"https:\/\/secure.gravatar.com\/avatar\/927255c74add5ae8c1fe00481e4c4955f2d3cd4e21b255a03d13a80ccf0cc851?s=96&d=mm&r=g","caption":"laureheurtier"},"sameAs":["https:\/\/x.com\/buxum"],"url":"https:\/\/csp.ch\/geneve\/author\/laureheurtier\/"}]}},"_links":{"self":[{"href":"https:\/\/csp.ch\/geneve\/wp-json\/wp\/v2\/posts\/33454","targetHints":{"allow":["GET"]}}],"collection":[{"href":"https:\/\/csp.ch\/geneve\/wp-json\/wp\/v2\/posts"}],"about":[{"href":"https:\/\/csp.ch\/geneve\/wp-json\/wp\/v2\/types\/post"}],"author":[{"embeddable":true,"href":"https:\/\/csp.ch\/geneve\/wp-json\/wp\/v2\/users\/997"}],"replies":[{"embeddable":true,"href":"https:\/\/csp.ch\/geneve\/wp-json\/wp\/v2\/comments?post=33454"}],"version-history":[{"count":2,"href":"https:\/\/csp.ch\/geneve\/wp-json\/wp\/v2\/posts\/33454\/revisions"}],"predecessor-version":[{"id":33457,"href":"https:\/\/csp.ch\/geneve\/wp-json\/wp\/v2\/posts\/33454\/revisions\/33457"}],"wp:featuredmedia":[{"embeddable":true,"href":"https:\/\/csp.ch\/geneve\/wp-json\/wp\/v2\/media\/23898"}],"wp:attachment":[{"href":"https:\/\/csp.ch\/geneve\/wp-json\/wp\/v2\/media?parent=33454"}],"wp:term":[{"taxonomy":"category","embeddable":true,"href":"https:\/\/csp.ch\/geneve\/wp-json\/wp\/v2\/categories?post=33454"},{"taxonomy":"post_tag","embeddable":true,"href":"https:\/\/csp.ch\/geneve\/wp-json\/wp\/v2\/tags?post=33454"}],"curies":[{"name":"wp","href":"https:\/\/api.w.org\/{rel}","templated":true}]}}