{"id":33358,"date":"2026-09-02T10:15:51","date_gmt":"2026-09-02T08:15:51","guid":{"rendered":"https:\/\/csp.ch\/geneve\/?p=33358"},"modified":"2026-09-03T13:17:31","modified_gmt":"2026-09-03T11:17:31","slug":"latelier-galiffe-fete-ses-40-ans","status":"publish","type":"post","link":"https:\/\/csp.ch\/geneve\/latelier-galiffe-fete-ses-40-ans\/","title":{"rendered":"L\u2019Atelier Galiffe f\u00eate ses 40 ans !"},"content":{"rendered":"<p>Cette ann\u00e9e, <a href=\"https:\/\/csp.ch\/geneve\/services-aide\/galiffe\/\">l\u2019Atelier Galiffe<\/a> c\u00e9l\u00e8bre quatre d\u00e9cennies de rencontres, de cr\u00e9ativit\u00e9 et de liens tiss\u00e9s. Pour marquer cet anniversaire, le CSP Gen\u00e8ve invite le public \u00e0 une grande f\u00eate le samedi 26 septembre 2026, sur l\u2019Esplanade du Palladium.<\/p>\n<p>Fond\u00e9 il y a 40 ans par le CSP Gen\u00e8ve, l\u2019Atelier Galiffe est un lieu \u00e0 part dans le paysage genevois. Ce centre de jour est ouvert \u00e0 toute personne souhaitant partager un moment convivial, cr\u00e9er ou simplement trouver un peu de compagnie.<\/p>\n<p><strong>Un lieu o\u00f9 chacun\u00b7e peut trouver sa place<\/strong><\/p>\n<p>\u00c0 Galiffe, pas besoin d\u2019engagement r\u00e9gulier : L\u2019atelier est un lieu d\u2019accueil libre. Chacun\u00b7e peut pousser la porte ponctuellement ou venir r\u00e9guli\u00e8rement, selon ses envies et ses besoins.<\/p>\n<p>N&rsquo;h\u00e9sitez pas \u00e0 nous contacter par t\u00e9l\u00e9phone pour fixer une premi\u00e8re rencontre avec l\u2019\u00e9quipe qui pr\u00e9sentera les lieux. Une simple fiche d\u2019inscription est requise.<\/p>\n<p><strong>40 ans, \u00e7a se f\u00eate !<\/strong><\/p>\n<p>Quarante ann\u00e9es d\u2019existence, de cr\u00e9ations, de rencontres et de moments partag\u00e9s m\u00e9ritaient bien une f\u00eate !<\/p>\n<p>Le <strong>samedi 26 septembre 2026<\/strong>, l\u2019Atelier Galiffe donne rendez-vous au public sur l\u2019<strong>Esplanade du Palladium, 1 rue de la Coulouvreni\u00e8re<\/strong>, pour c\u00e9l\u00e9brer cet anniversaire.<\/p>\n<p><strong>D\u00e8s 14h, <\/strong>rejoignez-nous pour un karaorchestre live, des animations et de nombreuses surprises.<\/p>\n<p>Participant\u00b7es, ancien\u00b7nes de Galiffe, partenaires, proches, voisin\u00b7es ou simples curieux et curieuses : venez c\u00e9l\u00e9brer avec nous les 40 ans de ce lieu unique \u00e0 Gen\u00e8ve !<\/p>\n<div id=\"x_ms-outlook-mobile-body-separator-line\" dir=\"auto\" data-applydefaultfontstyles=\"true\">\n<div dir=\"auto\"><\/div>\n<\/div>\n","protected":false},"excerpt":{"rendered":"<p>Cette ann\u00e9e, l\u2019Atelier Galiffe c\u00e9l\u00e8bre quatre d\u00e9cennies de rencontres, de cr\u00e9ativit\u00e9 et de liens tiss\u00e9s. Pour marquer cet anniversaire, le CSP Gen\u00e8ve invite le public \u00e0 une grande f\u00eate le samedi 26 septembre 2026, sur l\u2019Esplanade du Palladium. Fond\u00e9 il y a 40 ans par le CSP Gen\u00e8ve, l\u2019Atelier Galiffe est un lieu \u00e0 part [&hellip;]<\/p>\n","protected":false},"author":997,"featured_media":33361,"comment_status":"closed","ping_status":"closed","sticky":false,"template":"","format":"standard","meta":{"_acf_changed":false,"footnotes":""},"categories":[50],"tags":[],"class_list":["post-33358","post","type-post","status-publish","format-standard","has-post-thumbnail","hentry","category-galiffe"],"acf":[],"yoast_head":"<!-- This site is optimized with the Yoast SEO plugin v27.7 - https:\/\/yoast.com\/product\/yoast-seo-wordpress\/ -->\n<title>L\u2019Atelier Galiffe f\u00eate ses 40 ans ! - CSP Gen\u00e8ve<\/title>\n<meta name=\"robots\" content=\"index, follow, max-snippet:-1, max-image-preview:large, max-video-preview:-1\" \/>\n<link rel=\"canonical\" href=\"https:\/\/csp.ch\/geneve\/latelier-galiffe-fete-ses-40-ans\/\" \/>\n<meta property=\"og:locale\" content=\"fr_FR\" \/>\n<meta property=\"og:type\" content=\"article\" \/>\n<meta property=\"og:title\" content=\"L\u2019Atelier Galiffe f\u00eate ses 40 ans ! - CSP Gen\u00e8ve\" \/>\n<meta property=\"og:description\" content=\"Cette ann\u00e9e, l\u2019Atelier Galiffe c\u00e9l\u00e8bre quatre d\u00e9cennies de rencontres, de cr\u00e9ativit\u00e9 et de liens tiss\u00e9s. Pour marquer cet anniversaire, le CSP Gen\u00e8ve invite le public \u00e0 une grande f\u00eate le samedi 26 septembre 2026, sur l\u2019Esplanade du Palladium. Fond\u00e9 il y a 40 ans par le CSP Gen\u00e8ve, l\u2019Atelier Galiffe est un lieu \u00e0 part [&hellip;]\" \/>\n<meta property=\"og:url\" content=\"https:\/\/csp.ch\/geneve\/latelier-galiffe-fete-ses-40-ans\/\" \/>\n<meta property=\"og:site_name\" content=\"CSP Gen\u00e8ve\" \/>\n<meta property=\"article:published_time\" content=\"2026-09-02T08:15:51+00:00\" \/>\n<meta property=\"article:modified_time\" content=\"2026-09-03T11:17:31+00:00\" \/>\n<meta property=\"og:image\" content=\"https:\/\/csp.ch\/wp-content\/uploads\/sites\/5\/2026\/08\/Bandeau-pour-Formulaire-Forms.png\" \/>\n\t<meta property=\"og:image:width\" content=\"699\" \/>\n\t<meta property=\"og:image:height\" content=\"275\" \/>\n\t<meta property=\"og:image:type\" content=\"image\/png\" \/>\n<meta name=\"author\" content=\"laureheurtier\" \/>\n<meta name=\"twitter:card\" content=\"summary_large_image\" \/>\n<meta name=\"twitter:creator\" content=\"@buxum\" \/>\n<meta name=\"twitter:label1\" content=\"\u00c9crit par\" \/>\n\t<meta name=\"twitter:data1\" content=\"laureheurtier\" \/>\n\t<meta name=\"twitter:label2\" content=\"Dur\u00e9e de lecture estim\u00e9e\" \/>\n\t<meta name=\"twitter:data2\" content=\"2 minutes\" \/>\n<script type=\"application\/ld+json\" class=\"yoast-schema-graph\">{\"@context\":\"https:\\\/\\\/schema.org\",\"@graph\":[{\"@type\":\"Article\",\"@id\":\"https:\\\/\\\/csp.ch\\\/geneve\\\/latelier-galiffe-fete-ses-40-ans\\\/#article\",\"isPartOf\":{\"@id\":\"https:\\\/\\\/csp.ch\\\/geneve\\\/latelier-galiffe-fete-ses-40-ans\\\/\"},\"author\":{\"name\":\"laureheurtier\",\"@id\":\"https:\\\/\\\/csp.ch\\\/geneve\\\/#\\\/schema\\\/person\\\/4f85aba14e8781d7459545c1d4cb525b\"},\"headline\":\"L\u2019Atelier Galiffe f\u00eate ses 40 ans !\",\"datePublished\":\"2026-09-02T08:15:51+00:00\",\"dateModified\":\"2026-09-03T11:17:31+00:00\",\"mainEntityOfPage\":{\"@id\":\"https:\\\/\\\/csp.ch\\\/geneve\\\/latelier-galiffe-fete-ses-40-ans\\\/\"},\"wordCount\":263,\"image\":{\"@id\":\"https:\\\/\\\/csp.ch\\\/geneve\\\/latelier-galiffe-fete-ses-40-ans\\\/#primaryimage\"},\"thumbnailUrl\":\"https:\\\/\\\/csp.ch\\\/wp-content\\\/uploads\\\/sites\\\/5\\\/2026\\\/08\\\/Bandeau-pour-Formulaire-Forms.png\",\"articleSection\":[\"Atelier Galiffe\"],\"inLanguage\":\"fr-FR\"},{\"@type\":\"WebPage\",\"@id\":\"https:\\\/\\\/csp.ch\\\/geneve\\\/latelier-galiffe-fete-ses-40-ans\\\/\",\"url\":\"https:\\\/\\\/csp.ch\\\/geneve\\\/latelier-galiffe-fete-ses-40-ans\\\/\",\"name\":\"L\u2019Atelier Galiffe f\u00eate ses 40 ans ! - CSP Gen\u00e8ve\",\"isPartOf\":{\"@id\":\"https:\\\/\\\/csp.ch\\\/geneve\\\/#website\"},\"primaryImageOfPage\":{\"@id\":\"https:\\\/\\\/csp.ch\\\/geneve\\\/latelier-galiffe-fete-ses-40-ans\\\/#primaryimage\"},\"image\":{\"@id\":\"https:\\\/\\\/csp.ch\\\/geneve\\\/latelier-galiffe-fete-ses-40-ans\\\/#primaryimage\"},\"thumbnailUrl\":\"https:\\\/\\\/csp.ch\\\/wp-content\\\/uploads\\\/sites\\\/5\\\/2026\\\/08\\\/Bandeau-pour-Formulaire-Forms.png\",\"datePublished\":\"2026-09-02T08:15:51+00:00\",\"dateModified\":\"2026-09-03T11:17:31+00:00\",\"author\":{\"@id\":\"https:\\\/\\\/csp.ch\\\/geneve\\\/#\\\/schema\\\/person\\\/4f85aba14e8781d7459545c1d4cb525b\"},\"breadcrumb\":{\"@id\":\"https:\\\/\\\/csp.ch\\\/geneve\\\/latelier-galiffe-fete-ses-40-ans\\\/#breadcrumb\"},\"inLanguage\":\"fr-FR\",\"potentialAction\":[{\"@type\":\"ReadAction\",\"target\":[\"https:\\\/\\\/csp.ch\\\/geneve\\\/latelier-galiffe-fete-ses-40-ans\\\/\"]}]},{\"@type\":\"ImageObject\",\"inLanguage\":\"fr-FR\",\"@id\":\"https:\\\/\\\/csp.ch\\\/geneve\\\/latelier-galiffe-fete-ses-40-ans\\\/#primaryimage\",\"url\":\"https:\\\/\\\/csp.ch\\\/wp-content\\\/uploads\\\/sites\\\/5\\\/2026\\\/08\\\/Bandeau-pour-Formulaire-Forms.png\",\"contentUrl\":\"https:\\\/\\\/csp.ch\\\/wp-content\\\/uploads\\\/sites\\\/5\\\/2026\\\/08\\\/Bandeau-pour-Formulaire-Forms.png\",\"width\":699,\"height\":275},{\"@type\":\"BreadcrumbList\",\"@id\":\"https:\\\/\\\/csp.ch\\\/geneve\\\/latelier-galiffe-fete-ses-40-ans\\\/#breadcrumb\",\"itemListElement\":[{\"@type\":\"ListItem\",\"position\":1,\"name\":\"Accueil\",\"item\":\"https:\\\/\\\/csp.ch\\\/geneve\\\/\"},{\"@type\":\"ListItem\",\"position\":2,\"name\":\"L\u2019Atelier Galiffe f\u00eate ses 40 ans !\"}]},{\"@type\":\"WebSite\",\"@id\":\"https:\\\/\\\/csp.ch\\\/geneve\\\/#website\",\"url\":\"https:\\\/\\\/csp.ch\\\/geneve\\\/\",\"name\":\"CSP Gen\u00e8ve\",\"description\":\"\",\"potentialAction\":[{\"@type\":\"SearchAction\",\"target\":{\"@type\":\"EntryPoint\",\"urlTemplate\":\"https:\\\/\\\/csp.ch\\\/geneve\\\/?s={search_term_string}\"},\"query-input\":{\"@type\":\"PropertyValueSpecification\",\"valueRequired\":true,\"valueName\":\"search_term_string\"}}],\"inLanguage\":\"fr-FR\"},{\"@type\":\"Person\",\"@id\":\"https:\\\/\\\/csp.ch\\\/geneve\\\/#\\\/schema\\\/person\\\/4f85aba14e8781d7459545c1d4cb525b\",\"name\":\"laureheurtier\",\"image\":{\"@type\":\"ImageObject\",\"inLanguage\":\"fr-FR\",\"@id\":\"https:\\\/\\\/secure.gravatar.com\\\/avatar\\\/927255c74add5ae8c1fe00481e4c4955f2d3cd4e21b255a03d13a80ccf0cc851?s=96&d=mm&r=g\",\"url\":\"https:\\\/\\\/secure.gravatar.com\\\/avatar\\\/927255c74add5ae8c1fe00481e4c4955f2d3cd4e21b255a03d13a80ccf0cc851?s=96&d=mm&r=g\",\"contentUrl\":\"https:\\\/\\\/secure.gravatar.com\\\/avatar\\\/927255c74add5ae8c1fe00481e4c4955f2d3cd4e21b255a03d13a80ccf0cc851?s=96&d=mm&r=g\",\"caption\":\"laureheurtier\"},\"sameAs\":[\"https:\\\/\\\/x.com\\\/buxum\"],\"url\":\"https:\\\/\\\/csp.ch\\\/geneve\\\/author\\\/laureheurtier\\\/\"}]}<\/script>\n<!-- \/ Yoast SEO plugin. -->","yoast_head_json":{"title":"L\u2019Atelier Galiffe f\u00eate ses 40 ans ! - CSP Gen\u00e8ve","robots":{"index":"index","follow":"follow","max-snippet":"max-snippet:-1","max-image-preview":"max-image-preview:large","max-video-preview":"max-video-preview:-1"},"canonical":"https:\/\/csp.ch\/geneve\/latelier-galiffe-fete-ses-40-ans\/","og_locale":"fr_FR","og_type":"article","og_title":"L\u2019Atelier Galiffe f\u00eate ses 40 ans ! - CSP Gen\u00e8ve","og_description":"Cette ann\u00e9e, l\u2019Atelier Galiffe c\u00e9l\u00e8bre quatre d\u00e9cennies de rencontres, de cr\u00e9ativit\u00e9 et de liens tiss\u00e9s. Pour marquer cet anniversaire, le CSP Gen\u00e8ve invite le public \u00e0 une grande f\u00eate le samedi 26 septembre 2026, sur l\u2019Esplanade du Palladium. Fond\u00e9 il y a 40 ans par le CSP Gen\u00e8ve, l\u2019Atelier Galiffe est un lieu \u00e0 part [&hellip;]","og_url":"https:\/\/csp.ch\/geneve\/latelier-galiffe-fete-ses-40-ans\/","og_site_name":"CSP Gen\u00e8ve","article_published_time":"2026-09-02T08:15:51+00:00","article_modified_time":"2026-09-03T11:17:31+00:00","og_image":[{"width":699,"height":275,"url":"https:\/\/csp.ch\/wp-content\/uploads\/sites\/5\/2026\/08\/Bandeau-pour-Formulaire-Forms.png","type":"image\/png"}],"author":"laureheurtier","twitter_card":"summary_large_image","twitter_creator":"@buxum","twitter_misc":{"\u00c9crit par":"laureheurtier","Dur\u00e9e de lecture estim\u00e9e":"2 minutes"},"schema":{"@context":"https:\/\/schema.org","@graph":[{"@type":"Article","@id":"https:\/\/csp.ch\/geneve\/latelier-galiffe-fete-ses-40-ans\/#article","isPartOf":{"@id":"https:\/\/csp.ch\/geneve\/latelier-galiffe-fete-ses-40-ans\/"},"author":{"name":"laureheurtier","@id":"https:\/\/csp.ch\/geneve\/#\/schema\/person\/4f85aba14e8781d7459545c1d4cb525b"},"headline":"L\u2019Atelier Galiffe f\u00eate ses 40 ans !","datePublished":"2026-09-02T08:15:51+00:00","dateModified":"2026-09-03T11:17:31+00:00","mainEntityOfPage":{"@id":"https:\/\/csp.ch\/geneve\/latelier-galiffe-fete-ses-40-ans\/"},"wordCount":263,"image":{"@id":"https:\/\/csp.ch\/geneve\/latelier-galiffe-fete-ses-40-ans\/#primaryimage"},"thumbnailUrl":"https:\/\/csp.ch\/wp-content\/uploads\/sites\/5\/2026\/08\/Bandeau-pour-Formulaire-Forms.png","articleSection":["Atelier Galiffe"],"inLanguage":"fr-FR"},{"@type":"WebPage","@id":"https:\/\/csp.ch\/geneve\/latelier-galiffe-fete-ses-40-ans\/","url":"https:\/\/csp.ch\/geneve\/latelier-galiffe-fete-ses-40-ans\/","name":"L\u2019Atelier Galiffe f\u00eate ses 40 ans ! - CSP Gen\u00e8ve","isPartOf":{"@id":"https:\/\/csp.ch\/geneve\/#website"},"primaryImageOfPage":{"@id":"https:\/\/csp.ch\/geneve\/latelier-galiffe-fete-ses-40-ans\/#primaryimage"},"image":{"@id":"https:\/\/csp.ch\/geneve\/latelier-galiffe-fete-ses-40-ans\/#primaryimage"},"thumbnailUrl":"https:\/\/csp.ch\/wp-content\/uploads\/sites\/5\/2026\/08\/Bandeau-pour-Formulaire-Forms.png","datePublished":"2026-09-02T08:15:51+00:00","dateModified":"2026-09-03T11:17:31+00:00","author":{"@id":"https:\/\/csp.ch\/geneve\/#\/schema\/person\/4f85aba14e8781d7459545c1d4cb525b"},"breadcrumb":{"@id":"https:\/\/csp.ch\/geneve\/latelier-galiffe-fete-ses-40-ans\/#breadcrumb"},"inLanguage":"fr-FR","potentialAction":[{"@type":"ReadAction","target":["https:\/\/csp.ch\/geneve\/latelier-galiffe-fete-ses-40-ans\/"]}]},{"@type":"ImageObject","inLanguage":"fr-FR","@id":"https:\/\/csp.ch\/geneve\/latelier-galiffe-fete-ses-40-ans\/#primaryimage","url":"https:\/\/csp.ch\/wp-content\/uploads\/sites\/5\/2026\/08\/Bandeau-pour-Formulaire-Forms.png","contentUrl":"https:\/\/csp.ch\/wp-content\/uploads\/sites\/5\/2026\/08\/Bandeau-pour-Formulaire-Forms.png","width":699,"height":275},{"@type":"BreadcrumbList","@id":"https:\/\/csp.ch\/geneve\/latelier-galiffe-fete-ses-40-ans\/#breadcrumb","itemListElement":[{"@type":"ListItem","position":1,"name":"Accueil","item":"https:\/\/csp.ch\/geneve\/"},{"@type":"ListItem","position":2,"name":"L\u2019Atelier Galiffe f\u00eate ses 40 ans !"}]},{"@type":"WebSite","@id":"https:\/\/csp.ch\/geneve\/#website","url":"https:\/\/csp.ch\/geneve\/","name":"CSP Gen\u00e8ve","description":"","potentialAction":[{"@type":"SearchAction","target":{"@type":"EntryPoint","urlTemplate":"https:\/\/csp.ch\/geneve\/?s={search_term_string}"},"query-input":{"@type":"PropertyValueSpecification","valueRequired":true,"valueName":"search_term_string"}}],"inLanguage":"fr-FR"},{"@type":"Person","@id":"https:\/\/csp.ch\/geneve\/#\/schema\/person\/4f85aba14e8781d7459545c1d4cb525b","name":"laureheurtier","image":{"@type":"ImageObject","inLanguage":"fr-FR","@id":"https:\/\/secure.gravatar.com\/avatar\/927255c74add5ae8c1fe00481e4c4955f2d3cd4e21b255a03d13a80ccf0cc851?s=96&d=mm&r=g","url":"https:\/\/secure.gravatar.com\/avatar\/927255c74add5ae8c1fe00481e4c4955f2d3cd4e21b255a03d13a80ccf0cc851?s=96&d=mm&r=g","contentUrl":"https:\/\/secure.gravatar.com\/avatar\/927255c74add5ae8c1fe00481e4c4955f2d3cd4e21b255a03d13a80ccf0cc851?s=96&d=mm&r=g","caption":"laureheurtier"},"sameAs":["https:\/\/x.com\/buxum"],"url":"https:\/\/csp.ch\/geneve\/author\/laureheurtier\/"}]}},"_links":{"self":[{"href":"https:\/\/csp.ch\/geneve\/wp-json\/wp\/v2\/posts\/33358","targetHints":{"allow":["GET"]}}],"collection":[{"href":"https:\/\/csp.ch\/geneve\/wp-json\/wp\/v2\/posts"}],"about":[{"href":"https:\/\/csp.ch\/geneve\/wp-json\/wp\/v2\/types\/post"}],"author":[{"embeddable":true,"href":"https:\/\/csp.ch\/geneve\/wp-json\/wp\/v2\/users\/997"}],"replies":[{"embeddable":true,"href":"https:\/\/csp.ch\/geneve\/wp-json\/wp\/v2\/comments?post=33358"}],"version-history":[{"count":4,"href":"https:\/\/csp.ch\/geneve\/wp-json\/wp\/v2\/posts\/33358\/revisions"}],"predecessor-version":[{"id":33507,"href":"https:\/\/csp.ch\/geneve\/wp-json\/wp\/v2\/posts\/33358\/revisions\/33507"}],"wp:featuredmedia":[{"embeddable":true,"href":"https:\/\/csp.ch\/geneve\/wp-json\/wp\/v2\/media\/33361"}],"wp:attachment":[{"href":"https:\/\/csp.ch\/geneve\/wp-json\/wp\/v2\/media?parent=33358"}],"wp:term":[{"taxonomy":"category","embeddable":true,"href":"https:\/\/csp.ch\/geneve\/wp-json\/wp\/v2\/categories?post=33358"},{"taxonomy":"post_tag","embeddable":true,"href":"https:\/\/csp.ch\/geneve\/wp-json\/wp\/v2\/tags?post=33358"}],"curies":[{"name":"wp","href":"https:\/\/api.w.org\/{rel}","templated":true}]}}