{"id":31270,"date":"2026-03-24T18:47:47","date_gmt":"2026-03-24T17:47:47","guid":{"rendered":"https:\/\/csp.ch\/geneve\/?p=31270"},"modified":"2026-04-13T11:44:26","modified_gmt":"2026-04-13T09:44:26","slug":"soiree-de-soutien-2026","status":"publish","type":"post","link":"https:\/\/csp.ch\/geneve\/soiree-de-soutien-2026\/","title":{"rendered":"Soir\u00e9e de soutien 2026"},"content":{"rendered":"<div class=\"wpb-content-wrapper\"><p>[vc_row][vc_column][vc_column_text css=\u00a0\u00bb\u00a0\u00bb]<\/p>\n<p data-start=\"163\" data-end=\"266\"><strong data-start=\"163\" data-end=\"195\">Rendez-vous incontournable !<\/strong> Le CSP Gen\u00e8ve a le plaisir de vous convier \u00e0 sa soir\u00e9e de soutien le<\/p>\n<p style=\"text-align: center\" data-start=\"268\" data-end=\"385\"><strong data-start=\"268\" data-end=\"293\">mercredi 17 juin 2026<\/strong><br data-start=\"293\" data-end=\"296\" \/><strong data-start=\"296\" data-end=\"307\">d\u00e8s 18h<\/strong><br data-start=\"307\" data-end=\"310\" \/><a href=\"https:\/\/maps.app.goo.gl\/yn6PqSGj8jqd1kLz6\"><strong data-start=\"310\" data-end=\"345\">\u00e0 la Salle des f\u00eates de Carouge<\/strong><\/a><\/p>\n<p data-start=\"387\" data-end=\"583\">Cet \u00e9v\u00e9nement sera l\u2019occasion de se retrouver dans un cadre convivial pour partager un moment fort autour de l\u2019engagement du CSP et de sa mission en faveur des personnes en situation de pr\u00e9carit\u00e9.<\/p>\n<p data-start=\"585\" data-end=\"1030\">Au c\u0153ur de la soir\u00e9e, le <strong data-start=\"610\" data-end=\"650\">d\u00e9fil\u00e9 de l\u2019Atelier Cr\u00e9ation Textile*<\/strong> mettra \u00e0 l\u2019honneur les cr\u00e9ations de six jeunes adultes. Fruit de dix mois de travail, ce projet de remobilisation accompagne les 18\u201325 ans vers un retour en formation ou en emploi, en valorisant la cr\u00e9ativit\u00e9, la confiance en soi et le lien social . \u00c0 travers ce d\u00e9fil\u00e9, nous c\u00e9l\u00e9brerons leurs parcours, leur engagement et le chemin parcouru.<\/p>\n<p data-start=\"1032\" data-end=\"1268\">Cette \u00e9dition rev\u00eat \u00e9galement une dimension particuli\u00e8re, puisqu\u2019elle sera la derni\u00e8re plac\u00e9e sous la direction d\u2019Alain Bolle, apr\u00e8s 18 ann\u00e9es d\u2019engagement au service de la justice sociale \u00e0 Gen\u00e8ve .<\/p>\n<p data-start=\"1270\" data-end=\"1607\">Comme chaque ann\u00e9e, cette soir\u00e9e vise \u00e0 r\u00e9colter des fonds indispensables \u00e0 la poursuite de nos actions. Que vous choisissiez d\u2019acqu\u00e9rir un billet, de faire un don, ou de combiner les deux, votre soutien permet au CSP de continuer \u00e0 accueillir, accompagner et d\u00e9fendre celles et ceux confront\u00e9\u00b7es \u00e0 la pr\u00e9carit\u00e9 et au risque d\u2019exclusion.<\/p>\n<p>[\/vc_column_text][vc_btn title=\u00a0\u00bbAcheter un\/des billet\u00b7s\u00a0\u00bb color=\u00a0\u00bbwarning\u00a0\u00bb size=\u00a0\u00bblg\u00a0\u00bb align=\u00a0\u00bbcenter\u00a0\u00bb i_align=\u00a0\u00bbright\u00a0\u00bb i_type=\u00a0\u00bblinecons\u00a0\u00bb css=\u00a0\u00bb\u00a0\u00bb button_block=\u00a0\u00bbtrue\u00a0\u00bb add_icon=\u00a0\u00bbtrue\u00a0\u00bb link=\u00a0\u00bburl:https%3A%2F%2Fcsp.ch%2Fgeneve%2Fsoiree-de-soutien%2F|title:Billetterie%20soir%C3%A9e%20de%20soutien\u00a0\u00bb][vc_column_text css=\u00a0\u00bb\u00a0\u00bb]<span style=\"color: #ff9e16\"><strong>PROGRAMME<\/strong><\/span><\/p>\n<ul>\n<li>18h\u2003Accueil avec une verr\u00e9e<\/li>\n<li>18h40\u2003Allocutions officielles<\/li>\n<li>19h\u2003D\u00e9fil\u00e9 de l\u2019Atelier Cr\u00e9ation Textile<\/li>\n<li>20h\u2003Ap\u00e9ritif d\u00eenatoire<br data-start=\"1795\" data-end=\"1798\" \/>\u2026 et des surprises tout au long de la soir\u00e9e !<\/li>\n<\/ul>\n<p>[\/vc_column_text][vc_btn title=\u00a0\u00bbAcheter un\/des billet\u00b7s\u00a0\u00bb color=\u00a0\u00bbwarning\u00a0\u00bb size=\u00a0\u00bblg\u00a0\u00bb align=\u00a0\u00bbcenter\u00a0\u00bb i_align=\u00a0\u00bbright\u00a0\u00bb i_type=\u00a0\u00bblinecons\u00a0\u00bb css=\u00a0\u00bb\u00a0\u00bb button_block=\u00a0\u00bbtrue\u00a0\u00bb add_icon=\u00a0\u00bbtrue\u00a0\u00bb link=\u00a0\u00bburl:https%3A%2F%2Fcsp.ch%2Fgeneve%2Fsoiree-de-soutien%2F|title:Billetterie%20soir%C3%A9e%20de%20soutien\u00a0\u00bb][vc_separator color=\u00a0\u00bborange\u00a0\u00bb css=\u00a0\u00bb\u00a0\u00bb][vc_column_text css=\u00a0\u00bb\u00a0\u00bb]<span style=\"color: #ff9e16\"><strong>Partenaire coup de pouce<\/strong><\/span>[\/vc_column_text][vc_single_image image=\u00a0\u00bb24478&Prime; img_size=\u00a0\u00bb100*100&Prime; css=\u00a0\u00bb\u00a0\u00bb][vc_separator color=\u00a0\u00bborange\u00a0\u00bb css=\u00a0\u00bb\u00a0\u00bb][vc_column_text css=\u00a0\u00bb\u00a0\u00bb]<em>*L&rsquo;Atelier Cr\u00e9ation Textile fait partie du programme de remobilisation Objectif jeunes, mis en place par le d\u00e9partement de la coh\u00e9sion sociale (DCS) du canton de Gen\u00e8ve, et peut donner acc\u00e8s au dispositif JAFA.\u00a0<\/em>[\/vc_column_text][\/vc_column][\/vc_row][vc_row][vc_column][\/vc_column][\/vc_row]<\/p>\n<\/div>","protected":false},"excerpt":{"rendered":"<p>[vc_row][vc_column][vc_column_text css=\u00a0\u00bb\u00a0\u00bb] Rendez-vous incontournable ! Le CSP Gen\u00e8ve a le plaisir de vous convier \u00e0 sa soir\u00e9e de soutien le mercredi 17 juin 2026d\u00e8s 18h\u00e0 la Salle des f\u00eates de Carouge Cet \u00e9v\u00e9nement sera l\u2019occasion de se retrouver dans un cadre convivial pour partager un moment fort autour de l\u2019engagement du CSP et de sa [&hellip;]<\/p>\n","protected":false},"author":32,"featured_media":31274,"comment_status":"closed","ping_status":"closed","sticky":false,"template":"","format":"standard","meta":{"_acf_changed":false,"footnotes":""},"categories":[1,22,60],"tags":[],"class_list":["post-31270","post","type-post","status-publish","format-standard","has-post-thumbnail","hentry","category-non-classe","category-evenements","category-soutenir-le-csp"],"acf":[],"yoast_head":"<!-- This site is optimized with the Yoast SEO plugin v27.1.1 - https:\/\/yoast.com\/product\/yoast-seo-wordpress\/ -->\n<title>Soir\u00e9e de soutien 2026 - CSP Gen\u00e8ve<\/title>\n<meta name=\"description\" content=\"Participez \u00e0 la soir\u00e9e de soutien du CSP Gen\u00e8ve le 17 juin 2026 : un d\u00e9fil\u00e9 unique, des rencontres et un engagement concret pour la solidarit\u00e9 \u00e0 Gen\u00e8ve.\" \/>\n<meta name=\"robots\" content=\"index, follow, max-snippet:-1, max-image-preview:large, max-video-preview:-1\" \/>\n<link rel=\"canonical\" href=\"https:\/\/csp.ch\/geneve\/soiree-de-soutien-2026\/\" \/>\n<meta property=\"og:locale\" content=\"fr_FR\" \/>\n<meta property=\"og:type\" content=\"article\" \/>\n<meta property=\"og:title\" content=\"Soir\u00e9e de soutien 2026 - CSP Gen\u00e8ve\" \/>\n<meta property=\"og:description\" content=\"Participez \u00e0 la soir\u00e9e de soutien du CSP Gen\u00e8ve le 17 juin 2026 : un d\u00e9fil\u00e9 unique, des rencontres et un engagement concret pour la solidarit\u00e9 \u00e0 Gen\u00e8ve.\" \/>\n<meta property=\"og:url\" content=\"https:\/\/csp.ch\/geneve\/soiree-de-soutien-2026\/\" \/>\n<meta property=\"og:site_name\" content=\"CSP Gen\u00e8ve\" \/>\n<meta property=\"article:published_time\" content=\"2026-03-24T17:47:47+00:00\" \/>\n<meta property=\"article:modified_time\" content=\"2026-04-13T09:44:26+00:00\" \/>\n<meta property=\"og:image\" content=\"https:\/\/csp.ch\/wp-content\/uploads\/sites\/5\/2026\/03\/Soiree-Soutien-CSP-bandeau-siteweb2026.jpg\" \/>\n\t<meta property=\"og:image:width\" content=\"740\" \/>\n\t<meta property=\"og:image:height\" content=\"360\" \/>\n\t<meta property=\"og:image:type\" content=\"image\/jpeg\" \/>\n<meta name=\"author\" content=\"kschach\" \/>\n<meta name=\"twitter:card\" content=\"summary_large_image\" \/>\n<meta name=\"twitter:label1\" content=\"\u00c9crit par\" \/>\n\t<meta name=\"twitter:data1\" content=\"kschach\" \/>\n\t<meta name=\"twitter:label2\" content=\"Dur\u00e9e de lecture estim\u00e9e\" \/>\n\t<meta name=\"twitter:data2\" content=\"3 minutes\" \/>\n<script type=\"application\/ld+json\" class=\"yoast-schema-graph\">{\"@context\":\"https:\/\/schema.org\",\"@graph\":[{\"@type\":\"Article\",\"@id\":\"https:\/\/csp.ch\/geneve\/soiree-de-soutien-2026\/#article\",\"isPartOf\":{\"@id\":\"https:\/\/csp.ch\/geneve\/soiree-de-soutien-2026\/\"},\"author\":{\"name\":\"kschach\",\"@id\":\"https:\/\/csp.ch\/geneve\/#\/schema\/person\/9d3863f340958049df7c835076b616a0\"},\"headline\":\"Soir\u00e9e de soutien 2026\",\"datePublished\":\"2026-03-24T17:47:47+00:00\",\"dateModified\":\"2026-04-13T09:44:26+00:00\",\"mainEntityOfPage\":{\"@id\":\"https:\/\/csp.ch\/geneve\/soiree-de-soutien-2026\/\"},\"wordCount\":472,\"image\":{\"@id\":\"https:\/\/csp.ch\/geneve\/soiree-de-soutien-2026\/#primaryimage\"},\"thumbnailUrl\":\"https:\/\/csp.ch\/wp-content\/uploads\/sites\/5\/2026\/03\/Soiree-Soutien-CSP-bandeau-siteweb2026.jpg\",\"articleSection\":[\"Divers\",\"\u00c9v\u00e9nements\",\"Soutenir le CSP\"],\"inLanguage\":\"fr-FR\"},{\"@type\":\"WebPage\",\"@id\":\"https:\/\/csp.ch\/geneve\/soiree-de-soutien-2026\/\",\"url\":\"https:\/\/csp.ch\/geneve\/soiree-de-soutien-2026\/\",\"name\":\"Soir\u00e9e de soutien 2026 - CSP Gen\u00e8ve\",\"isPartOf\":{\"@id\":\"https:\/\/csp.ch\/geneve\/#website\"},\"primaryImageOfPage\":{\"@id\":\"https:\/\/csp.ch\/geneve\/soiree-de-soutien-2026\/#primaryimage\"},\"image\":{\"@id\":\"https:\/\/csp.ch\/geneve\/soiree-de-soutien-2026\/#primaryimage\"},\"thumbnailUrl\":\"https:\/\/csp.ch\/wp-content\/uploads\/sites\/5\/2026\/03\/Soiree-Soutien-CSP-bandeau-siteweb2026.jpg\",\"datePublished\":\"2026-03-24T17:47:47+00:00\",\"dateModified\":\"2026-04-13T09:44:26+00:00\",\"author\":{\"@id\":\"https:\/\/csp.ch\/geneve\/#\/schema\/person\/9d3863f340958049df7c835076b616a0\"},\"description\":\"Participez \u00e0 la soir\u00e9e de soutien du CSP Gen\u00e8ve le 17 juin 2026 : un d\u00e9fil\u00e9 unique, des rencontres et un engagement concret pour la solidarit\u00e9 \u00e0 Gen\u00e8ve.\",\"breadcrumb\":{\"@id\":\"https:\/\/csp.ch\/geneve\/soiree-de-soutien-2026\/#breadcrumb\"},\"inLanguage\":\"fr-FR\",\"potentialAction\":[{\"@type\":\"ReadAction\",\"target\":[\"https:\/\/csp.ch\/geneve\/soiree-de-soutien-2026\/\"]}]},{\"@type\":\"ImageObject\",\"inLanguage\":\"fr-FR\",\"@id\":\"https:\/\/csp.ch\/geneve\/soiree-de-soutien-2026\/#primaryimage\",\"url\":\"https:\/\/csp.ch\/wp-content\/uploads\/sites\/5\/2026\/03\/Soiree-Soutien-CSP-bandeau-siteweb2026.jpg\",\"contentUrl\":\"https:\/\/csp.ch\/wp-content\/uploads\/sites\/5\/2026\/03\/Soiree-Soutien-CSP-bandeau-siteweb2026.jpg\",\"width\":740,\"height\":360},{\"@type\":\"BreadcrumbList\",\"@id\":\"https:\/\/csp.ch\/geneve\/soiree-de-soutien-2026\/#breadcrumb\",\"itemListElement\":[{\"@type\":\"ListItem\",\"position\":1,\"name\":\"Accueil\",\"item\":\"https:\/\/csp.ch\/geneve\/\"},{\"@type\":\"ListItem\",\"position\":2,\"name\":\"Soir\u00e9e de soutien 2026\"}]},{\"@type\":\"WebSite\",\"@id\":\"https:\/\/csp.ch\/geneve\/#website\",\"url\":\"https:\/\/csp.ch\/geneve\/\",\"name\":\"CSP Gen\u00e8ve\",\"description\":\"\",\"potentialAction\":[{\"@type\":\"SearchAction\",\"target\":{\"@type\":\"EntryPoint\",\"urlTemplate\":\"https:\/\/csp.ch\/geneve\/?s={search_term_string}\"},\"query-input\":{\"@type\":\"PropertyValueSpecification\",\"valueRequired\":true,\"valueName\":\"search_term_string\"}}],\"inLanguage\":\"fr-FR\"},{\"@type\":\"Person\",\"@id\":\"https:\/\/csp.ch\/geneve\/#\/schema\/person\/9d3863f340958049df7c835076b616a0\",\"name\":\"kschach\",\"image\":{\"@type\":\"ImageObject\",\"inLanguage\":\"fr-FR\",\"@id\":\"https:\/\/csp.ch\/geneve\/#\/schema\/person\/image\/\",\"url\":\"https:\/\/secure.gravatar.com\/avatar\/b9e8bd33105bf5642e115513de9c558ebc32a1af8c0b131ed24c6605dfb5a6fb?s=96&d=mm&r=g\",\"contentUrl\":\"https:\/\/secure.gravatar.com\/avatar\/b9e8bd33105bf5642e115513de9c558ebc32a1af8c0b131ed24c6605dfb5a6fb?s=96&d=mm&r=g\",\"caption\":\"kschach\"},\"url\":\"https:\/\/csp.ch\/geneve\/author\/kschach\/\"}]}<\/script>\n<!-- \/ Yoast SEO plugin. -->","yoast_head_json":{"title":"Soir\u00e9e de soutien 2026 - CSP Gen\u00e8ve","description":"Participez \u00e0 la soir\u00e9e de soutien du CSP Gen\u00e8ve le 17 juin 2026 : un d\u00e9fil\u00e9 unique, des rencontres et un engagement concret pour la solidarit\u00e9 \u00e0 Gen\u00e8ve.","robots":{"index":"index","follow":"follow","max-snippet":"max-snippet:-1","max-image-preview":"max-image-preview:large","max-video-preview":"max-video-preview:-1"},"canonical":"https:\/\/csp.ch\/geneve\/soiree-de-soutien-2026\/","og_locale":"fr_FR","og_type":"article","og_title":"Soir\u00e9e de soutien 2026 - CSP Gen\u00e8ve","og_description":"Participez \u00e0 la soir\u00e9e de soutien du CSP Gen\u00e8ve le 17 juin 2026 : un d\u00e9fil\u00e9 unique, des rencontres et un engagement concret pour la solidarit\u00e9 \u00e0 Gen\u00e8ve.","og_url":"https:\/\/csp.ch\/geneve\/soiree-de-soutien-2026\/","og_site_name":"CSP Gen\u00e8ve","article_published_time":"2026-03-24T17:47:47+00:00","article_modified_time":"2026-04-13T09:44:26+00:00","og_image":[{"width":740,"height":360,"url":"https:\/\/csp.ch\/wp-content\/uploads\/sites\/5\/2026\/03\/Soiree-Soutien-CSP-bandeau-siteweb2026.jpg","type":"image\/jpeg"}],"author":"kschach","twitter_card":"summary_large_image","twitter_misc":{"\u00c9crit par":"kschach","Dur\u00e9e de lecture estim\u00e9e":"3 minutes"},"schema":{"@context":"https:\/\/schema.org","@graph":[{"@type":"Article","@id":"https:\/\/csp.ch\/geneve\/soiree-de-soutien-2026\/#article","isPartOf":{"@id":"https:\/\/csp.ch\/geneve\/soiree-de-soutien-2026\/"},"author":{"name":"kschach","@id":"https:\/\/csp.ch\/geneve\/#\/schema\/person\/9d3863f340958049df7c835076b616a0"},"headline":"Soir\u00e9e de soutien 2026","datePublished":"2026-03-24T17:47:47+00:00","dateModified":"2026-04-13T09:44:26+00:00","mainEntityOfPage":{"@id":"https:\/\/csp.ch\/geneve\/soiree-de-soutien-2026\/"},"wordCount":472,"image":{"@id":"https:\/\/csp.ch\/geneve\/soiree-de-soutien-2026\/#primaryimage"},"thumbnailUrl":"https:\/\/csp.ch\/wp-content\/uploads\/sites\/5\/2026\/03\/Soiree-Soutien-CSP-bandeau-siteweb2026.jpg","articleSection":["Divers","\u00c9v\u00e9nements","Soutenir le CSP"],"inLanguage":"fr-FR"},{"@type":"WebPage","@id":"https:\/\/csp.ch\/geneve\/soiree-de-soutien-2026\/","url":"https:\/\/csp.ch\/geneve\/soiree-de-soutien-2026\/","name":"Soir\u00e9e de soutien 2026 - CSP Gen\u00e8ve","isPartOf":{"@id":"https:\/\/csp.ch\/geneve\/#website"},"primaryImageOfPage":{"@id":"https:\/\/csp.ch\/geneve\/soiree-de-soutien-2026\/#primaryimage"},"image":{"@id":"https:\/\/csp.ch\/geneve\/soiree-de-soutien-2026\/#primaryimage"},"thumbnailUrl":"https:\/\/csp.ch\/wp-content\/uploads\/sites\/5\/2026\/03\/Soiree-Soutien-CSP-bandeau-siteweb2026.jpg","datePublished":"2026-03-24T17:47:47+00:00","dateModified":"2026-04-13T09:44:26+00:00","author":{"@id":"https:\/\/csp.ch\/geneve\/#\/schema\/person\/9d3863f340958049df7c835076b616a0"},"description":"Participez \u00e0 la soir\u00e9e de soutien du CSP Gen\u00e8ve le 17 juin 2026 : un d\u00e9fil\u00e9 unique, des rencontres et un engagement concret pour la solidarit\u00e9 \u00e0 Gen\u00e8ve.","breadcrumb":{"@id":"https:\/\/csp.ch\/geneve\/soiree-de-soutien-2026\/#breadcrumb"},"inLanguage":"fr-FR","potentialAction":[{"@type":"ReadAction","target":["https:\/\/csp.ch\/geneve\/soiree-de-soutien-2026\/"]}]},{"@type":"ImageObject","inLanguage":"fr-FR","@id":"https:\/\/csp.ch\/geneve\/soiree-de-soutien-2026\/#primaryimage","url":"https:\/\/csp.ch\/wp-content\/uploads\/sites\/5\/2026\/03\/Soiree-Soutien-CSP-bandeau-siteweb2026.jpg","contentUrl":"https:\/\/csp.ch\/wp-content\/uploads\/sites\/5\/2026\/03\/Soiree-Soutien-CSP-bandeau-siteweb2026.jpg","width":740,"height":360},{"@type":"BreadcrumbList","@id":"https:\/\/csp.ch\/geneve\/soiree-de-soutien-2026\/#breadcrumb","itemListElement":[{"@type":"ListItem","position":1,"name":"Accueil","item":"https:\/\/csp.ch\/geneve\/"},{"@type":"ListItem","position":2,"name":"Soir\u00e9e de soutien 2026"}]},{"@type":"WebSite","@id":"https:\/\/csp.ch\/geneve\/#website","url":"https:\/\/csp.ch\/geneve\/","name":"CSP Gen\u00e8ve","description":"","potentialAction":[{"@type":"SearchAction","target":{"@type":"EntryPoint","urlTemplate":"https:\/\/csp.ch\/geneve\/?s={search_term_string}"},"query-input":{"@type":"PropertyValueSpecification","valueRequired":true,"valueName":"search_term_string"}}],"inLanguage":"fr-FR"},{"@type":"Person","@id":"https:\/\/csp.ch\/geneve\/#\/schema\/person\/9d3863f340958049df7c835076b616a0","name":"kschach","image":{"@type":"ImageObject","inLanguage":"fr-FR","@id":"https:\/\/csp.ch\/geneve\/#\/schema\/person\/image\/","url":"https:\/\/secure.gravatar.com\/avatar\/b9e8bd33105bf5642e115513de9c558ebc32a1af8c0b131ed24c6605dfb5a6fb?s=96&d=mm&r=g","contentUrl":"https:\/\/secure.gravatar.com\/avatar\/b9e8bd33105bf5642e115513de9c558ebc32a1af8c0b131ed24c6605dfb5a6fb?s=96&d=mm&r=g","caption":"kschach"},"url":"https:\/\/csp.ch\/geneve\/author\/kschach\/"}]}},"_links":{"self":[{"href":"https:\/\/csp.ch\/geneve\/wp-json\/wp\/v2\/posts\/31270","targetHints":{"allow":["GET"]}}],"collection":[{"href":"https:\/\/csp.ch\/geneve\/wp-json\/wp\/v2\/posts"}],"about":[{"href":"https:\/\/csp.ch\/geneve\/wp-json\/wp\/v2\/types\/post"}],"author":[{"embeddable":true,"href":"https:\/\/csp.ch\/geneve\/wp-json\/wp\/v2\/users\/32"}],"replies":[{"embeddable":true,"href":"https:\/\/csp.ch\/geneve\/wp-json\/wp\/v2\/comments?post=31270"}],"version-history":[{"count":3,"href":"https:\/\/csp.ch\/geneve\/wp-json\/wp\/v2\/posts\/31270\/revisions"}],"predecessor-version":[{"id":31554,"href":"https:\/\/csp.ch\/geneve\/wp-json\/wp\/v2\/posts\/31270\/revisions\/31554"}],"wp:featuredmedia":[{"embeddable":true,"href":"https:\/\/csp.ch\/geneve\/wp-json\/wp\/v2\/media\/31274"}],"wp:attachment":[{"href":"https:\/\/csp.ch\/geneve\/wp-json\/wp\/v2\/media?parent=31270"}],"wp:term":[{"taxonomy":"category","embeddable":true,"href":"https:\/\/csp.ch\/geneve\/wp-json\/wp\/v2\/categories?post=31270"},{"taxonomy":"post_tag","embeddable":true,"href":"https:\/\/csp.ch\/geneve\/wp-json\/wp\/v2\/tags?post=31270"}],"curies":[{"name":"wp","href":"https:\/\/api.w.org\/{rel}","templated":true}]}}