{"id":29947,"date":"2025-12-04T17:38:51","date_gmt":"2025-12-04T16:38:51","guid":{"rendered":"https:\/\/csp.ch\/geneve\/?p=29947"},"modified":"2025-12-04T17:49:39","modified_gmt":"2025-12-04T16:49:39","slug":"journee-mondiale-du-benevolat-5-decembre","status":"publish","type":"post","link":"https:\/\/csp.ch\/geneve\/journee-mondiale-du-benevolat-5-decembre\/","title":{"rendered":"Journ\u00e9e mondiale du b\u00e9n\u00e9volat &#8211; 5 d\u00e9cembre"},"content":{"rendered":"<div class=\"wpb-content-wrapper\"><p>[vc_row][vc_column][vc_column_text css=\u00a0\u00bb\u00a0\u00bb]Aujourd\u2019hui, \u00e0 l\u2019occasion de la Journ\u00e9e mondiale du b\u00e9n\u00e9volat, nous mettons en avant celles et ceux dont l\u2019engagement contribue \u00e0 b\u00e2tir une soci\u00e9t\u00e9 plus juste et solidaire.<\/p>\n<p>Gr\u00e2ce \u00e0 leur mobilisation, les b\u00e9n\u00e9voles soutiennent nos missions, notamment dans nos magasins de seconde main,\u00a0et accompagnent une diversit\u00e9 de publics : personnes \u00e2g\u00e9es, b\u00e9n\u00e9ficiaires du Vestiaire social, personnes en insertion, etc. Leur pr\u00e9sence et leur d\u00e9vouement cr\u00e9ent un impact concret et pr\u00e9cieux au quotidien.<\/p>\n<p>Cette journ\u00e9e est aussi l\u2019occasion de renforcer la sensibilisation au b\u00e9n\u00e9volat et d\u2019encourager une participation toujours plus large aux actions solidaires.<\/p>\n<p>\u00c0 cette occasion, nous partageons \u00e9galement ci-dessous un montage vid\u00e9o de la Journ\u00e9e des b\u00e9n\u00e9voles 2025, que nous avons organis\u00e9e pour remercier celles et ceux qui donnent de leur temps. Ces images t\u00e9moignent de la richesse des rencontres et de l\u2019\u00e9nergie collective qui font vivre le CSP Gen\u00e8ve.<\/p>\n<p>Un immense merci \u00e0 nos b\u00e9n\u00e9voles, qui donnent du sens \u00e0 nos actions. Nous sommes fiers de pouvoir compter sur votre engagement dans notre mission de lutte contre la pr\u00e9carit\u00e9.[\/vc_column_text][\/vc_column][\/vc_row][vc_row][vc_column][vc_video link=\u00a0\u00bbhttps:\/\/www.youtube.com\/watch?v=aXo3Flm5OH4&Prime; align=\u00a0\u00bbcenter\u00a0\u00bb title=\u00a0\u00bbRetour en images sur la journ\u00e9e des b\u00e9n\u00e9voles\u00a0\u00bb][\/vc_column][\/vc_row][vc_row][vc_column][vc_column_text]\u00a9 photo Rebecca Bowring[\/vc_column_text][\/vc_column][\/vc_row]<\/p>\n<\/div>","protected":false},"excerpt":{"rendered":"<p>[vc_row][vc_column][vc_column_text css=\u00a0\u00bb\u00a0\u00bb]Aujourd\u2019hui, \u00e0 l\u2019occasion de la Journ\u00e9e mondiale du b\u00e9n\u00e9volat, nous mettons en avant celles et ceux dont l\u2019engagement contribue \u00e0 b\u00e2tir une soci\u00e9t\u00e9 plus juste et solidaire. Gr\u00e2ce \u00e0 leur mobilisation, les b\u00e9n\u00e9voles soutiennent nos missions, notamment dans nos magasins de seconde main,\u00a0et accompagnent une diversit\u00e9 de publics : personnes \u00e2g\u00e9es, b\u00e9n\u00e9ficiaires du Vestiaire [&hellip;]<\/p>\n","protected":false},"author":32,"featured_media":29948,"comment_status":"closed","ping_status":"closed","sticky":false,"template":"","format":"standard","meta":{"_acf_changed":false,"footnotes":""},"categories":[60],"tags":[],"class_list":["post-29947","post","type-post","status-publish","format-standard","has-post-thumbnail","hentry","category-soutenir-le-csp"],"acf":[],"yoast_head":"<!-- This site is optimized with the Yoast SEO plugin v27.1.1 - https:\/\/yoast.com\/product\/yoast-seo-wordpress\/ -->\n<title>Journ\u00e9e mondiale du b\u00e9n\u00e9volat - 5 d\u00e9cembre - CSP Gen\u00e8ve<\/title>\n<meta name=\"description\" content=\"\u00c0 l\u2019occasion de la Journ\u00e9e mondiale du b\u00e9n\u00e9volat, le CSP Gen\u00e8ve met \u00e0 l\u2019honneur l\u2019engagement de ses b\u00e9n\u00e9voles et les remercie pour leur pr\u00e9cieux soutien.\" \/>\n<meta name=\"robots\" content=\"index, follow, max-snippet:-1, max-image-preview:large, max-video-preview:-1\" \/>\n<link rel=\"canonical\" href=\"https:\/\/csp.ch\/geneve\/journee-mondiale-du-benevolat-5-decembre\/\" \/>\n<meta property=\"og:locale\" content=\"fr_FR\" \/>\n<meta property=\"og:type\" content=\"article\" \/>\n<meta property=\"og:title\" content=\"Journ\u00e9e mondiale du b\u00e9n\u00e9volat - 5 d\u00e9cembre - CSP Gen\u00e8ve\" \/>\n<meta property=\"og:description\" content=\"\u00c0 l\u2019occasion de la Journ\u00e9e mondiale du b\u00e9n\u00e9volat, le CSP Gen\u00e8ve met \u00e0 l\u2019honneur l\u2019engagement de ses b\u00e9n\u00e9voles et les remercie pour leur pr\u00e9cieux soutien.\" \/>\n<meta property=\"og:url\" content=\"https:\/\/csp.ch\/geneve\/journee-mondiale-du-benevolat-5-decembre\/\" \/>\n<meta property=\"og:site_name\" content=\"CSP Gen\u00e8ve\" \/>\n<meta property=\"article:published_time\" content=\"2025-12-04T16:38:51+00:00\" \/>\n<meta property=\"article:modified_time\" content=\"2025-12-04T16:49:39+00:00\" \/>\n<meta property=\"og:image\" content=\"https:\/\/csp.ch\/wp-content\/uploads\/sites\/5\/2025\/12\/1.png\" \/>\n\t<meta property=\"og:image:width\" content=\"740\" \/>\n\t<meta property=\"og:image:height\" content=\"360\" \/>\n\t<meta property=\"og:image:type\" content=\"image\/png\" \/>\n<meta name=\"author\" content=\"kschach\" \/>\n<meta name=\"twitter:card\" content=\"summary_large_image\" \/>\n<meta name=\"twitter:label1\" content=\"\u00c9crit par\" \/>\n\t<meta name=\"twitter:data1\" content=\"kschach\" \/>\n\t<meta name=\"twitter:label2\" content=\"Dur\u00e9e de lecture estim\u00e9e\" \/>\n\t<meta name=\"twitter:data2\" content=\"2 minutes\" \/>\n<script type=\"application\/ld+json\" class=\"yoast-schema-graph\">{\"@context\":\"https:\/\/schema.org\",\"@graph\":[{\"@type\":\"Article\",\"@id\":\"https:\/\/csp.ch\/geneve\/journee-mondiale-du-benevolat-5-decembre\/#article\",\"isPartOf\":{\"@id\":\"https:\/\/csp.ch\/geneve\/journee-mondiale-du-benevolat-5-decembre\/\"},\"author\":{\"name\":\"kschach\",\"@id\":\"https:\/\/csp.ch\/geneve\/#\/schema\/person\/9d3863f340958049df7c835076b616a0\"},\"headline\":\"Journ\u00e9e mondiale du b\u00e9n\u00e9volat &#8211; 5 d\u00e9cembre\",\"datePublished\":\"2025-12-04T16:38:51+00:00\",\"dateModified\":\"2025-12-04T16:49:39+00:00\",\"mainEntityOfPage\":{\"@id\":\"https:\/\/csp.ch\/geneve\/journee-mondiale-du-benevolat-5-decembre\/\"},\"wordCount\":274,\"image\":{\"@id\":\"https:\/\/csp.ch\/geneve\/journee-mondiale-du-benevolat-5-decembre\/#primaryimage\"},\"thumbnailUrl\":\"https:\/\/csp.ch\/wp-content\/uploads\/sites\/5\/2025\/12\/1.png\",\"articleSection\":[\"Soutenir le CSP\"],\"inLanguage\":\"fr-FR\"},{\"@type\":\"WebPage\",\"@id\":\"https:\/\/csp.ch\/geneve\/journee-mondiale-du-benevolat-5-decembre\/\",\"url\":\"https:\/\/csp.ch\/geneve\/journee-mondiale-du-benevolat-5-decembre\/\",\"name\":\"Journ\u00e9e mondiale du b\u00e9n\u00e9volat - 5 d\u00e9cembre - CSP Gen\u00e8ve\",\"isPartOf\":{\"@id\":\"https:\/\/csp.ch\/geneve\/#website\"},\"primaryImageOfPage\":{\"@id\":\"https:\/\/csp.ch\/geneve\/journee-mondiale-du-benevolat-5-decembre\/#primaryimage\"},\"image\":{\"@id\":\"https:\/\/csp.ch\/geneve\/journee-mondiale-du-benevolat-5-decembre\/#primaryimage\"},\"thumbnailUrl\":\"https:\/\/csp.ch\/wp-content\/uploads\/sites\/5\/2025\/12\/1.png\",\"datePublished\":\"2025-12-04T16:38:51+00:00\",\"dateModified\":\"2025-12-04T16:49:39+00:00\",\"author\":{\"@id\":\"https:\/\/csp.ch\/geneve\/#\/schema\/person\/9d3863f340958049df7c835076b616a0\"},\"description\":\"\u00c0 l\u2019occasion de la Journ\u00e9e mondiale du b\u00e9n\u00e9volat, le CSP Gen\u00e8ve met \u00e0 l\u2019honneur l\u2019engagement de ses b\u00e9n\u00e9voles et les remercie pour leur pr\u00e9cieux soutien.\",\"breadcrumb\":{\"@id\":\"https:\/\/csp.ch\/geneve\/journee-mondiale-du-benevolat-5-decembre\/#breadcrumb\"},\"inLanguage\":\"fr-FR\",\"potentialAction\":[{\"@type\":\"ReadAction\",\"target\":[\"https:\/\/csp.ch\/geneve\/journee-mondiale-du-benevolat-5-decembre\/\"]}]},{\"@type\":\"ImageObject\",\"inLanguage\":\"fr-FR\",\"@id\":\"https:\/\/csp.ch\/geneve\/journee-mondiale-du-benevolat-5-decembre\/#primaryimage\",\"url\":\"https:\/\/csp.ch\/wp-content\/uploads\/sites\/5\/2025\/12\/1.png\",\"contentUrl\":\"https:\/\/csp.ch\/wp-content\/uploads\/sites\/5\/2025\/12\/1.png\",\"width\":740,\"height\":360},{\"@type\":\"BreadcrumbList\",\"@id\":\"https:\/\/csp.ch\/geneve\/journee-mondiale-du-benevolat-5-decembre\/#breadcrumb\",\"itemListElement\":[{\"@type\":\"ListItem\",\"position\":1,\"name\":\"Accueil\",\"item\":\"https:\/\/csp.ch\/geneve\/\"},{\"@type\":\"ListItem\",\"position\":2,\"name\":\"Journ\u00e9e mondiale du b\u00e9n\u00e9volat &#8211; 5 d\u00e9cembre\"}]},{\"@type\":\"WebSite\",\"@id\":\"https:\/\/csp.ch\/geneve\/#website\",\"url\":\"https:\/\/csp.ch\/geneve\/\",\"name\":\"CSP Gen\u00e8ve\",\"description\":\"\",\"potentialAction\":[{\"@type\":\"SearchAction\",\"target\":{\"@type\":\"EntryPoint\",\"urlTemplate\":\"https:\/\/csp.ch\/geneve\/?s={search_term_string}\"},\"query-input\":{\"@type\":\"PropertyValueSpecification\",\"valueRequired\":true,\"valueName\":\"search_term_string\"}}],\"inLanguage\":\"fr-FR\"},{\"@type\":\"Person\",\"@id\":\"https:\/\/csp.ch\/geneve\/#\/schema\/person\/9d3863f340958049df7c835076b616a0\",\"name\":\"kschach\",\"image\":{\"@type\":\"ImageObject\",\"inLanguage\":\"fr-FR\",\"@id\":\"https:\/\/csp.ch\/geneve\/#\/schema\/person\/image\/\",\"url\":\"https:\/\/secure.gravatar.com\/avatar\/b9e8bd33105bf5642e115513de9c558ebc32a1af8c0b131ed24c6605dfb5a6fb?s=96&d=mm&r=g\",\"contentUrl\":\"https:\/\/secure.gravatar.com\/avatar\/b9e8bd33105bf5642e115513de9c558ebc32a1af8c0b131ed24c6605dfb5a6fb?s=96&d=mm&r=g\",\"caption\":\"kschach\"},\"url\":\"https:\/\/csp.ch\/geneve\/author\/kschach\/\"}]}<\/script>\n<!-- \/ Yoast SEO plugin. -->","yoast_head_json":{"title":"Journ\u00e9e mondiale du b\u00e9n\u00e9volat - 5 d\u00e9cembre - CSP Gen\u00e8ve","description":"\u00c0 l\u2019occasion de la Journ\u00e9e mondiale du b\u00e9n\u00e9volat, le CSP Gen\u00e8ve met \u00e0 l\u2019honneur l\u2019engagement de ses b\u00e9n\u00e9voles et les remercie pour leur pr\u00e9cieux soutien.","robots":{"index":"index","follow":"follow","max-snippet":"max-snippet:-1","max-image-preview":"max-image-preview:large","max-video-preview":"max-video-preview:-1"},"canonical":"https:\/\/csp.ch\/geneve\/journee-mondiale-du-benevolat-5-decembre\/","og_locale":"fr_FR","og_type":"article","og_title":"Journ\u00e9e mondiale du b\u00e9n\u00e9volat - 5 d\u00e9cembre - CSP Gen\u00e8ve","og_description":"\u00c0 l\u2019occasion de la Journ\u00e9e mondiale du b\u00e9n\u00e9volat, le CSP Gen\u00e8ve met \u00e0 l\u2019honneur l\u2019engagement de ses b\u00e9n\u00e9voles et les remercie pour leur pr\u00e9cieux soutien.","og_url":"https:\/\/csp.ch\/geneve\/journee-mondiale-du-benevolat-5-decembre\/","og_site_name":"CSP Gen\u00e8ve","article_published_time":"2025-12-04T16:38:51+00:00","article_modified_time":"2025-12-04T16:49:39+00:00","og_image":[{"width":740,"height":360,"url":"https:\/\/csp.ch\/wp-content\/uploads\/sites\/5\/2025\/12\/1.png","type":"image\/png"}],"author":"kschach","twitter_card":"summary_large_image","twitter_misc":{"\u00c9crit par":"kschach","Dur\u00e9e de lecture estim\u00e9e":"2 minutes"},"schema":{"@context":"https:\/\/schema.org","@graph":[{"@type":"Article","@id":"https:\/\/csp.ch\/geneve\/journee-mondiale-du-benevolat-5-decembre\/#article","isPartOf":{"@id":"https:\/\/csp.ch\/geneve\/journee-mondiale-du-benevolat-5-decembre\/"},"author":{"name":"kschach","@id":"https:\/\/csp.ch\/geneve\/#\/schema\/person\/9d3863f340958049df7c835076b616a0"},"headline":"Journ\u00e9e mondiale du b\u00e9n\u00e9volat &#8211; 5 d\u00e9cembre","datePublished":"2025-12-04T16:38:51+00:00","dateModified":"2025-12-04T16:49:39+00:00","mainEntityOfPage":{"@id":"https:\/\/csp.ch\/geneve\/journee-mondiale-du-benevolat-5-decembre\/"},"wordCount":274,"image":{"@id":"https:\/\/csp.ch\/geneve\/journee-mondiale-du-benevolat-5-decembre\/#primaryimage"},"thumbnailUrl":"https:\/\/csp.ch\/wp-content\/uploads\/sites\/5\/2025\/12\/1.png","articleSection":["Soutenir le CSP"],"inLanguage":"fr-FR"},{"@type":"WebPage","@id":"https:\/\/csp.ch\/geneve\/journee-mondiale-du-benevolat-5-decembre\/","url":"https:\/\/csp.ch\/geneve\/journee-mondiale-du-benevolat-5-decembre\/","name":"Journ\u00e9e mondiale du b\u00e9n\u00e9volat - 5 d\u00e9cembre - CSP Gen\u00e8ve","isPartOf":{"@id":"https:\/\/csp.ch\/geneve\/#website"},"primaryImageOfPage":{"@id":"https:\/\/csp.ch\/geneve\/journee-mondiale-du-benevolat-5-decembre\/#primaryimage"},"image":{"@id":"https:\/\/csp.ch\/geneve\/journee-mondiale-du-benevolat-5-decembre\/#primaryimage"},"thumbnailUrl":"https:\/\/csp.ch\/wp-content\/uploads\/sites\/5\/2025\/12\/1.png","datePublished":"2025-12-04T16:38:51+00:00","dateModified":"2025-12-04T16:49:39+00:00","author":{"@id":"https:\/\/csp.ch\/geneve\/#\/schema\/person\/9d3863f340958049df7c835076b616a0"},"description":"\u00c0 l\u2019occasion de la Journ\u00e9e mondiale du b\u00e9n\u00e9volat, le CSP Gen\u00e8ve met \u00e0 l\u2019honneur l\u2019engagement de ses b\u00e9n\u00e9voles et les remercie pour leur pr\u00e9cieux soutien.","breadcrumb":{"@id":"https:\/\/csp.ch\/geneve\/journee-mondiale-du-benevolat-5-decembre\/#breadcrumb"},"inLanguage":"fr-FR","potentialAction":[{"@type":"ReadAction","target":["https:\/\/csp.ch\/geneve\/journee-mondiale-du-benevolat-5-decembre\/"]}]},{"@type":"ImageObject","inLanguage":"fr-FR","@id":"https:\/\/csp.ch\/geneve\/journee-mondiale-du-benevolat-5-decembre\/#primaryimage","url":"https:\/\/csp.ch\/wp-content\/uploads\/sites\/5\/2025\/12\/1.png","contentUrl":"https:\/\/csp.ch\/wp-content\/uploads\/sites\/5\/2025\/12\/1.png","width":740,"height":360},{"@type":"BreadcrumbList","@id":"https:\/\/csp.ch\/geneve\/journee-mondiale-du-benevolat-5-decembre\/#breadcrumb","itemListElement":[{"@type":"ListItem","position":1,"name":"Accueil","item":"https:\/\/csp.ch\/geneve\/"},{"@type":"ListItem","position":2,"name":"Journ\u00e9e mondiale du b\u00e9n\u00e9volat &#8211; 5 d\u00e9cembre"}]},{"@type":"WebSite","@id":"https:\/\/csp.ch\/geneve\/#website","url":"https:\/\/csp.ch\/geneve\/","name":"CSP Gen\u00e8ve","description":"","potentialAction":[{"@type":"SearchAction","target":{"@type":"EntryPoint","urlTemplate":"https:\/\/csp.ch\/geneve\/?s={search_term_string}"},"query-input":{"@type":"PropertyValueSpecification","valueRequired":true,"valueName":"search_term_string"}}],"inLanguage":"fr-FR"},{"@type":"Person","@id":"https:\/\/csp.ch\/geneve\/#\/schema\/person\/9d3863f340958049df7c835076b616a0","name":"kschach","image":{"@type":"ImageObject","inLanguage":"fr-FR","@id":"https:\/\/csp.ch\/geneve\/#\/schema\/person\/image\/","url":"https:\/\/secure.gravatar.com\/avatar\/b9e8bd33105bf5642e115513de9c558ebc32a1af8c0b131ed24c6605dfb5a6fb?s=96&d=mm&r=g","contentUrl":"https:\/\/secure.gravatar.com\/avatar\/b9e8bd33105bf5642e115513de9c558ebc32a1af8c0b131ed24c6605dfb5a6fb?s=96&d=mm&r=g","caption":"kschach"},"url":"https:\/\/csp.ch\/geneve\/author\/kschach\/"}]}},"_links":{"self":[{"href":"https:\/\/csp.ch\/geneve\/wp-json\/wp\/v2\/posts\/29947","targetHints":{"allow":["GET"]}}],"collection":[{"href":"https:\/\/csp.ch\/geneve\/wp-json\/wp\/v2\/posts"}],"about":[{"href":"https:\/\/csp.ch\/geneve\/wp-json\/wp\/v2\/types\/post"}],"author":[{"embeddable":true,"href":"https:\/\/csp.ch\/geneve\/wp-json\/wp\/v2\/users\/32"}],"replies":[{"embeddable":true,"href":"https:\/\/csp.ch\/geneve\/wp-json\/wp\/v2\/comments?post=29947"}],"version-history":[{"count":3,"href":"https:\/\/csp.ch\/geneve\/wp-json\/wp\/v2\/posts\/29947\/revisions"}],"predecessor-version":[{"id":29955,"href":"https:\/\/csp.ch\/geneve\/wp-json\/wp\/v2\/posts\/29947\/revisions\/29955"}],"wp:featuredmedia":[{"embeddable":true,"href":"https:\/\/csp.ch\/geneve\/wp-json\/wp\/v2\/media\/29948"}],"wp:attachment":[{"href":"https:\/\/csp.ch\/geneve\/wp-json\/wp\/v2\/media?parent=29947"}],"wp:term":[{"taxonomy":"category","embeddable":true,"href":"https:\/\/csp.ch\/geneve\/wp-json\/wp\/v2\/categories?post=29947"},{"taxonomy":"post_tag","embeddable":true,"href":"https:\/\/csp.ch\/geneve\/wp-json\/wp\/v2\/tags?post=29947"}],"curies":[{"name":"wp","href":"https:\/\/api.w.org\/{rel}","templated":true}]}}