{"id":29937,"date":"2025-12-04T13:40:41","date_gmt":"2025-12-04T12:40:41","guid":{"rendered":"https:\/\/csp.ch\/geneve\/?p=29937"},"modified":"2025-12-04T15:42:39","modified_gmt":"2025-12-04T14:42:39","slug":"la-boutique-renfile-de-chene-bourg-cherche-de-nouveaux-locaux","status":"publish","type":"post","link":"https:\/\/csp.ch\/geneve\/la-boutique-renfile-de-chene-bourg-cherche-de-nouveaux-locaux\/","title":{"rendered":"La boutique Renfile de Ch\u00eane-Bourg cherche de nouveaux locaux"},"content":{"rendered":"<div class=\"wpb-content-wrapper\"><p>[vc_row][vc_column][vc_column_text css=\u00a0\u00bb\u00a0\u00bb]<\/p>\n<h1 class=\"xxmsonormal\"><span style=\"color: #ff9900\"><strong><span style=\"font-size: 12pt\">La boutique actuelle fermera ses portes le jeudi 18 d\u00e9cembre au soir.<\/span><\/strong><\/span><\/h1>\n<p class=\"xxmsonormal\"><span style=\"color: #333333\"><span style=\"font-size: 12pt\">Cette \u00e9tape est l\u2019occasion pour Renfile d\u2019imaginer de nouveaux projets et d\u2019explorer de <\/span><span style=\"font-size: 12.0pt\">meilleures implantations, plus au c\u0153ur de la vie locale.<\/span><\/span><\/p>\n<p class=\"xxmsonormal\"><span style=\"font-size: 12pt;color: #333333\">Nous remercions chaleureusement toutes les personnes qui ont fait vivre ce lieu : donateur\u00b7ices, client\u00b7es et voisin\u00b7es. Gr\u00e2ce \u00e0 vos dons et vos achats responsables dans les magasins Renfile, vous soutenez chaque jour les actions sociales gratuites du CSP Gen\u00e8ve.<\/span><\/p>\n<p class=\"xxmsonormal\"><span style=\"font-size: 12pt;color: #333333\">D\u2019ici l\u00e0\u00a0:<\/span><\/p>\n<p class=\"xxmsonormal\"><span style=\"font-size: 12pt;color: #333333\">&gt; <strong>profitez de nos actions de d\u00e9stockage \u00e0 la boutique de Ch\u00eane-Bourg\u00a0!<\/strong><\/span><\/p>\n<p class=\"xxmsonormal\"><span style=\"color: #333333\"><span style=\"font-size: 12pt\">&gt; <strong>rendez-vous dans nos quatre boutiques <\/strong><\/span><strong><span style=\"font-size: 12.0pt\">situ\u00e9es au centre-ville et nos deux brocantes !<\/span><\/strong><\/span><\/p>\n<p class=\"xxmsonormal\"><span style=\"font-size: 12pt;color: #333333\">Retrouvez toutes nos adresses et les actualit\u00e9s sur nos projets sur : <a href=\"https:\/\/renfile.ch\/\">renfile.ch<\/a><\/span><\/p>\n<p>[\/vc_column_text][\/vc_column][\/vc_row]<\/p>\n<\/div>","protected":false},"excerpt":{"rendered":"<p>[vc_row][vc_column][vc_column_text css=\u00a0\u00bb\u00a0\u00bb] La boutique actuelle fermera ses portes le jeudi 18 d\u00e9cembre au soir. Cette \u00e9tape est l\u2019occasion pour Renfile d\u2019imaginer de nouveaux projets et d\u2019explorer de meilleures implantations, plus au c\u0153ur de la vie locale. Nous remercions chaleureusement toutes les personnes qui ont fait vivre ce lieu : donateur\u00b7ices, client\u00b7es et voisin\u00b7es. Gr\u00e2ce \u00e0 [&hellip;]<\/p>\n","protected":false},"author":12,"featured_media":29939,"comment_status":"closed","ping_status":"closed","sticky":false,"template":"","format":"standard","meta":{"_acf_changed":false,"footnotes":""},"categories":[1,60],"tags":[],"class_list":["post-29937","post","type-post","status-publish","format-standard","has-post-thumbnail","hentry","category-non-classe","category-soutenir-le-csp"],"acf":[],"yoast_head":"<!-- This site is optimized with the Yoast SEO plugin v27.1.1 - https:\/\/yoast.com\/product\/yoast-seo-wordpress\/ -->\n<title>La boutique Renfile de Ch\u00eane-Bourg cherche de nouveaux locaux - CSP Gen\u00e8ve<\/title>\n<meta name=\"description\" content=\"La boutique Renfile de Ch\u00eane-Bourg est \u00e0 la recherche d&#039;une nouvelle adresse. Fermeture des locaux actuels le 18 d\u00e9cembre 2025\" \/>\n<meta name=\"robots\" content=\"index, follow, max-snippet:-1, max-image-preview:large, max-video-preview:-1\" \/>\n<link rel=\"canonical\" href=\"https:\/\/csp.ch\/geneve\/la-boutique-renfile-de-chene-bourg-cherche-de-nouveaux-locaux\/\" \/>\n<meta property=\"og:locale\" content=\"fr_FR\" \/>\n<meta property=\"og:type\" content=\"article\" \/>\n<meta property=\"og:title\" content=\"La boutique Renfile de Ch\u00eane-Bourg cherche de nouveaux locaux - CSP Gen\u00e8ve\" \/>\n<meta property=\"og:description\" content=\"La boutique Renfile de Ch\u00eane-Bourg est \u00e0 la recherche d&#039;une nouvelle adresse. Fermeture des locaux actuels le 18 d\u00e9cembre 2025\" \/>\n<meta property=\"og:url\" content=\"https:\/\/csp.ch\/geneve\/la-boutique-renfile-de-chene-bourg-cherche-de-nouveaux-locaux\/\" \/>\n<meta property=\"og:site_name\" content=\"CSP Gen\u00e8ve\" \/>\n<meta property=\"article:published_time\" content=\"2025-12-04T12:40:41+00:00\" \/>\n<meta property=\"article:modified_time\" content=\"2025-12-04T14:42:39+00:00\" \/>\n<meta property=\"og:image\" content=\"https:\/\/csp.ch\/wp-content\/uploads\/sites\/5\/2025\/12\/Chene-Bourg-5-scaled.jpg\" \/>\n\t<meta property=\"og:image:width\" content=\"2560\" \/>\n\t<meta property=\"og:image:height\" content=\"1920\" \/>\n\t<meta property=\"og:image:type\" content=\"image\/jpeg\" \/>\n<meta name=\"author\" content=\"cfluckiger\" \/>\n<meta name=\"twitter:card\" content=\"summary_large_image\" \/>\n<meta name=\"twitter:label1\" content=\"\u00c9crit par\" \/>\n\t<meta name=\"twitter:data1\" content=\"cfluckiger\" \/>\n\t<meta name=\"twitter:label2\" content=\"Dur\u00e9e de lecture estim\u00e9e\" \/>\n\t<meta name=\"twitter:data2\" content=\"1 minute\" \/>\n<script type=\"application\/ld+json\" class=\"yoast-schema-graph\">{\"@context\":\"https:\/\/schema.org\",\"@graph\":[{\"@type\":\"Article\",\"@id\":\"https:\/\/csp.ch\/geneve\/la-boutique-renfile-de-chene-bourg-cherche-de-nouveaux-locaux\/#article\",\"isPartOf\":{\"@id\":\"https:\/\/csp.ch\/geneve\/la-boutique-renfile-de-chene-bourg-cherche-de-nouveaux-locaux\/\"},\"author\":{\"name\":\"cfluckiger\",\"@id\":\"https:\/\/csp.ch\/geneve\/#\/schema\/person\/b1068a28034d6bbcbc3ece74beda2d8b\"},\"headline\":\"La boutique Renfile de Ch\u00eane-Bourg cherche de nouveaux locaux\",\"datePublished\":\"2025-12-04T12:40:41+00:00\",\"dateModified\":\"2025-12-04T14:42:39+00:00\",\"mainEntityOfPage\":{\"@id\":\"https:\/\/csp.ch\/geneve\/la-boutique-renfile-de-chene-bourg-cherche-de-nouveaux-locaux\/\"},\"wordCount\":150,\"image\":{\"@id\":\"https:\/\/csp.ch\/geneve\/la-boutique-renfile-de-chene-bourg-cherche-de-nouveaux-locaux\/#primaryimage\"},\"thumbnailUrl\":\"https:\/\/csp.ch\/wp-content\/uploads\/sites\/5\/2025\/12\/Chene-Bourg-5-scaled.jpg\",\"articleSection\":[\"Divers\",\"Soutenir le CSP\"],\"inLanguage\":\"fr-FR\"},{\"@type\":\"WebPage\",\"@id\":\"https:\/\/csp.ch\/geneve\/la-boutique-renfile-de-chene-bourg-cherche-de-nouveaux-locaux\/\",\"url\":\"https:\/\/csp.ch\/geneve\/la-boutique-renfile-de-chene-bourg-cherche-de-nouveaux-locaux\/\",\"name\":\"La boutique Renfile de Ch\u00eane-Bourg cherche de nouveaux locaux - CSP Gen\u00e8ve\",\"isPartOf\":{\"@id\":\"https:\/\/csp.ch\/geneve\/#website\"},\"primaryImageOfPage\":{\"@id\":\"https:\/\/csp.ch\/geneve\/la-boutique-renfile-de-chene-bourg-cherche-de-nouveaux-locaux\/#primaryimage\"},\"image\":{\"@id\":\"https:\/\/csp.ch\/geneve\/la-boutique-renfile-de-chene-bourg-cherche-de-nouveaux-locaux\/#primaryimage\"},\"thumbnailUrl\":\"https:\/\/csp.ch\/wp-content\/uploads\/sites\/5\/2025\/12\/Chene-Bourg-5-scaled.jpg\",\"datePublished\":\"2025-12-04T12:40:41+00:00\",\"dateModified\":\"2025-12-04T14:42:39+00:00\",\"author\":{\"@id\":\"https:\/\/csp.ch\/geneve\/#\/schema\/person\/b1068a28034d6bbcbc3ece74beda2d8b\"},\"description\":\"La boutique Renfile de Ch\u00eane-Bourg est \u00e0 la recherche d'une nouvelle adresse. Fermeture des locaux actuels le 18 d\u00e9cembre 2025\",\"breadcrumb\":{\"@id\":\"https:\/\/csp.ch\/geneve\/la-boutique-renfile-de-chene-bourg-cherche-de-nouveaux-locaux\/#breadcrumb\"},\"inLanguage\":\"fr-FR\",\"potentialAction\":[{\"@type\":\"ReadAction\",\"target\":[\"https:\/\/csp.ch\/geneve\/la-boutique-renfile-de-chene-bourg-cherche-de-nouveaux-locaux\/\"]}]},{\"@type\":\"ImageObject\",\"inLanguage\":\"fr-FR\",\"@id\":\"https:\/\/csp.ch\/geneve\/la-boutique-renfile-de-chene-bourg-cherche-de-nouveaux-locaux\/#primaryimage\",\"url\":\"https:\/\/csp.ch\/wp-content\/uploads\/sites\/5\/2025\/12\/Chene-Bourg-5-scaled.jpg\",\"contentUrl\":\"https:\/\/csp.ch\/wp-content\/uploads\/sites\/5\/2025\/12\/Chene-Bourg-5-scaled.jpg\",\"width\":2560,\"height\":1920,\"caption\":\"La boutique Renfile de Ch\u00eane-Bourg fermera ses portes le 18 d\u00e9cembre 2025\"},{\"@type\":\"BreadcrumbList\",\"@id\":\"https:\/\/csp.ch\/geneve\/la-boutique-renfile-de-chene-bourg-cherche-de-nouveaux-locaux\/#breadcrumb\",\"itemListElement\":[{\"@type\":\"ListItem\",\"position\":1,\"name\":\"Accueil\",\"item\":\"https:\/\/csp.ch\/geneve\/\"},{\"@type\":\"ListItem\",\"position\":2,\"name\":\"La boutique Renfile de Ch\u00eane-Bourg cherche de nouveaux locaux\"}]},{\"@type\":\"WebSite\",\"@id\":\"https:\/\/csp.ch\/geneve\/#website\",\"url\":\"https:\/\/csp.ch\/geneve\/\",\"name\":\"CSP Gen\u00e8ve\",\"description\":\"\",\"potentialAction\":[{\"@type\":\"SearchAction\",\"target\":{\"@type\":\"EntryPoint\",\"urlTemplate\":\"https:\/\/csp.ch\/geneve\/?s={search_term_string}\"},\"query-input\":{\"@type\":\"PropertyValueSpecification\",\"valueRequired\":true,\"valueName\":\"search_term_string\"}}],\"inLanguage\":\"fr-FR\"},{\"@type\":\"Person\",\"@id\":\"https:\/\/csp.ch\/geneve\/#\/schema\/person\/b1068a28034d6bbcbc3ece74beda2d8b\",\"name\":\"cfluckiger\",\"image\":{\"@type\":\"ImageObject\",\"inLanguage\":\"fr-FR\",\"@id\":\"https:\/\/csp.ch\/geneve\/#\/schema\/person\/image\/\",\"url\":\"https:\/\/secure.gravatar.com\/avatar\/4a15eb964f996a19908f93512f9db569a54b04a75162bb7afa710250c1da52f7?s=96&d=mm&r=g\",\"contentUrl\":\"https:\/\/secure.gravatar.com\/avatar\/4a15eb964f996a19908f93512f9db569a54b04a75162bb7afa710250c1da52f7?s=96&d=mm&r=g\",\"caption\":\"cfluckiger\"},\"url\":\"https:\/\/csp.ch\/geneve\/author\/cfluckiger\/\"}]}<\/script>\n<!-- \/ Yoast SEO plugin. -->","yoast_head_json":{"title":"La boutique Renfile de Ch\u00eane-Bourg cherche de nouveaux locaux - CSP Gen\u00e8ve","description":"La boutique Renfile de Ch\u00eane-Bourg est \u00e0 la recherche d'une nouvelle adresse. Fermeture des locaux actuels le 18 d\u00e9cembre 2025","robots":{"index":"index","follow":"follow","max-snippet":"max-snippet:-1","max-image-preview":"max-image-preview:large","max-video-preview":"max-video-preview:-1"},"canonical":"https:\/\/csp.ch\/geneve\/la-boutique-renfile-de-chene-bourg-cherche-de-nouveaux-locaux\/","og_locale":"fr_FR","og_type":"article","og_title":"La boutique Renfile de Ch\u00eane-Bourg cherche de nouveaux locaux - CSP Gen\u00e8ve","og_description":"La boutique Renfile de Ch\u00eane-Bourg est \u00e0 la recherche d'une nouvelle adresse. Fermeture des locaux actuels le 18 d\u00e9cembre 2025","og_url":"https:\/\/csp.ch\/geneve\/la-boutique-renfile-de-chene-bourg-cherche-de-nouveaux-locaux\/","og_site_name":"CSP Gen\u00e8ve","article_published_time":"2025-12-04T12:40:41+00:00","article_modified_time":"2025-12-04T14:42:39+00:00","og_image":[{"width":2560,"height":1920,"url":"https:\/\/csp.ch\/wp-content\/uploads\/sites\/5\/2025\/12\/Chene-Bourg-5-scaled.jpg","type":"image\/jpeg"}],"author":"cfluckiger","twitter_card":"summary_large_image","twitter_misc":{"\u00c9crit par":"cfluckiger","Dur\u00e9e de lecture estim\u00e9e":"1 minute"},"schema":{"@context":"https:\/\/schema.org","@graph":[{"@type":"Article","@id":"https:\/\/csp.ch\/geneve\/la-boutique-renfile-de-chene-bourg-cherche-de-nouveaux-locaux\/#article","isPartOf":{"@id":"https:\/\/csp.ch\/geneve\/la-boutique-renfile-de-chene-bourg-cherche-de-nouveaux-locaux\/"},"author":{"name":"cfluckiger","@id":"https:\/\/csp.ch\/geneve\/#\/schema\/person\/b1068a28034d6bbcbc3ece74beda2d8b"},"headline":"La boutique Renfile de Ch\u00eane-Bourg cherche de nouveaux locaux","datePublished":"2025-12-04T12:40:41+00:00","dateModified":"2025-12-04T14:42:39+00:00","mainEntityOfPage":{"@id":"https:\/\/csp.ch\/geneve\/la-boutique-renfile-de-chene-bourg-cherche-de-nouveaux-locaux\/"},"wordCount":150,"image":{"@id":"https:\/\/csp.ch\/geneve\/la-boutique-renfile-de-chene-bourg-cherche-de-nouveaux-locaux\/#primaryimage"},"thumbnailUrl":"https:\/\/csp.ch\/wp-content\/uploads\/sites\/5\/2025\/12\/Chene-Bourg-5-scaled.jpg","articleSection":["Divers","Soutenir le CSP"],"inLanguage":"fr-FR"},{"@type":"WebPage","@id":"https:\/\/csp.ch\/geneve\/la-boutique-renfile-de-chene-bourg-cherche-de-nouveaux-locaux\/","url":"https:\/\/csp.ch\/geneve\/la-boutique-renfile-de-chene-bourg-cherche-de-nouveaux-locaux\/","name":"La boutique Renfile de Ch\u00eane-Bourg cherche de nouveaux locaux - CSP Gen\u00e8ve","isPartOf":{"@id":"https:\/\/csp.ch\/geneve\/#website"},"primaryImageOfPage":{"@id":"https:\/\/csp.ch\/geneve\/la-boutique-renfile-de-chene-bourg-cherche-de-nouveaux-locaux\/#primaryimage"},"image":{"@id":"https:\/\/csp.ch\/geneve\/la-boutique-renfile-de-chene-bourg-cherche-de-nouveaux-locaux\/#primaryimage"},"thumbnailUrl":"https:\/\/csp.ch\/wp-content\/uploads\/sites\/5\/2025\/12\/Chene-Bourg-5-scaled.jpg","datePublished":"2025-12-04T12:40:41+00:00","dateModified":"2025-12-04T14:42:39+00:00","author":{"@id":"https:\/\/csp.ch\/geneve\/#\/schema\/person\/b1068a28034d6bbcbc3ece74beda2d8b"},"description":"La boutique Renfile de Ch\u00eane-Bourg est \u00e0 la recherche d'une nouvelle adresse. Fermeture des locaux actuels le 18 d\u00e9cembre 2025","breadcrumb":{"@id":"https:\/\/csp.ch\/geneve\/la-boutique-renfile-de-chene-bourg-cherche-de-nouveaux-locaux\/#breadcrumb"},"inLanguage":"fr-FR","potentialAction":[{"@type":"ReadAction","target":["https:\/\/csp.ch\/geneve\/la-boutique-renfile-de-chene-bourg-cherche-de-nouveaux-locaux\/"]}]},{"@type":"ImageObject","inLanguage":"fr-FR","@id":"https:\/\/csp.ch\/geneve\/la-boutique-renfile-de-chene-bourg-cherche-de-nouveaux-locaux\/#primaryimage","url":"https:\/\/csp.ch\/wp-content\/uploads\/sites\/5\/2025\/12\/Chene-Bourg-5-scaled.jpg","contentUrl":"https:\/\/csp.ch\/wp-content\/uploads\/sites\/5\/2025\/12\/Chene-Bourg-5-scaled.jpg","width":2560,"height":1920,"caption":"La boutique Renfile de Ch\u00eane-Bourg fermera ses portes le 18 d\u00e9cembre 2025"},{"@type":"BreadcrumbList","@id":"https:\/\/csp.ch\/geneve\/la-boutique-renfile-de-chene-bourg-cherche-de-nouveaux-locaux\/#breadcrumb","itemListElement":[{"@type":"ListItem","position":1,"name":"Accueil","item":"https:\/\/csp.ch\/geneve\/"},{"@type":"ListItem","position":2,"name":"La boutique Renfile de Ch\u00eane-Bourg cherche de nouveaux locaux"}]},{"@type":"WebSite","@id":"https:\/\/csp.ch\/geneve\/#website","url":"https:\/\/csp.ch\/geneve\/","name":"CSP Gen\u00e8ve","description":"","potentialAction":[{"@type":"SearchAction","target":{"@type":"EntryPoint","urlTemplate":"https:\/\/csp.ch\/geneve\/?s={search_term_string}"},"query-input":{"@type":"PropertyValueSpecification","valueRequired":true,"valueName":"search_term_string"}}],"inLanguage":"fr-FR"},{"@type":"Person","@id":"https:\/\/csp.ch\/geneve\/#\/schema\/person\/b1068a28034d6bbcbc3ece74beda2d8b","name":"cfluckiger","image":{"@type":"ImageObject","inLanguage":"fr-FR","@id":"https:\/\/csp.ch\/geneve\/#\/schema\/person\/image\/","url":"https:\/\/secure.gravatar.com\/avatar\/4a15eb964f996a19908f93512f9db569a54b04a75162bb7afa710250c1da52f7?s=96&d=mm&r=g","contentUrl":"https:\/\/secure.gravatar.com\/avatar\/4a15eb964f996a19908f93512f9db569a54b04a75162bb7afa710250c1da52f7?s=96&d=mm&r=g","caption":"cfluckiger"},"url":"https:\/\/csp.ch\/geneve\/author\/cfluckiger\/"}]}},"_links":{"self":[{"href":"https:\/\/csp.ch\/geneve\/wp-json\/wp\/v2\/posts\/29937","targetHints":{"allow":["GET"]}}],"collection":[{"href":"https:\/\/csp.ch\/geneve\/wp-json\/wp\/v2\/posts"}],"about":[{"href":"https:\/\/csp.ch\/geneve\/wp-json\/wp\/v2\/types\/post"}],"author":[{"embeddable":true,"href":"https:\/\/csp.ch\/geneve\/wp-json\/wp\/v2\/users\/12"}],"replies":[{"embeddable":true,"href":"https:\/\/csp.ch\/geneve\/wp-json\/wp\/v2\/comments?post=29937"}],"version-history":[{"count":3,"href":"https:\/\/csp.ch\/geneve\/wp-json\/wp\/v2\/posts\/29937\/revisions"}],"predecessor-version":[{"id":29946,"href":"https:\/\/csp.ch\/geneve\/wp-json\/wp\/v2\/posts\/29937\/revisions\/29946"}],"wp:featuredmedia":[{"embeddable":true,"href":"https:\/\/csp.ch\/geneve\/wp-json\/wp\/v2\/media\/29939"}],"wp:attachment":[{"href":"https:\/\/csp.ch\/geneve\/wp-json\/wp\/v2\/media?parent=29937"}],"wp:term":[{"taxonomy":"category","embeddable":true,"href":"https:\/\/csp.ch\/geneve\/wp-json\/wp\/v2\/categories?post=29937"},{"taxonomy":"post_tag","embeddable":true,"href":"https:\/\/csp.ch\/geneve\/wp-json\/wp\/v2\/tags?post=29937"}],"curies":[{"name":"wp","href":"https:\/\/api.w.org\/{rel}","templated":true}]}}