{"id":29538,"date":"2025-11-14T12:17:00","date_gmt":"2025-11-14T11:17:00","guid":{"rendered":"https:\/\/csp.ch\/geneve\/?p=29538"},"modified":"2025-11-17T16:31:00","modified_gmt":"2025-11-17T15:31:00","slug":"une-soiree-pour-sensibiliser-sur-la-traite-a-geneve","status":"publish","type":"post","link":"https:\/\/csp.ch\/geneve\/une-soiree-pour-sensibiliser-sur-la-traite-a-geneve\/","title":{"rendered":"Une soir\u00e9e pour sensibiliser sur la traite \u00e0 Gen\u00e8ve"},"content":{"rendered":"<p>Fort d&rsquo;une \u00e9quipe de trois avocates et d&rsquo;une assistante sociale sp\u00e9cialis\u00e9es, le CSP Gen\u00e8ve s&rsquo;engage depuis plus de dix ans dans la lutte contre la traite des \u00eatres humains et la protection des personnes qui en sont victimes.<\/p>\n<p>Le 13 novembre 2025, quelque 200 invit\u00e9\u00b7es \u00e9taient r\u00e9uni\u00b7es \u00e0 Gen\u00e8ve pour partager les expertises des professionnel\u00b7les, esquisser des solutions et permettre \u00e0 un large public de se mobiliser sur ces th\u00e9matiques.<\/p>\n<p>*****<\/p>\n<p><strong><span style=\"color: #ff6600\">Traite des \u00eatres humains: rendre visible l&rsquo;invisible<\/span><\/strong><\/p>\n<p>Une <span style=\"color: #000000\">soir\u00e9e de sensibilisation<\/span> visait \u00e0 visibiliser ce fl\u00e9au \u00e0 partir de trois situations r\u00e9elles de personnes accompagn\u00e9es par les avocates du CSP Gen\u00e8ve.<\/p>\n<p>Une discussion anim\u00e9e par la journaliste Anne-Fr\u00e9d\u00e9rique Widmann, ainsi que le vernissage des posters BD r\u00e9alis\u00e9s par les dessinateurs genevois Herji, Kalonji et Wazem, ont permis au public de se rendre compte des enjeux pour les personnes victimes de traite et de plonger de mani\u00e8re concr\u00e8te dans les activit\u00e9s du CSP Gen\u00e8ve dans ce domaine.<\/p>\n<p>*****<\/p>\n<p>Elle \u00e9tait pr\u00e9c\u00e9d\u00e9e d&rsquo;une table ronde &#8211; <span style=\"color: #ff6600\"><strong>\u00ab\u00a0Traite des \u00eatres humains: regards crois\u00e9s sur les constats et les perspectives\u00a0\u00bb<\/strong><\/span> &#8211; r\u00e9unissant 7 expert\u00b7es autour de quatre enjeux:<\/p>\n<ul>\n<li>Identification des situations de traite<\/li>\n<li>Prise en charge des victimes<\/li>\n<li>La proc\u00e9dure p\u00e9nale<\/li>\n<li>La protection des victimes<\/li>\n<\/ul>\n<p><strong>Intervenant\u00b7es<\/strong>:<\/p>\n<ul type=\"disc\">\n<li class=\"x_MsoListParagraph\"><span data-olk-copy-source=\"MessageBody\">Petya Nestorova, Secr\u00e9taire g\u00e9n\u00e9rale du GRETA \u2013 Conseil de l\u2019Europe<\/span><\/li>\n<li class=\"x_MsoListParagraph\">Laurent Knubel, Fedpol<\/li>\n<li class=\"x_MsoListParagraph\">Olivia Dilonardo, Procureure, Minist\u00e8re public de Gen\u00e8ve<\/li>\n<li class=\"x_MsoListParagraph\">Lorella Bertani, avocate de l\u2019\u00e9tude BERTANI &amp; AEBISCHER<\/li>\n<li>Leila Boussemacer, avocate au Service d&rsquo;assistance aux victimes de traite au CSP Gen\u00e8ve<\/li>\n<li class=\"x_MsoListParagraph\">Joanna Hermann, psychologue, Foyer Au C\u0153ur des Grottes<\/li>\n<li class=\"x_MsoListParagraph\">Marl\u00e8ne Ferrand, psychologue-intervenante, Centre LAVI<\/li>\n<\/ul>\n<p><strong>Mod\u00e9ration<\/strong>: Claire Potaux-V\u00e9sy, OIM<\/p>\n<p><img loading=\"lazy\" decoding=\"async\" class=\"size-medium wp-image-29585\" src=\"https:\/\/csp.ch\/wp-content\/uploads\/sites\/5\/2025\/11\/IMG_20251113_171509_1-300x225.jpg\" alt=\"\" width=\"300\" height=\"225\" srcset=\"https:\/\/csp.ch\/wp-content\/uploads\/sites\/5\/2025\/11\/IMG_20251113_171509_1-300x225.jpg 300w, https:\/\/csp.ch\/wp-content\/uploads\/sites\/5\/2025\/11\/IMG_20251113_171509_1-1024x768.jpg 1024w, https:\/\/csp.ch\/wp-content\/uploads\/sites\/5\/2025\/11\/IMG_20251113_171509_1-768x576.jpg 768w, https:\/\/csp.ch\/wp-content\/uploads\/sites\/5\/2025\/11\/IMG_20251113_171509_1-1536x1152.jpg 1536w, https:\/\/csp.ch\/wp-content\/uploads\/sites\/5\/2025\/11\/IMG_20251113_171509_1-2048x1536.jpg 2048w, https:\/\/csp.ch\/wp-content\/uploads\/sites\/5\/2025\/11\/IMG_20251113_171509_1-295x221.jpg 295w, https:\/\/csp.ch\/wp-content\/uploads\/sites\/5\/2025\/11\/IMG_20251113_171509_1-740x555.jpg 740w\" sizes=\"auto, (max-width: 300px) 100vw, 300px\" \/><\/p>\n<p>Table ronde \u00ab\u00a0Traite des \u00eatres humains: constats et perspectives\u00a0\u00bb. Huit expert\u00b7es r\u00e9uni\u00b7es \u00e0 l&rsquo;initiative du CSP Gen\u00e8ve le 13 novembre 2025<\/p>\n<h2><\/h2>\n<h2><\/h2>\n<h2>Retour en images sur la soir\u00e9e<\/h2>\n<div id='gallery-1' class='gallery galleryid-29538 gallery-columns-1 gallery-size-large'><figure class='gallery-item'>\n\t\t\t<div class='gallery-icon landscape'>\n\t\t\t\t<a href='https:\/\/csp.ch\/geneve\/evenement-traite-des-etres-humains-_04_-e-roset\/'><img loading=\"lazy\" decoding=\"async\" width=\"1024\" height=\"683\" src=\"https:\/\/csp.ch\/wp-content\/uploads\/sites\/5\/2025\/11\/EVENEMENT-TRAITE-DES-ETRES-HUMAINS-_04_\u00a9-E.-ROSET-1024x683.jpg\" class=\"attachment-large size-large\" alt=\"\" aria-describedby=\"gallery-1-29596\" srcset=\"https:\/\/csp.ch\/wp-content\/uploads\/sites\/5\/2025\/11\/EVENEMENT-TRAITE-DES-ETRES-HUMAINS-_04_\u00a9-E.-ROSET-1024x683.jpg 1024w, https:\/\/csp.ch\/wp-content\/uploads\/sites\/5\/2025\/11\/EVENEMENT-TRAITE-DES-ETRES-HUMAINS-_04_\u00a9-E.-ROSET-300x200.jpg 300w, https:\/\/csp.ch\/wp-content\/uploads\/sites\/5\/2025\/11\/EVENEMENT-TRAITE-DES-ETRES-HUMAINS-_04_\u00a9-E.-ROSET-768x512.jpg 768w, https:\/\/csp.ch\/wp-content\/uploads\/sites\/5\/2025\/11\/EVENEMENT-TRAITE-DES-ETRES-HUMAINS-_04_\u00a9-E.-ROSET-600x400.jpg 600w, https:\/\/csp.ch\/wp-content\/uploads\/sites\/5\/2025\/11\/EVENEMENT-TRAITE-DES-ETRES-HUMAINS-_04_\u00a9-E.-ROSET-332x221.jpg 332w, https:\/\/csp.ch\/wp-content\/uploads\/sites\/5\/2025\/11\/EVENEMENT-TRAITE-DES-ETRES-HUMAINS-_04_\u00a9-E.-ROSET-740x493.jpg 740w, https:\/\/csp.ch\/wp-content\/uploads\/sites\/5\/2025\/11\/EVENEMENT-TRAITE-DES-ETRES-HUMAINS-_04_\u00a9-E.-ROSET.jpg 1500w\" sizes=\"auto, (max-width: 1024px) 100vw, 1024px\" \/><\/a>\n\t\t\t<\/div>\n\t\t\t\t<figcaption class='wp-caption-text gallery-caption' id='gallery-1-29596'>\n\t\t\t\tPublication r\u00e9alis\u00e9e avec les BD de Herji, Kalonji et Wazem\n\t\t\t\t<\/figcaption><\/figure><figure class='gallery-item'>\n\t\t\t<div class='gallery-icon landscape'>\n\t\t\t\t<a href='https:\/\/csp.ch\/geneve\/evenement-traite-des-etres-humains-_17_-e-roset\/'><img loading=\"lazy\" decoding=\"async\" width=\"1024\" height=\"683\" src=\"https:\/\/csp.ch\/wp-content\/uploads\/sites\/5\/2025\/11\/EVENEMENT-TRAITE-DES-ETRES-HUMAINS-_17_\u00a9-E.-ROSET-1024x683.jpg\" class=\"attachment-large size-large\" alt=\"\" aria-describedby=\"gallery-1-29598\" srcset=\"https:\/\/csp.ch\/wp-content\/uploads\/sites\/5\/2025\/11\/EVENEMENT-TRAITE-DES-ETRES-HUMAINS-_17_\u00a9-E.-ROSET-1024x683.jpg 1024w, https:\/\/csp.ch\/wp-content\/uploads\/sites\/5\/2025\/11\/EVENEMENT-TRAITE-DES-ETRES-HUMAINS-_17_\u00a9-E.-ROSET-300x200.jpg 300w, https:\/\/csp.ch\/wp-content\/uploads\/sites\/5\/2025\/11\/EVENEMENT-TRAITE-DES-ETRES-HUMAINS-_17_\u00a9-E.-ROSET-768x512.jpg 768w, https:\/\/csp.ch\/wp-content\/uploads\/sites\/5\/2025\/11\/EVENEMENT-TRAITE-DES-ETRES-HUMAINS-_17_\u00a9-E.-ROSET-600x400.jpg 600w, https:\/\/csp.ch\/wp-content\/uploads\/sites\/5\/2025\/11\/EVENEMENT-TRAITE-DES-ETRES-HUMAINS-_17_\u00a9-E.-ROSET-332x221.jpg 332w, https:\/\/csp.ch\/wp-content\/uploads\/sites\/5\/2025\/11\/EVENEMENT-TRAITE-DES-ETRES-HUMAINS-_17_\u00a9-E.-ROSET-740x493.jpg 740w, https:\/\/csp.ch\/wp-content\/uploads\/sites\/5\/2025\/11\/EVENEMENT-TRAITE-DES-ETRES-HUMAINS-_17_\u00a9-E.-ROSET.jpg 1500w\" sizes=\"auto, (max-width: 1024px) 100vw, 1024px\" \/><\/a>\n\t\t\t<\/div>\n\t\t\t\t<figcaption class='wp-caption-text gallery-caption' id='gallery-1-29598'>\n\t\t\t\tVernissage des BD de Herji, Kalonji, Wazem\n\t\t\t\t<\/figcaption><\/figure><figure class='gallery-item'>\n\t\t\t<div class='gallery-icon landscape'>\n\t\t\t\t<a href='https:\/\/csp.ch\/geneve\/evenement-traite-des-etres-humains-_22_-e-roset\/'><img loading=\"lazy\" decoding=\"async\" width=\"1024\" height=\"683\" src=\"https:\/\/csp.ch\/wp-content\/uploads\/sites\/5\/2025\/11\/EVENEMENT-TRAITE-DES-ETRES-HUMAINS-_22_\u00a9-E.-ROSET-1024x683.jpg\" class=\"attachment-large size-large\" alt=\"\" aria-describedby=\"gallery-1-29600\" srcset=\"https:\/\/csp.ch\/wp-content\/uploads\/sites\/5\/2025\/11\/EVENEMENT-TRAITE-DES-ETRES-HUMAINS-_22_\u00a9-E.-ROSET-1024x683.jpg 1024w, https:\/\/csp.ch\/wp-content\/uploads\/sites\/5\/2025\/11\/EVENEMENT-TRAITE-DES-ETRES-HUMAINS-_22_\u00a9-E.-ROSET-300x200.jpg 300w, https:\/\/csp.ch\/wp-content\/uploads\/sites\/5\/2025\/11\/EVENEMENT-TRAITE-DES-ETRES-HUMAINS-_22_\u00a9-E.-ROSET-768x512.jpg 768w, https:\/\/csp.ch\/wp-content\/uploads\/sites\/5\/2025\/11\/EVENEMENT-TRAITE-DES-ETRES-HUMAINS-_22_\u00a9-E.-ROSET-600x400.jpg 600w, https:\/\/csp.ch\/wp-content\/uploads\/sites\/5\/2025\/11\/EVENEMENT-TRAITE-DES-ETRES-HUMAINS-_22_\u00a9-E.-ROSET-332x221.jpg 332w, https:\/\/csp.ch\/wp-content\/uploads\/sites\/5\/2025\/11\/EVENEMENT-TRAITE-DES-ETRES-HUMAINS-_22_\u00a9-E.-ROSET-740x493.jpg 740w, https:\/\/csp.ch\/wp-content\/uploads\/sites\/5\/2025\/11\/EVENEMENT-TRAITE-DES-ETRES-HUMAINS-_22_\u00a9-E.-ROSET.jpg 1500w\" sizes=\"auto, (max-width: 1024px) 100vw, 1024px\" \/><\/a>\n\t\t\t<\/div>\n\t\t\t\t<figcaption class='wp-caption-text gallery-caption' id='gallery-1-29600'>\n\t\t\t\tVernissage des BD de Herji, Kalonji et Wazem\n\t\t\t\t<\/figcaption><\/figure><figure class='gallery-item'>\n\t\t\t<div class='gallery-icon landscape'>\n\t\t\t\t<a href='https:\/\/csp.ch\/geneve\/evenement-traite-des-etres-humains-_25_-e-roset\/'><img loading=\"lazy\" decoding=\"async\" width=\"1024\" height=\"683\" src=\"https:\/\/csp.ch\/wp-content\/uploads\/sites\/5\/2025\/11\/EVENEMENT-TRAITE-DES-ETRES-HUMAINS-_25_\u00a9-E.-ROSET-1024x683.jpg\" class=\"attachment-large size-large\" alt=\"\" aria-describedby=\"gallery-1-29601\" srcset=\"https:\/\/csp.ch\/wp-content\/uploads\/sites\/5\/2025\/11\/EVENEMENT-TRAITE-DES-ETRES-HUMAINS-_25_\u00a9-E.-ROSET-1024x683.jpg 1024w, https:\/\/csp.ch\/wp-content\/uploads\/sites\/5\/2025\/11\/EVENEMENT-TRAITE-DES-ETRES-HUMAINS-_25_\u00a9-E.-ROSET-300x200.jpg 300w, https:\/\/csp.ch\/wp-content\/uploads\/sites\/5\/2025\/11\/EVENEMENT-TRAITE-DES-ETRES-HUMAINS-_25_\u00a9-E.-ROSET-768x512.jpg 768w, https:\/\/csp.ch\/wp-content\/uploads\/sites\/5\/2025\/11\/EVENEMENT-TRAITE-DES-ETRES-HUMAINS-_25_\u00a9-E.-ROSET-600x400.jpg 600w, https:\/\/csp.ch\/wp-content\/uploads\/sites\/5\/2025\/11\/EVENEMENT-TRAITE-DES-ETRES-HUMAINS-_25_\u00a9-E.-ROSET-332x221.jpg 332w, https:\/\/csp.ch\/wp-content\/uploads\/sites\/5\/2025\/11\/EVENEMENT-TRAITE-DES-ETRES-HUMAINS-_25_\u00a9-E.-ROSET-740x493.jpg 740w, https:\/\/csp.ch\/wp-content\/uploads\/sites\/5\/2025\/11\/EVENEMENT-TRAITE-DES-ETRES-HUMAINS-_25_\u00a9-E.-ROSET.jpg 1500w\" sizes=\"auto, (max-width: 1024px) 100vw, 1024px\" \/><\/a>\n\t\t\t<\/div>\n\t\t\t\t<figcaption class='wp-caption-text gallery-caption' id='gallery-1-29601'>\n\t\t\t\tVernissage des BD de Herji, Kalonji et Wazem\n\t\t\t\t<\/figcaption><\/figure><figure class='gallery-item'>\n\t\t\t<div class='gallery-icon landscape'>\n\t\t\t\t<a href='https:\/\/csp.ch\/geneve\/evenement-traite-des-etres-humains-_77_-e-roset\/'><img loading=\"lazy\" decoding=\"async\" width=\"1024\" height=\"683\" src=\"https:\/\/csp.ch\/wp-content\/uploads\/sites\/5\/2025\/11\/EVENEMENT-TRAITE-DES-ETRES-HUMAINS-_77_\u00a9-E.-ROSET-1024x683.jpg\" class=\"attachment-large size-large\" alt=\"\" aria-describedby=\"gallery-1-29606\" srcset=\"https:\/\/csp.ch\/wp-content\/uploads\/sites\/5\/2025\/11\/EVENEMENT-TRAITE-DES-ETRES-HUMAINS-_77_\u00a9-E.-ROSET-1024x683.jpg 1024w, https:\/\/csp.ch\/wp-content\/uploads\/sites\/5\/2025\/11\/EVENEMENT-TRAITE-DES-ETRES-HUMAINS-_77_\u00a9-E.-ROSET-300x200.jpg 300w, https:\/\/csp.ch\/wp-content\/uploads\/sites\/5\/2025\/11\/EVENEMENT-TRAITE-DES-ETRES-HUMAINS-_77_\u00a9-E.-ROSET-768x512.jpg 768w, https:\/\/csp.ch\/wp-content\/uploads\/sites\/5\/2025\/11\/EVENEMENT-TRAITE-DES-ETRES-HUMAINS-_77_\u00a9-E.-ROSET-600x400.jpg 600w, https:\/\/csp.ch\/wp-content\/uploads\/sites\/5\/2025\/11\/EVENEMENT-TRAITE-DES-ETRES-HUMAINS-_77_\u00a9-E.-ROSET-332x221.jpg 332w, https:\/\/csp.ch\/wp-content\/uploads\/sites\/5\/2025\/11\/EVENEMENT-TRAITE-DES-ETRES-HUMAINS-_77_\u00a9-E.-ROSET-740x493.jpg 740w, https:\/\/csp.ch\/wp-content\/uploads\/sites\/5\/2025\/11\/EVENEMENT-TRAITE-DES-ETRES-HUMAINS-_77_\u00a9-E.-ROSET.jpg 1500w\" sizes=\"auto, (max-width: 1024px) 100vw, 1024px\" \/><\/a>\n\t\t\t<\/div>\n\t\t\t\t<figcaption class='wp-caption-text gallery-caption' id='gallery-1-29606'>\n\t\t\t\tVernissage des BD de Herji, Kalonji et Wazem\n\t\t\t\t<\/figcaption><\/figure><figure class='gallery-item'>\n\t\t\t<div class='gallery-icon landscape'>\n\t\t\t\t<a href='https:\/\/csp.ch\/geneve\/evenement-traite-des-etres-humains-_94_-e-roset\/'><img loading=\"lazy\" decoding=\"async\" width=\"1024\" height=\"683\" src=\"https:\/\/csp.ch\/wp-content\/uploads\/sites\/5\/2025\/11\/EVENEMENT-TRAITE-DES-ETRES-HUMAINS-_94_\u00a9-E.-ROSET-1024x683.jpg\" class=\"attachment-large size-large\" alt=\"\" aria-describedby=\"gallery-1-29608\" srcset=\"https:\/\/csp.ch\/wp-content\/uploads\/sites\/5\/2025\/11\/EVENEMENT-TRAITE-DES-ETRES-HUMAINS-_94_\u00a9-E.-ROSET-1024x683.jpg 1024w, https:\/\/csp.ch\/wp-content\/uploads\/sites\/5\/2025\/11\/EVENEMENT-TRAITE-DES-ETRES-HUMAINS-_94_\u00a9-E.-ROSET-300x200.jpg 300w, https:\/\/csp.ch\/wp-content\/uploads\/sites\/5\/2025\/11\/EVENEMENT-TRAITE-DES-ETRES-HUMAINS-_94_\u00a9-E.-ROSET-768x512.jpg 768w, https:\/\/csp.ch\/wp-content\/uploads\/sites\/5\/2025\/11\/EVENEMENT-TRAITE-DES-ETRES-HUMAINS-_94_\u00a9-E.-ROSET-600x400.jpg 600w, https:\/\/csp.ch\/wp-content\/uploads\/sites\/5\/2025\/11\/EVENEMENT-TRAITE-DES-ETRES-HUMAINS-_94_\u00a9-E.-ROSET-332x221.jpg 332w, https:\/\/csp.ch\/wp-content\/uploads\/sites\/5\/2025\/11\/EVENEMENT-TRAITE-DES-ETRES-HUMAINS-_94_\u00a9-E.-ROSET-740x493.jpg 740w, https:\/\/csp.ch\/wp-content\/uploads\/sites\/5\/2025\/11\/EVENEMENT-TRAITE-DES-ETRES-HUMAINS-_94_\u00a9-E.-ROSET.jpg 1500w\" sizes=\"auto, (max-width: 1024px) 100vw, 1024px\" \/><\/a>\n\t\t\t<\/div>\n\t\t\t\t<figcaption class='wp-caption-text gallery-caption' id='gallery-1-29608'>\n\t\t\t\tVernissage des BD de Herji, Kalonji et Wazem\n\t\t\t\t<\/figcaption><\/figure><figure class='gallery-item'>\n\t\t\t<div class='gallery-icon landscape'>\n\t\t\t\t<a href='https:\/\/csp.ch\/geneve\/evenement-traite-des-etres-humains-_109_-e-roset\/'><img loading=\"lazy\" decoding=\"async\" width=\"1024\" height=\"683\" src=\"https:\/\/csp.ch\/wp-content\/uploads\/sites\/5\/2025\/11\/EVENEMENT-TRAITE-DES-ETRES-HUMAINS-_109_\u00a9-E.-ROSET-1024x683.jpg\" class=\"attachment-large size-large\" alt=\"\" aria-describedby=\"gallery-1-29613\" srcset=\"https:\/\/csp.ch\/wp-content\/uploads\/sites\/5\/2025\/11\/EVENEMENT-TRAITE-DES-ETRES-HUMAINS-_109_\u00a9-E.-ROSET-1024x683.jpg 1024w, https:\/\/csp.ch\/wp-content\/uploads\/sites\/5\/2025\/11\/EVENEMENT-TRAITE-DES-ETRES-HUMAINS-_109_\u00a9-E.-ROSET-300x200.jpg 300w, https:\/\/csp.ch\/wp-content\/uploads\/sites\/5\/2025\/11\/EVENEMENT-TRAITE-DES-ETRES-HUMAINS-_109_\u00a9-E.-ROSET-768x512.jpg 768w, https:\/\/csp.ch\/wp-content\/uploads\/sites\/5\/2025\/11\/EVENEMENT-TRAITE-DES-ETRES-HUMAINS-_109_\u00a9-E.-ROSET-600x400.jpg 600w, https:\/\/csp.ch\/wp-content\/uploads\/sites\/5\/2025\/11\/EVENEMENT-TRAITE-DES-ETRES-HUMAINS-_109_\u00a9-E.-ROSET-332x221.jpg 332w, https:\/\/csp.ch\/wp-content\/uploads\/sites\/5\/2025\/11\/EVENEMENT-TRAITE-DES-ETRES-HUMAINS-_109_\u00a9-E.-ROSET-740x493.jpg 740w, https:\/\/csp.ch\/wp-content\/uploads\/sites\/5\/2025\/11\/EVENEMENT-TRAITE-DES-ETRES-HUMAINS-_109_\u00a9-E.-ROSET.jpg 1500w\" sizes=\"auto, (max-width: 1024px) 100vw, 1024px\" \/><\/a>\n\t\t\t<\/div>\n\t\t\t\t<figcaption class='wp-caption-text gallery-caption' id='gallery-1-29613'>\n\t\t\t\tVernissage des BD de Herji, Kalonji et Wazem\n\t\t\t\t<\/figcaption><\/figure><figure class='gallery-item'>\n\t\t\t<div class='gallery-icon landscape'>\n\t\t\t\t<a href='https:\/\/csp.ch\/geneve\/evenement-traite-des-etres-humains-_72_-e-roset\/'><img loading=\"lazy\" decoding=\"async\" width=\"1024\" height=\"683\" src=\"https:\/\/csp.ch\/wp-content\/uploads\/sites\/5\/2025\/11\/EVENEMENT-TRAITE-DES-ETRES-HUMAINS-_72_\u00a9-E.-ROSET-1024x683.jpg\" class=\"attachment-large size-large\" alt=\"\" aria-describedby=\"gallery-1-29604\" srcset=\"https:\/\/csp.ch\/wp-content\/uploads\/sites\/5\/2025\/11\/EVENEMENT-TRAITE-DES-ETRES-HUMAINS-_72_\u00a9-E.-ROSET-1024x683.jpg 1024w, https:\/\/csp.ch\/wp-content\/uploads\/sites\/5\/2025\/11\/EVENEMENT-TRAITE-DES-ETRES-HUMAINS-_72_\u00a9-E.-ROSET-300x200.jpg 300w, https:\/\/csp.ch\/wp-content\/uploads\/sites\/5\/2025\/11\/EVENEMENT-TRAITE-DES-ETRES-HUMAINS-_72_\u00a9-E.-ROSET-768x512.jpg 768w, https:\/\/csp.ch\/wp-content\/uploads\/sites\/5\/2025\/11\/EVENEMENT-TRAITE-DES-ETRES-HUMAINS-_72_\u00a9-E.-ROSET-600x400.jpg 600w, https:\/\/csp.ch\/wp-content\/uploads\/sites\/5\/2025\/11\/EVENEMENT-TRAITE-DES-ETRES-HUMAINS-_72_\u00a9-E.-ROSET-332x221.jpg 332w, https:\/\/csp.ch\/wp-content\/uploads\/sites\/5\/2025\/11\/EVENEMENT-TRAITE-DES-ETRES-HUMAINS-_72_\u00a9-E.-ROSET-740x493.jpg 740w, https:\/\/csp.ch\/wp-content\/uploads\/sites\/5\/2025\/11\/EVENEMENT-TRAITE-DES-ETRES-HUMAINS-_72_\u00a9-E.-ROSET.jpg 1500w\" sizes=\"auto, (max-width: 1024px) 100vw, 1024px\" \/><\/a>\n\t\t\t<\/div>\n\t\t\t\t<figcaption class='wp-caption-text gallery-caption' id='gallery-1-29604'>\n\t\t\t\tEchange anim\u00e9 par Anne-Fr\u00e9d\u00e9rique Widmann avec les 3 avocates du Service d&rsquo;assistance aux victimes du CSP Gen\u00e8ve\n\t\t\t\t<\/figcaption><\/figure><figure class='gallery-item'>\n\t\t\t<div class='gallery-icon landscape'>\n\t\t\t\t<a href='https:\/\/csp.ch\/geneve\/evenement-traite-des-etres-humains-_67_-e-roset\/'><img loading=\"lazy\" decoding=\"async\" width=\"1024\" height=\"683\" src=\"https:\/\/csp.ch\/wp-content\/uploads\/sites\/5\/2025\/11\/EVENEMENT-TRAITE-DES-ETRES-HUMAINS-_67_\u00a9-E.-ROSET-1024x683.jpg\" class=\"attachment-large size-large\" alt=\"\" aria-describedby=\"gallery-1-29603\" srcset=\"https:\/\/csp.ch\/wp-content\/uploads\/sites\/5\/2025\/11\/EVENEMENT-TRAITE-DES-ETRES-HUMAINS-_67_\u00a9-E.-ROSET-1024x683.jpg 1024w, https:\/\/csp.ch\/wp-content\/uploads\/sites\/5\/2025\/11\/EVENEMENT-TRAITE-DES-ETRES-HUMAINS-_67_\u00a9-E.-ROSET-300x200.jpg 300w, https:\/\/csp.ch\/wp-content\/uploads\/sites\/5\/2025\/11\/EVENEMENT-TRAITE-DES-ETRES-HUMAINS-_67_\u00a9-E.-ROSET-768x512.jpg 768w, https:\/\/csp.ch\/wp-content\/uploads\/sites\/5\/2025\/11\/EVENEMENT-TRAITE-DES-ETRES-HUMAINS-_67_\u00a9-E.-ROSET-600x400.jpg 600w, https:\/\/csp.ch\/wp-content\/uploads\/sites\/5\/2025\/11\/EVENEMENT-TRAITE-DES-ETRES-HUMAINS-_67_\u00a9-E.-ROSET-332x221.jpg 332w, https:\/\/csp.ch\/wp-content\/uploads\/sites\/5\/2025\/11\/EVENEMENT-TRAITE-DES-ETRES-HUMAINS-_67_\u00a9-E.-ROSET-740x493.jpg 740w, https:\/\/csp.ch\/wp-content\/uploads\/sites\/5\/2025\/11\/EVENEMENT-TRAITE-DES-ETRES-HUMAINS-_67_\u00a9-E.-ROSET.jpg 1500w\" sizes=\"auto, (max-width: 1024px) 100vw, 1024px\" \/><\/a>\n\t\t\t<\/div>\n\t\t\t\t<figcaption class='wp-caption-text gallery-caption' id='gallery-1-29603'>\n\t\t\t\tEchange anim\u00e9 par Anne-Fr\u00e9d\u00e9rique Widmann avec les 3 avocates du Service d&rsquo;assistance aux victimes du CSP Gen\u00e8ve\n\t\t\t\t<\/figcaption><\/figure><figure class='gallery-item'>\n\t\t\t<div class='gallery-icon landscape'>\n\t\t\t\t<a href='https:\/\/csp.ch\/geneve\/evenement-traite-des-etres-humains-_54_-e-roset\/'><img loading=\"lazy\" decoding=\"async\" width=\"1024\" height=\"683\" src=\"https:\/\/csp.ch\/wp-content\/uploads\/sites\/5\/2025\/11\/EVENEMENT-TRAITE-DES-ETRES-HUMAINS-_54_\u00a9-E.-ROSET-1024x683.jpg\" class=\"attachment-large size-large\" alt=\"\" aria-describedby=\"gallery-1-29602\" srcset=\"https:\/\/csp.ch\/wp-content\/uploads\/sites\/5\/2025\/11\/EVENEMENT-TRAITE-DES-ETRES-HUMAINS-_54_\u00a9-E.-ROSET-1024x683.jpg 1024w, https:\/\/csp.ch\/wp-content\/uploads\/sites\/5\/2025\/11\/EVENEMENT-TRAITE-DES-ETRES-HUMAINS-_54_\u00a9-E.-ROSET-300x200.jpg 300w, https:\/\/csp.ch\/wp-content\/uploads\/sites\/5\/2025\/11\/EVENEMENT-TRAITE-DES-ETRES-HUMAINS-_54_\u00a9-E.-ROSET-768x512.jpg 768w, https:\/\/csp.ch\/wp-content\/uploads\/sites\/5\/2025\/11\/EVENEMENT-TRAITE-DES-ETRES-HUMAINS-_54_\u00a9-E.-ROSET-600x400.jpg 600w, https:\/\/csp.ch\/wp-content\/uploads\/sites\/5\/2025\/11\/EVENEMENT-TRAITE-DES-ETRES-HUMAINS-_54_\u00a9-E.-ROSET-332x221.jpg 332w, https:\/\/csp.ch\/wp-content\/uploads\/sites\/5\/2025\/11\/EVENEMENT-TRAITE-DES-ETRES-HUMAINS-_54_\u00a9-E.-ROSET-740x493.jpg 740w, https:\/\/csp.ch\/wp-content\/uploads\/sites\/5\/2025\/11\/EVENEMENT-TRAITE-DES-ETRES-HUMAINS-_54_\u00a9-E.-ROSET.jpg 1500w\" sizes=\"auto, (max-width: 1024px) 100vw, 1024px\" \/><\/a>\n\t\t\t<\/div>\n\t\t\t\t<figcaption class='wp-caption-text gallery-caption' id='gallery-1-29602'>\n\t\t\t\tEchange anim\u00e9 par Anne-Fr\u00e9d\u00e9rique Widmann avec les 3 avocates du Service d&rsquo;assistance aux victimesdu CSP Gen\u00e8ve\n\t\t\t\t<\/figcaption><\/figure><figure class='gallery-item'>\n\t\t\t<div class='gallery-icon landscape'>\n\t\t\t\t<a href='https:\/\/csp.ch\/geneve\/evenement-traite-des-etres-humains-_74_-e-roset\/'><img loading=\"lazy\" decoding=\"async\" width=\"1024\" height=\"683\" src=\"https:\/\/csp.ch\/wp-content\/uploads\/sites\/5\/2025\/11\/EVENEMENT-TRAITE-DES-ETRES-HUMAINS-_74_\u00a9-E.-ROSET-1024x683.jpg\" class=\"attachment-large size-large\" alt=\"\" aria-describedby=\"gallery-1-29605\" srcset=\"https:\/\/csp.ch\/wp-content\/uploads\/sites\/5\/2025\/11\/EVENEMENT-TRAITE-DES-ETRES-HUMAINS-_74_\u00a9-E.-ROSET-1024x683.jpg 1024w, https:\/\/csp.ch\/wp-content\/uploads\/sites\/5\/2025\/11\/EVENEMENT-TRAITE-DES-ETRES-HUMAINS-_74_\u00a9-E.-ROSET-300x200.jpg 300w, https:\/\/csp.ch\/wp-content\/uploads\/sites\/5\/2025\/11\/EVENEMENT-TRAITE-DES-ETRES-HUMAINS-_74_\u00a9-E.-ROSET-768x512.jpg 768w, https:\/\/csp.ch\/wp-content\/uploads\/sites\/5\/2025\/11\/EVENEMENT-TRAITE-DES-ETRES-HUMAINS-_74_\u00a9-E.-ROSET-600x400.jpg 600w, https:\/\/csp.ch\/wp-content\/uploads\/sites\/5\/2025\/11\/EVENEMENT-TRAITE-DES-ETRES-HUMAINS-_74_\u00a9-E.-ROSET-332x221.jpg 332w, https:\/\/csp.ch\/wp-content\/uploads\/sites\/5\/2025\/11\/EVENEMENT-TRAITE-DES-ETRES-HUMAINS-_74_\u00a9-E.-ROSET-740x493.jpg 740w, https:\/\/csp.ch\/wp-content\/uploads\/sites\/5\/2025\/11\/EVENEMENT-TRAITE-DES-ETRES-HUMAINS-_74_\u00a9-E.-ROSET.jpg 1500w\" sizes=\"auto, (max-width: 1024px) 100vw, 1024px\" \/><\/a>\n\t\t\t<\/div>\n\t\t\t\t<figcaption class='wp-caption-text gallery-caption' id='gallery-1-29605'>\n\t\t\t\tEchange anim\u00e9 par Anne-Fr\u00e9d\u00e9rique Widmann avec les 3 avocates du Service d&rsquo;assistance aux victimes du CSP Gen\u00e8ve\n\t\t\t\t<\/figcaption><\/figure><figure class='gallery-item'>\n\t\t\t<div class='gallery-icon landscape'>\n\t\t\t\t<a href='https:\/\/csp.ch\/geneve\/evenement-traite-des-etres-humains-_84_-e-roset\/'><img loading=\"lazy\" decoding=\"async\" width=\"1024\" height=\"683\" src=\"https:\/\/csp.ch\/wp-content\/uploads\/sites\/5\/2025\/11\/EVENEMENT-TRAITE-DES-ETRES-HUMAINS-_84_\u00a9-E.-ROSET-1024x683.jpg\" class=\"attachment-large size-large\" alt=\"\" aria-describedby=\"gallery-1-29607\" srcset=\"https:\/\/csp.ch\/wp-content\/uploads\/sites\/5\/2025\/11\/EVENEMENT-TRAITE-DES-ETRES-HUMAINS-_84_\u00a9-E.-ROSET-1024x683.jpg 1024w, https:\/\/csp.ch\/wp-content\/uploads\/sites\/5\/2025\/11\/EVENEMENT-TRAITE-DES-ETRES-HUMAINS-_84_\u00a9-E.-ROSET-300x200.jpg 300w, https:\/\/csp.ch\/wp-content\/uploads\/sites\/5\/2025\/11\/EVENEMENT-TRAITE-DES-ETRES-HUMAINS-_84_\u00a9-E.-ROSET-768x512.jpg 768w, https:\/\/csp.ch\/wp-content\/uploads\/sites\/5\/2025\/11\/EVENEMENT-TRAITE-DES-ETRES-HUMAINS-_84_\u00a9-E.-ROSET-600x400.jpg 600w, https:\/\/csp.ch\/wp-content\/uploads\/sites\/5\/2025\/11\/EVENEMENT-TRAITE-DES-ETRES-HUMAINS-_84_\u00a9-E.-ROSET-332x221.jpg 332w, https:\/\/csp.ch\/wp-content\/uploads\/sites\/5\/2025\/11\/EVENEMENT-TRAITE-DES-ETRES-HUMAINS-_84_\u00a9-E.-ROSET-740x493.jpg 740w, https:\/\/csp.ch\/wp-content\/uploads\/sites\/5\/2025\/11\/EVENEMENT-TRAITE-DES-ETRES-HUMAINS-_84_\u00a9-E.-ROSET.jpg 1500w\" sizes=\"auto, (max-width: 1024px) 100vw, 1024px\" \/><\/a>\n\t\t\t<\/div>\n\t\t\t\t<figcaption class='wp-caption-text gallery-caption' id='gallery-1-29607'>\n\t\t\t\tEchange anim\u00e9 par Anne-Fr\u00e9d\u00e9rique Widmann avec une personne suivie par le Service d&rsquo;assistance aux victimes du CSP Gen\u00e8ve\n\t\t\t\t<\/figcaption><\/figure><figure class='gallery-item'>\n\t\t\t<div class='gallery-icon landscape'>\n\t\t\t\t<a href='https:\/\/csp.ch\/geneve\/evenement-traite-des-etres-humains-_114_-e-roset\/'><img loading=\"lazy\" decoding=\"async\" width=\"1024\" height=\"683\" src=\"https:\/\/csp.ch\/wp-content\/uploads\/sites\/5\/2025\/11\/EVENEMENT-TRAITE-DES-ETRES-HUMAINS-_114_\u00a9-E.-ROSET-1024x683.jpg\" class=\"attachment-large size-large\" alt=\"\" aria-describedby=\"gallery-1-29614\" srcset=\"https:\/\/csp.ch\/wp-content\/uploads\/sites\/5\/2025\/11\/EVENEMENT-TRAITE-DES-ETRES-HUMAINS-_114_\u00a9-E.-ROSET-1024x683.jpg 1024w, https:\/\/csp.ch\/wp-content\/uploads\/sites\/5\/2025\/11\/EVENEMENT-TRAITE-DES-ETRES-HUMAINS-_114_\u00a9-E.-ROSET-300x200.jpg 300w, https:\/\/csp.ch\/wp-content\/uploads\/sites\/5\/2025\/11\/EVENEMENT-TRAITE-DES-ETRES-HUMAINS-_114_\u00a9-E.-ROSET-768x512.jpg 768w, https:\/\/csp.ch\/wp-content\/uploads\/sites\/5\/2025\/11\/EVENEMENT-TRAITE-DES-ETRES-HUMAINS-_114_\u00a9-E.-ROSET-600x400.jpg 600w, https:\/\/csp.ch\/wp-content\/uploads\/sites\/5\/2025\/11\/EVENEMENT-TRAITE-DES-ETRES-HUMAINS-_114_\u00a9-E.-ROSET-332x221.jpg 332w, https:\/\/csp.ch\/wp-content\/uploads\/sites\/5\/2025\/11\/EVENEMENT-TRAITE-DES-ETRES-HUMAINS-_114_\u00a9-E.-ROSET-740x493.jpg 740w, https:\/\/csp.ch\/wp-content\/uploads\/sites\/5\/2025\/11\/EVENEMENT-TRAITE-DES-ETRES-HUMAINS-_114_\u00a9-E.-ROSET.jpg 1500w\" sizes=\"auto, (max-width: 1024px) 100vw, 1024px\" \/><\/a>\n\t\t\t<\/div>\n\t\t\t\t<figcaption class='wp-caption-text gallery-caption' id='gallery-1-29614'>\n\t\t\t\tL&rsquo;\u00e9quipe au complet du Service d&rsquo;assistance aux victimes de traite du CSP Gen\u00e8ve\n\t\t\t\t<\/figcaption><\/figure><figure class='gallery-item'>\n\t\t\t<div class='gallery-icon landscape'>\n\t\t\t\t<a href='https:\/\/csp.ch\/geneve\/evenement-traite-des-etres-humains-_97_-e-roset\/'><img loading=\"lazy\" decoding=\"async\" width=\"1024\" height=\"683\" src=\"https:\/\/csp.ch\/wp-content\/uploads\/sites\/5\/2025\/11\/EVENEMENT-TRAITE-DES-ETRES-HUMAINS-_97_\u00a9-E.-ROSET-1024x683.jpg\" class=\"attachment-large size-large\" alt=\"\" aria-describedby=\"gallery-1-29611\" srcset=\"https:\/\/csp.ch\/wp-content\/uploads\/sites\/5\/2025\/11\/EVENEMENT-TRAITE-DES-ETRES-HUMAINS-_97_\u00a9-E.-ROSET-1024x683.jpg 1024w, https:\/\/csp.ch\/wp-content\/uploads\/sites\/5\/2025\/11\/EVENEMENT-TRAITE-DES-ETRES-HUMAINS-_97_\u00a9-E.-ROSET-300x200.jpg 300w, https:\/\/csp.ch\/wp-content\/uploads\/sites\/5\/2025\/11\/EVENEMENT-TRAITE-DES-ETRES-HUMAINS-_97_\u00a9-E.-ROSET-768x512.jpg 768w, https:\/\/csp.ch\/wp-content\/uploads\/sites\/5\/2025\/11\/EVENEMENT-TRAITE-DES-ETRES-HUMAINS-_97_\u00a9-E.-ROSET-600x400.jpg 600w, https:\/\/csp.ch\/wp-content\/uploads\/sites\/5\/2025\/11\/EVENEMENT-TRAITE-DES-ETRES-HUMAINS-_97_\u00a9-E.-ROSET-332x221.jpg 332w, https:\/\/csp.ch\/wp-content\/uploads\/sites\/5\/2025\/11\/EVENEMENT-TRAITE-DES-ETRES-HUMAINS-_97_\u00a9-E.-ROSET-740x493.jpg 740w, https:\/\/csp.ch\/wp-content\/uploads\/sites\/5\/2025\/11\/EVENEMENT-TRAITE-DES-ETRES-HUMAINS-_97_\u00a9-E.-ROSET.jpg 1500w\" sizes=\"auto, (max-width: 1024px) 100vw, 1024px\" \/><\/a>\n\t\t\t<\/div>\n\t\t\t\t<figcaption class='wp-caption-text gallery-caption' id='gallery-1-29611'>\n\t\t\t\tDe gauche \u00e0 droite: Elisabeth Tripod Fatio, pr\u00e9sidente du CSP Gen\u00e8ve, Carole-Anne Kast, conseill\u00e8re d&rsquo;Etat en charge du DIN, Alain Bolle, directeur du CSP Gen\u00e8ve\n\t\t\t\t<\/figcaption><\/figure>\n\t\t<\/div>\n\n","protected":false},"excerpt":{"rendered":"<p>Fort d&rsquo;une \u00e9quipe de trois avocates et d&rsquo;une assistante sociale sp\u00e9cialis\u00e9es, le CSP Gen\u00e8ve s&rsquo;engage depuis plus de dix ans dans la lutte contre la traite des \u00eatres humains et la protection des personnes qui en sont victimes. Le 13 novembre 2025, quelque 200 invit\u00e9\u00b7es \u00e9taient r\u00e9uni\u00b7es \u00e0 Gen\u00e8ve pour partager les expertises des professionnel\u00b7les, [&hellip;]<\/p>\n","protected":false},"author":12,"featured_media":29594,"comment_status":"closed","ping_status":"closed","sticky":false,"template":"","format":"standard","meta":{"_acf_changed":false,"footnotes":""},"categories":[47],"tags":[],"class_list":["post-29538","post","type-post","status-publish","format-standard","has-post-thumbnail","hentry","category-traite-des-etres-humains"],"acf":[],"yoast_head":"<!-- This site is optimized with the Yoast SEO plugin v27.1.1 - https:\/\/yoast.com\/product\/yoast-seo-wordpress\/ -->\n<title>Une soir\u00e9e pour sensibiliser sur la traite \u00e0 Gen\u00e8ve - CSP Gen\u00e8ve<\/title>\n<meta name=\"description\" content=\"Une soir\u00e9e du CSP Gen\u00e8ve haute en \u00e9motion et en expertise, le 13 novembre 2025, sur la traite des \u00eatres humains\" \/>\n<meta name=\"robots\" content=\"index, follow, max-snippet:-1, max-image-preview:large, max-video-preview:-1\" \/>\n<link rel=\"canonical\" href=\"https:\/\/csp.ch\/geneve\/une-soiree-pour-sensibiliser-sur-la-traite-a-geneve\/\" \/>\n<meta property=\"og:locale\" content=\"fr_FR\" \/>\n<meta property=\"og:type\" content=\"article\" \/>\n<meta property=\"og:title\" content=\"Une soir\u00e9e pour sensibiliser sur la traite \u00e0 Gen\u00e8ve - CSP Gen\u00e8ve\" \/>\n<meta property=\"og:description\" content=\"Une soir\u00e9e du CSP Gen\u00e8ve haute en \u00e9motion et en expertise, le 13 novembre 2025, sur la traite des \u00eatres humains\" \/>\n<meta property=\"og:url\" content=\"https:\/\/csp.ch\/geneve\/une-soiree-pour-sensibiliser-sur-la-traite-a-geneve\/\" \/>\n<meta property=\"og:site_name\" content=\"CSP Gen\u00e8ve\" \/>\n<meta property=\"article:published_time\" content=\"2025-11-14T11:17:00+00:00\" \/>\n<meta property=\"article:modified_time\" content=\"2025-11-17T15:31:00+00:00\" \/>\n<meta property=\"og:image\" content=\"https:\/\/csp.ch\/wp-content\/uploads\/sites\/5\/2025\/11\/EVENEMENT-TRAITE-DES-ETRES-HUMAINS-_47_\u00a9-E.-ROSET-scaled.jpg\" \/>\n\t<meta property=\"og:image:width\" content=\"2560\" \/>\n\t<meta property=\"og:image:height\" content=\"1706\" \/>\n\t<meta property=\"og:image:type\" content=\"image\/jpeg\" \/>\n<meta name=\"author\" content=\"cfluckiger\" \/>\n<meta name=\"twitter:card\" content=\"summary_large_image\" \/>\n<meta name=\"twitter:label1\" content=\"\u00c9crit par\" \/>\n\t<meta name=\"twitter:data1\" content=\"cfluckiger\" \/>\n\t<meta name=\"twitter:label2\" content=\"Dur\u00e9e de lecture estim\u00e9e\" \/>\n\t<meta name=\"twitter:data2\" content=\"2 minutes\" \/>\n<script type=\"application\/ld+json\" class=\"yoast-schema-graph\">{\"@context\":\"https:\/\/schema.org\",\"@graph\":[{\"@type\":\"Article\",\"@id\":\"https:\/\/csp.ch\/geneve\/une-soiree-pour-sensibiliser-sur-la-traite-a-geneve\/#article\",\"isPartOf\":{\"@id\":\"https:\/\/csp.ch\/geneve\/une-soiree-pour-sensibiliser-sur-la-traite-a-geneve\/\"},\"author\":{\"name\":\"cfluckiger\",\"@id\":\"https:\/\/csp.ch\/geneve\/#\/schema\/person\/b1068a28034d6bbcbc3ece74beda2d8b\"},\"headline\":\"Une soir\u00e9e pour sensibiliser sur la traite \u00e0 Gen\u00e8ve\",\"datePublished\":\"2025-11-14T11:17:00+00:00\",\"dateModified\":\"2025-11-17T15:31:00+00:00\",\"mainEntityOfPage\":{\"@id\":\"https:\/\/csp.ch\/geneve\/une-soiree-pour-sensibiliser-sur-la-traite-a-geneve\/\"},\"wordCount\":345,\"image\":{\"@id\":\"https:\/\/csp.ch\/geneve\/une-soiree-pour-sensibiliser-sur-la-traite-a-geneve\/#primaryimage\"},\"thumbnailUrl\":\"https:\/\/csp.ch\/wp-content\/uploads\/sites\/5\/2025\/11\/EVENEMENT-TRAITE-DES-ETRES-HUMAINS-_47_\u00a9-E.-ROSET-scaled.jpg\",\"articleSection\":[\"Traite des \u00eatres humains\"],\"inLanguage\":\"fr-FR\"},{\"@type\":\"WebPage\",\"@id\":\"https:\/\/csp.ch\/geneve\/une-soiree-pour-sensibiliser-sur-la-traite-a-geneve\/\",\"url\":\"https:\/\/csp.ch\/geneve\/une-soiree-pour-sensibiliser-sur-la-traite-a-geneve\/\",\"name\":\"Une soir\u00e9e pour sensibiliser sur la traite \u00e0 Gen\u00e8ve - CSP Gen\u00e8ve\",\"isPartOf\":{\"@id\":\"https:\/\/csp.ch\/geneve\/#website\"},\"primaryImageOfPage\":{\"@id\":\"https:\/\/csp.ch\/geneve\/une-soiree-pour-sensibiliser-sur-la-traite-a-geneve\/#primaryimage\"},\"image\":{\"@id\":\"https:\/\/csp.ch\/geneve\/une-soiree-pour-sensibiliser-sur-la-traite-a-geneve\/#primaryimage\"},\"thumbnailUrl\":\"https:\/\/csp.ch\/wp-content\/uploads\/sites\/5\/2025\/11\/EVENEMENT-TRAITE-DES-ETRES-HUMAINS-_47_\u00a9-E.-ROSET-scaled.jpg\",\"datePublished\":\"2025-11-14T11:17:00+00:00\",\"dateModified\":\"2025-11-17T15:31:00+00:00\",\"author\":{\"@id\":\"https:\/\/csp.ch\/geneve\/#\/schema\/person\/b1068a28034d6bbcbc3ece74beda2d8b\"},\"description\":\"Une soir\u00e9e du CSP Gen\u00e8ve haute en \u00e9motion et en expertise, le 13 novembre 2025, sur la traite des \u00eatres humains\",\"breadcrumb\":{\"@id\":\"https:\/\/csp.ch\/geneve\/une-soiree-pour-sensibiliser-sur-la-traite-a-geneve\/#breadcrumb\"},\"inLanguage\":\"fr-FR\",\"potentialAction\":[{\"@type\":\"ReadAction\",\"target\":[\"https:\/\/csp.ch\/geneve\/une-soiree-pour-sensibiliser-sur-la-traite-a-geneve\/\"]}]},{\"@type\":\"ImageObject\",\"inLanguage\":\"fr-FR\",\"@id\":\"https:\/\/csp.ch\/geneve\/une-soiree-pour-sensibiliser-sur-la-traite-a-geneve\/#primaryimage\",\"url\":\"https:\/\/csp.ch\/wp-content\/uploads\/sites\/5\/2025\/11\/EVENEMENT-TRAITE-DES-ETRES-HUMAINS-_47_\u00a9-E.-ROSET-scaled.jpg\",\"contentUrl\":\"https:\/\/csp.ch\/wp-content\/uploads\/sites\/5\/2025\/11\/EVENEMENT-TRAITE-DES-ETRES-HUMAINS-_47_\u00a9-E.-ROSET-scaled.jpg\",\"width\":2560,\"height\":1706},{\"@type\":\"BreadcrumbList\",\"@id\":\"https:\/\/csp.ch\/geneve\/une-soiree-pour-sensibiliser-sur-la-traite-a-geneve\/#breadcrumb\",\"itemListElement\":[{\"@type\":\"ListItem\",\"position\":1,\"name\":\"Accueil\",\"item\":\"https:\/\/csp.ch\/geneve\/\"},{\"@type\":\"ListItem\",\"position\":2,\"name\":\"Une soir\u00e9e pour sensibiliser sur la traite \u00e0 Gen\u00e8ve\"}]},{\"@type\":\"WebSite\",\"@id\":\"https:\/\/csp.ch\/geneve\/#website\",\"url\":\"https:\/\/csp.ch\/geneve\/\",\"name\":\"CSP Gen\u00e8ve\",\"description\":\"\",\"potentialAction\":[{\"@type\":\"SearchAction\",\"target\":{\"@type\":\"EntryPoint\",\"urlTemplate\":\"https:\/\/csp.ch\/geneve\/?s={search_term_string}\"},\"query-input\":{\"@type\":\"PropertyValueSpecification\",\"valueRequired\":true,\"valueName\":\"search_term_string\"}}],\"inLanguage\":\"fr-FR\"},{\"@type\":\"Person\",\"@id\":\"https:\/\/csp.ch\/geneve\/#\/schema\/person\/b1068a28034d6bbcbc3ece74beda2d8b\",\"name\":\"cfluckiger\",\"image\":{\"@type\":\"ImageObject\",\"inLanguage\":\"fr-FR\",\"@id\":\"https:\/\/csp.ch\/geneve\/#\/schema\/person\/image\/\",\"url\":\"https:\/\/secure.gravatar.com\/avatar\/4a15eb964f996a19908f93512f9db569a54b04a75162bb7afa710250c1da52f7?s=96&d=mm&r=g\",\"contentUrl\":\"https:\/\/secure.gravatar.com\/avatar\/4a15eb964f996a19908f93512f9db569a54b04a75162bb7afa710250c1da52f7?s=96&d=mm&r=g\",\"caption\":\"cfluckiger\"},\"url\":\"https:\/\/csp.ch\/geneve\/author\/cfluckiger\/\"}]}<\/script>\n<!-- \/ Yoast SEO plugin. -->","yoast_head_json":{"title":"Une soir\u00e9e pour sensibiliser sur la traite \u00e0 Gen\u00e8ve - CSP Gen\u00e8ve","description":"Une soir\u00e9e du CSP Gen\u00e8ve haute en \u00e9motion et en expertise, le 13 novembre 2025, sur la traite des \u00eatres humains","robots":{"index":"index","follow":"follow","max-snippet":"max-snippet:-1","max-image-preview":"max-image-preview:large","max-video-preview":"max-video-preview:-1"},"canonical":"https:\/\/csp.ch\/geneve\/une-soiree-pour-sensibiliser-sur-la-traite-a-geneve\/","og_locale":"fr_FR","og_type":"article","og_title":"Une soir\u00e9e pour sensibiliser sur la traite \u00e0 Gen\u00e8ve - CSP Gen\u00e8ve","og_description":"Une soir\u00e9e du CSP Gen\u00e8ve haute en \u00e9motion et en expertise, le 13 novembre 2025, sur la traite des \u00eatres humains","og_url":"https:\/\/csp.ch\/geneve\/une-soiree-pour-sensibiliser-sur-la-traite-a-geneve\/","og_site_name":"CSP Gen\u00e8ve","article_published_time":"2025-11-14T11:17:00+00:00","article_modified_time":"2025-11-17T15:31:00+00:00","og_image":[{"width":2560,"height":1706,"url":"https:\/\/csp.ch\/wp-content\/uploads\/sites\/5\/2025\/11\/EVENEMENT-TRAITE-DES-ETRES-HUMAINS-_47_\u00a9-E.-ROSET-scaled.jpg","type":"image\/jpeg"}],"author":"cfluckiger","twitter_card":"summary_large_image","twitter_misc":{"\u00c9crit par":"cfluckiger","Dur\u00e9e de lecture estim\u00e9e":"2 minutes"},"schema":{"@context":"https:\/\/schema.org","@graph":[{"@type":"Article","@id":"https:\/\/csp.ch\/geneve\/une-soiree-pour-sensibiliser-sur-la-traite-a-geneve\/#article","isPartOf":{"@id":"https:\/\/csp.ch\/geneve\/une-soiree-pour-sensibiliser-sur-la-traite-a-geneve\/"},"author":{"name":"cfluckiger","@id":"https:\/\/csp.ch\/geneve\/#\/schema\/person\/b1068a28034d6bbcbc3ece74beda2d8b"},"headline":"Une soir\u00e9e pour sensibiliser sur la traite \u00e0 Gen\u00e8ve","datePublished":"2025-11-14T11:17:00+00:00","dateModified":"2025-11-17T15:31:00+00:00","mainEntityOfPage":{"@id":"https:\/\/csp.ch\/geneve\/une-soiree-pour-sensibiliser-sur-la-traite-a-geneve\/"},"wordCount":345,"image":{"@id":"https:\/\/csp.ch\/geneve\/une-soiree-pour-sensibiliser-sur-la-traite-a-geneve\/#primaryimage"},"thumbnailUrl":"https:\/\/csp.ch\/wp-content\/uploads\/sites\/5\/2025\/11\/EVENEMENT-TRAITE-DES-ETRES-HUMAINS-_47_\u00a9-E.-ROSET-scaled.jpg","articleSection":["Traite des \u00eatres humains"],"inLanguage":"fr-FR"},{"@type":"WebPage","@id":"https:\/\/csp.ch\/geneve\/une-soiree-pour-sensibiliser-sur-la-traite-a-geneve\/","url":"https:\/\/csp.ch\/geneve\/une-soiree-pour-sensibiliser-sur-la-traite-a-geneve\/","name":"Une soir\u00e9e pour sensibiliser sur la traite \u00e0 Gen\u00e8ve - CSP Gen\u00e8ve","isPartOf":{"@id":"https:\/\/csp.ch\/geneve\/#website"},"primaryImageOfPage":{"@id":"https:\/\/csp.ch\/geneve\/une-soiree-pour-sensibiliser-sur-la-traite-a-geneve\/#primaryimage"},"image":{"@id":"https:\/\/csp.ch\/geneve\/une-soiree-pour-sensibiliser-sur-la-traite-a-geneve\/#primaryimage"},"thumbnailUrl":"https:\/\/csp.ch\/wp-content\/uploads\/sites\/5\/2025\/11\/EVENEMENT-TRAITE-DES-ETRES-HUMAINS-_47_\u00a9-E.-ROSET-scaled.jpg","datePublished":"2025-11-14T11:17:00+00:00","dateModified":"2025-11-17T15:31:00+00:00","author":{"@id":"https:\/\/csp.ch\/geneve\/#\/schema\/person\/b1068a28034d6bbcbc3ece74beda2d8b"},"description":"Une soir\u00e9e du CSP Gen\u00e8ve haute en \u00e9motion et en expertise, le 13 novembre 2025, sur la traite des \u00eatres humains","breadcrumb":{"@id":"https:\/\/csp.ch\/geneve\/une-soiree-pour-sensibiliser-sur-la-traite-a-geneve\/#breadcrumb"},"inLanguage":"fr-FR","potentialAction":[{"@type":"ReadAction","target":["https:\/\/csp.ch\/geneve\/une-soiree-pour-sensibiliser-sur-la-traite-a-geneve\/"]}]},{"@type":"ImageObject","inLanguage":"fr-FR","@id":"https:\/\/csp.ch\/geneve\/une-soiree-pour-sensibiliser-sur-la-traite-a-geneve\/#primaryimage","url":"https:\/\/csp.ch\/wp-content\/uploads\/sites\/5\/2025\/11\/EVENEMENT-TRAITE-DES-ETRES-HUMAINS-_47_\u00a9-E.-ROSET-scaled.jpg","contentUrl":"https:\/\/csp.ch\/wp-content\/uploads\/sites\/5\/2025\/11\/EVENEMENT-TRAITE-DES-ETRES-HUMAINS-_47_\u00a9-E.-ROSET-scaled.jpg","width":2560,"height":1706},{"@type":"BreadcrumbList","@id":"https:\/\/csp.ch\/geneve\/une-soiree-pour-sensibiliser-sur-la-traite-a-geneve\/#breadcrumb","itemListElement":[{"@type":"ListItem","position":1,"name":"Accueil","item":"https:\/\/csp.ch\/geneve\/"},{"@type":"ListItem","position":2,"name":"Une soir\u00e9e pour sensibiliser sur la traite \u00e0 Gen\u00e8ve"}]},{"@type":"WebSite","@id":"https:\/\/csp.ch\/geneve\/#website","url":"https:\/\/csp.ch\/geneve\/","name":"CSP Gen\u00e8ve","description":"","potentialAction":[{"@type":"SearchAction","target":{"@type":"EntryPoint","urlTemplate":"https:\/\/csp.ch\/geneve\/?s={search_term_string}"},"query-input":{"@type":"PropertyValueSpecification","valueRequired":true,"valueName":"search_term_string"}}],"inLanguage":"fr-FR"},{"@type":"Person","@id":"https:\/\/csp.ch\/geneve\/#\/schema\/person\/b1068a28034d6bbcbc3ece74beda2d8b","name":"cfluckiger","image":{"@type":"ImageObject","inLanguage":"fr-FR","@id":"https:\/\/csp.ch\/geneve\/#\/schema\/person\/image\/","url":"https:\/\/secure.gravatar.com\/avatar\/4a15eb964f996a19908f93512f9db569a54b04a75162bb7afa710250c1da52f7?s=96&d=mm&r=g","contentUrl":"https:\/\/secure.gravatar.com\/avatar\/4a15eb964f996a19908f93512f9db569a54b04a75162bb7afa710250c1da52f7?s=96&d=mm&r=g","caption":"cfluckiger"},"url":"https:\/\/csp.ch\/geneve\/author\/cfluckiger\/"}]}},"_links":{"self":[{"href":"https:\/\/csp.ch\/geneve\/wp-json\/wp\/v2\/posts\/29538","targetHints":{"allow":["GET"]}}],"collection":[{"href":"https:\/\/csp.ch\/geneve\/wp-json\/wp\/v2\/posts"}],"about":[{"href":"https:\/\/csp.ch\/geneve\/wp-json\/wp\/v2\/types\/post"}],"author":[{"embeddable":true,"href":"https:\/\/csp.ch\/geneve\/wp-json\/wp\/v2\/users\/12"}],"replies":[{"embeddable":true,"href":"https:\/\/csp.ch\/geneve\/wp-json\/wp\/v2\/comments?post=29538"}],"version-history":[{"count":3,"href":"https:\/\/csp.ch\/geneve\/wp-json\/wp\/v2\/posts\/29538\/revisions"}],"predecessor-version":[{"id":29634,"href":"https:\/\/csp.ch\/geneve\/wp-json\/wp\/v2\/posts\/29538\/revisions\/29634"}],"wp:featuredmedia":[{"embeddable":true,"href":"https:\/\/csp.ch\/geneve\/wp-json\/wp\/v2\/media\/29594"}],"wp:attachment":[{"href":"https:\/\/csp.ch\/geneve\/wp-json\/wp\/v2\/media?parent=29538"}],"wp:term":[{"taxonomy":"category","embeddable":true,"href":"https:\/\/csp.ch\/geneve\/wp-json\/wp\/v2\/categories?post=29538"},{"taxonomy":"post_tag","embeddable":true,"href":"https:\/\/csp.ch\/geneve\/wp-json\/wp\/v2\/tags?post=29538"}],"curies":[{"name":"wp","href":"https:\/\/api.w.org\/{rel}","templated":true}]}}