{"id":26941,"date":"2025-09-22T14:02:38","date_gmt":"2025-09-22T12:02:38","guid":{"rendered":"https:\/\/csp.ch\/geneve\/?p=26941"},"modified":"2025-09-30T13:10:09","modified_gmt":"2025-09-30T11:10:09","slug":"surendettement-une-revision-attendue-de-la-loi-sur-les-poursuites-2","status":"publish","type":"post","link":"https:\/\/csp.ch\/geneve\/surendettement-une-revision-attendue-de-la-loi-sur-les-poursuites-2\/","title":{"rendered":"Surendettement : une r\u00e9vision attendue de la Loi sur les poursuites"},"content":{"rendered":"<div class=\"wpb-content-wrapper\"><p>[vc_row][vc_column][vc_column_text css=\u00a0\u00bb\u00a0\u00bb]Le Conseil national d\u00e9battra de la r\u00e9vision de la loi sur la poursuite pour dettes et faillite (LP) lors de sa session de d\u00e9cembre 2025.<br data-start=\"365\" data-end=\"368\" \/>Les CSP de Suisse romande appellent \u00e0 soutenir sans r\u00e9serve ce projet du Conseil f\u00e9d\u00e9ral.<\/p>\n<p>Dans cette courte interview,\u00a0 R\u00e9my Kammermann, juriste au CSP Gen\u00e8ve, r\u00e9pond \u00e0 trois questions cl\u00e9s:<\/p>\n<ul>\n<li data-start=\"1065\" data-end=\"1087\">\n<p data-start=\"1067\" data-end=\"1087\">Qui est concern\u00e9 ?<\/p>\n<\/li>\n<li data-start=\"1088\" data-end=\"1142\">\n<p data-start=\"1090\" data-end=\"1142\">Qu\u2019est-ce qui emp\u00eache aujourd\u2019hui de s\u2019en sortir ?<\/p>\n<\/li>\n<li data-start=\"1143\" data-end=\"1184\">\n<p data-start=\"1145\" data-end=\"1184\">Quelle solution propose la r\u00e9vision ?<\/p>\n<\/li>\n<\/ul>\n<p>[\/vc_column_text][vc_video link=\u00a0\u00bbhttps:\/\/www.youtube.com\/watch?v=Hky6EqtROqM\u00a0\u00bb align=\u00a0\u00bbcenter\u00a0\u00bb css=\u00a0\u00bb\u00a0\u00bb][vc_column_text css=\u00a0\u00bb\u00a0\u00bb]<\/p>\n<p data-start=\"585\" data-end=\"900\">Aujourd\u2019hui, la Suisse est l\u2019un des rares pays d\u2019Europe \u00e0 ne pas offrir aux personnes priv\u00e9es surendett\u00e9es une v\u00e9ritable voie de sortie. R\u00e9sultat : des milliers de m\u00e9nages restent prisonniers de dettes impossibles \u00e0 rembourser, au d\u00e9triment de leur sant\u00e9, de leur vie sociale et de leur insertion professionnelle.<\/p>\n<p data-start=\"902\" data-end=\"1231\">Le projet de r\u00e9vision introduit une proc\u00e9dure in\u00e9dite d\u2019assainissement sur trois ans : les personnes qui remplissent les conditions pourront stabiliser leur budget et, au terme de la p\u00e9riode, \u00eatre lib\u00e9r\u00e9es du solde de leurs dettes.<\/p>\n<p data-start=\"902\" data-end=\"1231\">Pour approfondir le sujet : <a href=\"https:\/\/csp.ch\/geneve\/surendettement-pour-une-politique-de-la-seconde-chance\/\">Surendettement: pour une politique de la seconde chance &#8211; CSP Gen\u00e8ve<\/a><\/p>\n<p>[\/vc_column_text][\/vc_column][\/vc_row]<\/p>\n<\/div>","protected":false},"excerpt":{"rendered":"<p>[vc_row][vc_column][vc_column_text css=\u00a0\u00bb\u00a0\u00bb]Le Conseil national d\u00e9battra de la r\u00e9vision de la loi sur la poursuite pour dettes et faillite (LP) lors de sa session de d\u00e9cembre 2025.Les CSP de Suisse romande appellent \u00e0 soutenir sans r\u00e9serve ce projet du Conseil f\u00e9d\u00e9ral. Dans cette courte interview,\u00a0 R\u00e9my Kammermann, juriste au CSP Gen\u00e8ve, r\u00e9pond \u00e0 trois questions cl\u00e9s: [&hellip;]<\/p>\n","protected":false},"author":32,"featured_media":26935,"comment_status":"closed","ping_status":"closed","sticky":false,"template":"","format":"standard","meta":{"_acf_changed":false,"footnotes":""},"categories":[61,54],"tags":[],"class_list":["post-26941","post","type-post","status-publish","format-standard","has-post-thumbnail","hentry","category-plaidoyer","category-questions-dargent"],"acf":[],"yoast_head":"<!-- This site is optimized with the Yoast SEO plugin v27.1.1 - https:\/\/yoast.com\/product\/yoast-seo-wordpress\/ -->\n<title>Surendettement : une r\u00e9vision attendue de la Loi sur les poursuites - CSP Gen\u00e8ve<\/title>\n<meta name=\"description\" content=\"Le 25 septembre 2025, le Conseil national d\u00e9battra de la r\u00e9vision de la loi sur la poursuite pour dettes et faillite (LP).\" \/>\n<meta name=\"robots\" content=\"index, follow, max-snippet:-1, max-image-preview:large, max-video-preview:-1\" \/>\n<link rel=\"canonical\" href=\"https:\/\/csp.ch\/geneve\/surendettement-une-revision-attendue-de-la-loi-sur-les-poursuites-2\/\" \/>\n<meta property=\"og:locale\" content=\"fr_FR\" \/>\n<meta property=\"og:type\" content=\"article\" \/>\n<meta property=\"og:title\" content=\"Surendettement : une r\u00e9vision attendue de la Loi sur les poursuites - CSP Gen\u00e8ve\" \/>\n<meta property=\"og:description\" content=\"Le 25 septembre 2025, le Conseil national d\u00e9battra de la r\u00e9vision de la loi sur la poursuite pour dettes et faillite (LP).\" \/>\n<meta property=\"og:url\" content=\"https:\/\/csp.ch\/geneve\/surendettement-une-revision-attendue-de-la-loi-sur-les-poursuites-2\/\" \/>\n<meta property=\"og:site_name\" content=\"CSP Gen\u00e8ve\" \/>\n<meta property=\"article:published_time\" content=\"2025-09-22T12:02:38+00:00\" \/>\n<meta property=\"article:modified_time\" content=\"2025-09-30T11:10:09+00:00\" \/>\n<meta property=\"og:image\" content=\"https:\/\/csp.ch\/wp-content\/uploads\/sites\/5\/2025\/09\/RK-photo.png\" \/>\n\t<meta property=\"og:image:width\" content=\"1013\" \/>\n\t<meta property=\"og:image:height\" content=\"643\" \/>\n\t<meta property=\"og:image:type\" content=\"image\/png\" \/>\n<meta name=\"author\" content=\"kschach\" \/>\n<meta name=\"twitter:card\" content=\"summary_large_image\" \/>\n<meta name=\"twitter:label1\" content=\"\u00c9crit par\" \/>\n\t<meta name=\"twitter:data1\" content=\"kschach\" \/>\n\t<meta name=\"twitter:label2\" content=\"Dur\u00e9e de lecture estim\u00e9e\" \/>\n\t<meta name=\"twitter:data2\" content=\"2 minutes\" \/>\n<script type=\"application\/ld+json\" class=\"yoast-schema-graph\">{\"@context\":\"https:\/\/schema.org\",\"@graph\":[{\"@type\":\"Article\",\"@id\":\"https:\/\/csp.ch\/geneve\/surendettement-une-revision-attendue-de-la-loi-sur-les-poursuites-2\/#article\",\"isPartOf\":{\"@id\":\"https:\/\/csp.ch\/geneve\/surendettement-une-revision-attendue-de-la-loi-sur-les-poursuites-2\/\"},\"author\":{\"name\":\"kschach\",\"@id\":\"https:\/\/csp.ch\/geneve\/#\/schema\/person\/9d3863f340958049df7c835076b616a0\"},\"headline\":\"Surendettement : une r\u00e9vision attendue de la Loi sur les poursuites\",\"datePublished\":\"2025-09-22T12:02:38+00:00\",\"dateModified\":\"2025-09-30T11:10:09+00:00\",\"mainEntityOfPage\":{\"@id\":\"https:\/\/csp.ch\/geneve\/surendettement-une-revision-attendue-de-la-loi-sur-les-poursuites-2\/\"},\"wordCount\":242,\"image\":{\"@id\":\"https:\/\/csp.ch\/geneve\/surendettement-une-revision-attendue-de-la-loi-sur-les-poursuites-2\/#primaryimage\"},\"thumbnailUrl\":\"https:\/\/csp.ch\/wp-content\/uploads\/sites\/5\/2025\/09\/RK-photo.png\",\"articleSection\":[\"Plaidoyer\",\"Questions d'argent\"],\"inLanguage\":\"fr-FR\"},{\"@type\":\"WebPage\",\"@id\":\"https:\/\/csp.ch\/geneve\/surendettement-une-revision-attendue-de-la-loi-sur-les-poursuites-2\/\",\"url\":\"https:\/\/csp.ch\/geneve\/surendettement-une-revision-attendue-de-la-loi-sur-les-poursuites-2\/\",\"name\":\"Surendettement : une r\u00e9vision attendue de la Loi sur les poursuites - CSP Gen\u00e8ve\",\"isPartOf\":{\"@id\":\"https:\/\/csp.ch\/geneve\/#website\"},\"primaryImageOfPage\":{\"@id\":\"https:\/\/csp.ch\/geneve\/surendettement-une-revision-attendue-de-la-loi-sur-les-poursuites-2\/#primaryimage\"},\"image\":{\"@id\":\"https:\/\/csp.ch\/geneve\/surendettement-une-revision-attendue-de-la-loi-sur-les-poursuites-2\/#primaryimage\"},\"thumbnailUrl\":\"https:\/\/csp.ch\/wp-content\/uploads\/sites\/5\/2025\/09\/RK-photo.png\",\"datePublished\":\"2025-09-22T12:02:38+00:00\",\"dateModified\":\"2025-09-30T11:10:09+00:00\",\"author\":{\"@id\":\"https:\/\/csp.ch\/geneve\/#\/schema\/person\/9d3863f340958049df7c835076b616a0\"},\"description\":\"Le 25 septembre 2025, le Conseil national d\u00e9battra de la r\u00e9vision de la loi sur la poursuite pour dettes et faillite (LP).\",\"breadcrumb\":{\"@id\":\"https:\/\/csp.ch\/geneve\/surendettement-une-revision-attendue-de-la-loi-sur-les-poursuites-2\/#breadcrumb\"},\"inLanguage\":\"fr-FR\",\"potentialAction\":[{\"@type\":\"ReadAction\",\"target\":[\"https:\/\/csp.ch\/geneve\/surendettement-une-revision-attendue-de-la-loi-sur-les-poursuites-2\/\"]}]},{\"@type\":\"ImageObject\",\"inLanguage\":\"fr-FR\",\"@id\":\"https:\/\/csp.ch\/geneve\/surendettement-une-revision-attendue-de-la-loi-sur-les-poursuites-2\/#primaryimage\",\"url\":\"https:\/\/csp.ch\/wp-content\/uploads\/sites\/5\/2025\/09\/RK-photo.png\",\"contentUrl\":\"https:\/\/csp.ch\/wp-content\/uploads\/sites\/5\/2025\/09\/RK-photo.png\",\"width\":1013,\"height\":643},{\"@type\":\"BreadcrumbList\",\"@id\":\"https:\/\/csp.ch\/geneve\/surendettement-une-revision-attendue-de-la-loi-sur-les-poursuites-2\/#breadcrumb\",\"itemListElement\":[{\"@type\":\"ListItem\",\"position\":1,\"name\":\"Accueil\",\"item\":\"https:\/\/csp.ch\/geneve\/\"},{\"@type\":\"ListItem\",\"position\":2,\"name\":\"Surendettement : une r\u00e9vision attendue de la Loi sur les poursuites\"}]},{\"@type\":\"WebSite\",\"@id\":\"https:\/\/csp.ch\/geneve\/#website\",\"url\":\"https:\/\/csp.ch\/geneve\/\",\"name\":\"CSP Gen\u00e8ve\",\"description\":\"\",\"potentialAction\":[{\"@type\":\"SearchAction\",\"target\":{\"@type\":\"EntryPoint\",\"urlTemplate\":\"https:\/\/csp.ch\/geneve\/?s={search_term_string}\"},\"query-input\":{\"@type\":\"PropertyValueSpecification\",\"valueRequired\":true,\"valueName\":\"search_term_string\"}}],\"inLanguage\":\"fr-FR\"},{\"@type\":\"Person\",\"@id\":\"https:\/\/csp.ch\/geneve\/#\/schema\/person\/9d3863f340958049df7c835076b616a0\",\"name\":\"kschach\",\"image\":{\"@type\":\"ImageObject\",\"inLanguage\":\"fr-FR\",\"@id\":\"https:\/\/csp.ch\/geneve\/#\/schema\/person\/image\/\",\"url\":\"https:\/\/secure.gravatar.com\/avatar\/b9e8bd33105bf5642e115513de9c558ebc32a1af8c0b131ed24c6605dfb5a6fb?s=96&d=mm&r=g\",\"contentUrl\":\"https:\/\/secure.gravatar.com\/avatar\/b9e8bd33105bf5642e115513de9c558ebc32a1af8c0b131ed24c6605dfb5a6fb?s=96&d=mm&r=g\",\"caption\":\"kschach\"},\"url\":\"https:\/\/csp.ch\/geneve\/author\/kschach\/\"}]}<\/script>\n<!-- \/ Yoast SEO plugin. -->","yoast_head_json":{"title":"Surendettement : une r\u00e9vision attendue de la Loi sur les poursuites - CSP Gen\u00e8ve","description":"Le 25 septembre 2025, le Conseil national d\u00e9battra de la r\u00e9vision de la loi sur la poursuite pour dettes et faillite (LP).","robots":{"index":"index","follow":"follow","max-snippet":"max-snippet:-1","max-image-preview":"max-image-preview:large","max-video-preview":"max-video-preview:-1"},"canonical":"https:\/\/csp.ch\/geneve\/surendettement-une-revision-attendue-de-la-loi-sur-les-poursuites-2\/","og_locale":"fr_FR","og_type":"article","og_title":"Surendettement : une r\u00e9vision attendue de la Loi sur les poursuites - CSP Gen\u00e8ve","og_description":"Le 25 septembre 2025, le Conseil national d\u00e9battra de la r\u00e9vision de la loi sur la poursuite pour dettes et faillite (LP).","og_url":"https:\/\/csp.ch\/geneve\/surendettement-une-revision-attendue-de-la-loi-sur-les-poursuites-2\/","og_site_name":"CSP Gen\u00e8ve","article_published_time":"2025-09-22T12:02:38+00:00","article_modified_time":"2025-09-30T11:10:09+00:00","og_image":[{"width":1013,"height":643,"url":"https:\/\/csp.ch\/wp-content\/uploads\/sites\/5\/2025\/09\/RK-photo.png","type":"image\/png"}],"author":"kschach","twitter_card":"summary_large_image","twitter_misc":{"\u00c9crit par":"kschach","Dur\u00e9e de lecture estim\u00e9e":"2 minutes"},"schema":{"@context":"https:\/\/schema.org","@graph":[{"@type":"Article","@id":"https:\/\/csp.ch\/geneve\/surendettement-une-revision-attendue-de-la-loi-sur-les-poursuites-2\/#article","isPartOf":{"@id":"https:\/\/csp.ch\/geneve\/surendettement-une-revision-attendue-de-la-loi-sur-les-poursuites-2\/"},"author":{"name":"kschach","@id":"https:\/\/csp.ch\/geneve\/#\/schema\/person\/9d3863f340958049df7c835076b616a0"},"headline":"Surendettement : une r\u00e9vision attendue de la Loi sur les poursuites","datePublished":"2025-09-22T12:02:38+00:00","dateModified":"2025-09-30T11:10:09+00:00","mainEntityOfPage":{"@id":"https:\/\/csp.ch\/geneve\/surendettement-une-revision-attendue-de-la-loi-sur-les-poursuites-2\/"},"wordCount":242,"image":{"@id":"https:\/\/csp.ch\/geneve\/surendettement-une-revision-attendue-de-la-loi-sur-les-poursuites-2\/#primaryimage"},"thumbnailUrl":"https:\/\/csp.ch\/wp-content\/uploads\/sites\/5\/2025\/09\/RK-photo.png","articleSection":["Plaidoyer","Questions d'argent"],"inLanguage":"fr-FR"},{"@type":"WebPage","@id":"https:\/\/csp.ch\/geneve\/surendettement-une-revision-attendue-de-la-loi-sur-les-poursuites-2\/","url":"https:\/\/csp.ch\/geneve\/surendettement-une-revision-attendue-de-la-loi-sur-les-poursuites-2\/","name":"Surendettement : une r\u00e9vision attendue de la Loi sur les poursuites - CSP Gen\u00e8ve","isPartOf":{"@id":"https:\/\/csp.ch\/geneve\/#website"},"primaryImageOfPage":{"@id":"https:\/\/csp.ch\/geneve\/surendettement-une-revision-attendue-de-la-loi-sur-les-poursuites-2\/#primaryimage"},"image":{"@id":"https:\/\/csp.ch\/geneve\/surendettement-une-revision-attendue-de-la-loi-sur-les-poursuites-2\/#primaryimage"},"thumbnailUrl":"https:\/\/csp.ch\/wp-content\/uploads\/sites\/5\/2025\/09\/RK-photo.png","datePublished":"2025-09-22T12:02:38+00:00","dateModified":"2025-09-30T11:10:09+00:00","author":{"@id":"https:\/\/csp.ch\/geneve\/#\/schema\/person\/9d3863f340958049df7c835076b616a0"},"description":"Le 25 septembre 2025, le Conseil national d\u00e9battra de la r\u00e9vision de la loi sur la poursuite pour dettes et faillite (LP).","breadcrumb":{"@id":"https:\/\/csp.ch\/geneve\/surendettement-une-revision-attendue-de-la-loi-sur-les-poursuites-2\/#breadcrumb"},"inLanguage":"fr-FR","potentialAction":[{"@type":"ReadAction","target":["https:\/\/csp.ch\/geneve\/surendettement-une-revision-attendue-de-la-loi-sur-les-poursuites-2\/"]}]},{"@type":"ImageObject","inLanguage":"fr-FR","@id":"https:\/\/csp.ch\/geneve\/surendettement-une-revision-attendue-de-la-loi-sur-les-poursuites-2\/#primaryimage","url":"https:\/\/csp.ch\/wp-content\/uploads\/sites\/5\/2025\/09\/RK-photo.png","contentUrl":"https:\/\/csp.ch\/wp-content\/uploads\/sites\/5\/2025\/09\/RK-photo.png","width":1013,"height":643},{"@type":"BreadcrumbList","@id":"https:\/\/csp.ch\/geneve\/surendettement-une-revision-attendue-de-la-loi-sur-les-poursuites-2\/#breadcrumb","itemListElement":[{"@type":"ListItem","position":1,"name":"Accueil","item":"https:\/\/csp.ch\/geneve\/"},{"@type":"ListItem","position":2,"name":"Surendettement : une r\u00e9vision attendue de la Loi sur les poursuites"}]},{"@type":"WebSite","@id":"https:\/\/csp.ch\/geneve\/#website","url":"https:\/\/csp.ch\/geneve\/","name":"CSP Gen\u00e8ve","description":"","potentialAction":[{"@type":"SearchAction","target":{"@type":"EntryPoint","urlTemplate":"https:\/\/csp.ch\/geneve\/?s={search_term_string}"},"query-input":{"@type":"PropertyValueSpecification","valueRequired":true,"valueName":"search_term_string"}}],"inLanguage":"fr-FR"},{"@type":"Person","@id":"https:\/\/csp.ch\/geneve\/#\/schema\/person\/9d3863f340958049df7c835076b616a0","name":"kschach","image":{"@type":"ImageObject","inLanguage":"fr-FR","@id":"https:\/\/csp.ch\/geneve\/#\/schema\/person\/image\/","url":"https:\/\/secure.gravatar.com\/avatar\/b9e8bd33105bf5642e115513de9c558ebc32a1af8c0b131ed24c6605dfb5a6fb?s=96&d=mm&r=g","contentUrl":"https:\/\/secure.gravatar.com\/avatar\/b9e8bd33105bf5642e115513de9c558ebc32a1af8c0b131ed24c6605dfb5a6fb?s=96&d=mm&r=g","caption":"kschach"},"url":"https:\/\/csp.ch\/geneve\/author\/kschach\/"}]}},"_links":{"self":[{"href":"https:\/\/csp.ch\/geneve\/wp-json\/wp\/v2\/posts\/26941","targetHints":{"allow":["GET"]}}],"collection":[{"href":"https:\/\/csp.ch\/geneve\/wp-json\/wp\/v2\/posts"}],"about":[{"href":"https:\/\/csp.ch\/geneve\/wp-json\/wp\/v2\/types\/post"}],"author":[{"embeddable":true,"href":"https:\/\/csp.ch\/geneve\/wp-json\/wp\/v2\/users\/32"}],"replies":[{"embeddable":true,"href":"https:\/\/csp.ch\/geneve\/wp-json\/wp\/v2\/comments?post=26941"}],"version-history":[{"count":3,"href":"https:\/\/csp.ch\/geneve\/wp-json\/wp\/v2\/posts\/26941\/revisions"}],"predecessor-version":[{"id":27092,"href":"https:\/\/csp.ch\/geneve\/wp-json\/wp\/v2\/posts\/26941\/revisions\/27092"}],"wp:featuredmedia":[{"embeddable":true,"href":"https:\/\/csp.ch\/geneve\/wp-json\/wp\/v2\/media\/26935"}],"wp:attachment":[{"href":"https:\/\/csp.ch\/geneve\/wp-json\/wp\/v2\/media?parent=26941"}],"wp:term":[{"taxonomy":"category","embeddable":true,"href":"https:\/\/csp.ch\/geneve\/wp-json\/wp\/v2\/categories?post=26941"},{"taxonomy":"post_tag","embeddable":true,"href":"https:\/\/csp.ch\/geneve\/wp-json\/wp\/v2\/tags?post=26941"}],"curies":[{"name":"wp","href":"https:\/\/api.w.org\/{rel}","templated":true}]}}