{"id":26544,"date":"2025-07-30T10:00:19","date_gmt":"2025-07-30T08:00:19","guid":{"rendered":"https:\/\/csp.ch\/geneve\/?p=26544"},"modified":"2025-07-30T10:55:17","modified_gmt":"2025-07-30T08:55:17","slug":"30-juillet-journee-mondiale-contre-la-traite-des-etres-humains-2","status":"publish","type":"post","link":"https:\/\/csp.ch\/geneve\/30-juillet-journee-mondiale-contre-la-traite-des-etres-humains-2\/","title":{"rendered":"30 juillet: journ\u00e9e mondiale contre la traite des \u00eatres humains"},"content":{"rendered":"<h1>Plus de 200 personnes victimes de la traite des \u00eatres humains identifi\u00e9es en Suisse en 2024<\/h1>\n<p><em>Les cinq organisations membres de la <a href=\"https:\/\/plateforme-traite.ch\/\">Plateforme Traite<\/a> &#8211; <a href=\"http:\/\/www.fiz-info.ch\">FIZ<\/a>, <a href=\"http:\/\/www.astree.ch\">ASTR\u00c9E<\/a>, <a href=\"https:\/\/csp.ch\/geneve\/services\/traite-des-etres-humains\/\">CSP Gen\u00e8ve<\/a>, <a href=\"http:\/\/www.sos-ti.ch\/mayday.html\">Antenna MayDay<\/a> et <a href=\"https:\/\/avit-vs.ch\/\">AVIT<\/a> &#8211; ont identifi\u00e9 201 nouvelles victimes de la traite des \u00eatres humains en Suisse<\/em><br \/>\n<em>l&rsquo;ann\u00e9e derni\u00e8re.<\/em><\/p>\n<p>Les organisations membres de la Plateforme Traite ont accompagn\u00e9 et conseill\u00e9 au total 483 victimes de la traite des \u00eatres humains tout au long de 2024. Ces chiffres, qui restent stables, voire en l\u00e9g\u00e8re hausse depuis plusieurs ann\u00e9es, ne cessent de confirmer que la traite des \u00eatres humains est une r\u00e9alit\u00e9 en Suisse. La grande majorit\u00e9 des nouvelles personnes identifi\u00e9es sont des femmes* (73 %), tandis que pr\u00e8s d\u2019un quart sont des hommes*. Les personnes victimes proviennent de 54 pays diff\u00e9rents, avec un nombre plus important de victimes nouvellement identifi\u00e9es en 2024 originaire du Nig\u00e9ria, de Colombie et de Hongrie.<\/p>\n<p>Ces chiffres ne refl\u00e8tent qu&rsquo;une partie de la r\u00e9alit\u00e9 du ph\u00e9nom\u00e8ne en Suisse, l&rsquo;identification des victimes (en termes d&rsquo;origine, de sexe et de type d&rsquo;exploitation) d\u00e9pendant fortement de la pr\u00e9sence<br \/>\nde services sp\u00e9cialis\u00e9s, du degr\u00e9 de sensibilisation \u00e0 la th\u00e9matique et des secteurs contr\u00f4l\u00e9s. Cependant, l\u2019implication croissante de certains cantons et des organisations sp\u00e9cialis\u00e9es ces derni\u00e8res ann\u00e9es permet de d\u00e9tecter un nombre grandissant de situations et de dresser des constats plus proches de la r\u00e9alit\u00e9.<\/p>\n<h3><strong><span style=\"color: #f5960f\">\u00c9cho limit\u00e9 au niveau national<\/span><\/strong><\/h3>\n<p>Si les dispositifs sp\u00e9cialis\u00e9s existants ont d\u00e9montr\u00e9 leur pertinence et que de nouvelles initiatives voient le jour dans les cantons, la coh\u00e9rence entre ces actions cantonales et les politiques f\u00e9d\u00e9rales<br \/>\ndoit \u00eatre am\u00e9lior\u00e9e. Sans une augmentation des ressources financi\u00e8res pour accompagner l\u2019engagement croissant des cantons et des organisations sp\u00e9cialis\u00e9es, la lutte contre la traite des \u00eatres humains risque de perdre en efficacit\u00e9 \u00e0 long terme. De plus, sans coordination \u00e9troite entre les actions locales et cantonales et le niveau f\u00e9d\u00e9ral, notamment en ce qui concerne l\u2019octroi des autorisations de s\u00e9jour et les mesures d\u2019int\u00e9gration pour les personnes victimes, les efforts engag\u00e9s resteront fragment\u00e9s et insuffisants. Par exemple, il arrive que des personnes victimes de traite se voient refuser un permis de s\u00e9jour par les autorit\u00e9s f\u00e9d\u00e9rales, alors que les autorit\u00e9s cantonales sont favorables ou qu\u2019elles ont soutenu financi\u00e8rement le processus d\u2019int\u00e9gration de ces personnes durant plusieurs ann\u00e9es.<\/p>\n<p>Dans le domaine de l\u2019accompagnement des victimes, la Plateforme Traite se f\u00e9licite d\u2019accueillir cette ann\u00e9e comme nouveau membre le service de consultation sp\u00e9cialis\u00e9e nouvellement cr\u00e9\u00e9 en Valais. Pour David Dandr\u00e8s, directeur de l\u2019Association valaisanne de soutien aux victimes et t\u00e9moins de la traite des \u00eatres humains (AVIT): <em><span style=\"color: #f5960f\">\u00abLa traite des \u00eatres humains est une r\u00e9alit\u00e9 aussi discr\u00e8te que d\u00e9vastatrice. Offrir aux victimes un lieu d\u2019\u00e9coute, de soutien et de reconstruction est essentiel. Ce nouveau service en Valais marque une avanc\u00e9e concr\u00e8te pour celles et ceux qui, apr\u00e8s avoir v\u00e9cu l\u2019exploitation, cherchent \u00e0 d\u00e9fendre leurs droits et retrouver leur capacit\u00e9 d\u2019agir. Cela d\u00e9montre \u00e9galement que, canton apr\u00e8s canton, nous pouvons construire un dispositif national plus coh\u00e9rent et plus juste pour les victimes\u00bb<\/span><\/em>.<\/p>\n<h3><strong><span style=\"color: #f5960f\">Critique du pacte europ\u00e9en sur l&rsquo;asile<\/span><\/strong><\/h3>\n<p>Sur les 201 nouvelles victimes de traite identifi\u00e9es, 10,4 % se trouvaient dans une proc\u00e9dure d&rsquo;asile. Les autres sont sans-papiers ou rel\u00e8vent du droit des \u00e9trangers (LEI). L&rsquo;exp\u00e9rience des organisations membres de la Plateforme Traite montre que la pr\u00e9carit\u00e9 des trajets migratoires expose les personnes concern\u00e9es \u00e0 des risques importants d\u2019exploitation. Ainsi comme le souligne Fanie Wirth de la FIZ : <span style=\"color: #f5960f\"><em>\u00abLa diminution de voies de migration s\u00fbres et l\u00e9gales induites par le nouveau pacte d\u2019asile europ\u00e9en pourrait davantage accentuer ces conditions de pr\u00e9carit\u00e9 pour les personnes migrantes\u00bb<\/em><\/span>.<\/p>\n<p>Dans ce contexte, la Plateforme Traite critique vivement les adaptations apport\u00e9es par la Suisse au pacte europ\u00e9en sur l&rsquo;asile et recommande que la Suisse fasse usage de la clause de souverainet\u00e9 pour traiter les demandes d&rsquo;asile, en particulier pour les personnes en situation de vuln\u00e9rabilit\u00e9 accrue telles que les victimes de la traite des \u00eatres humains.<\/p>\n<hr \/>\n<p><a href=\"https:\/\/plateforme-traite.ch\/\">Plateforme Traite<\/a> est un r\u00e9seau suisse de cinq organisations sp\u00e9cialis\u00e9es (CSP Gen\u00e8ve, <a href=\"https:\/\/www.astree.ch\/\">ASTR\u00c9E<\/a>, <a href=\"https:\/\/avit-vs.ch\/\">AVIT<\/a>,\u00a0 <a href=\"https:\/\/www.fiz-info.ch\/fr\/Willkommen\">FIZ Fachstelle Frauen- handel und Frauenmigration<\/a>, <a href=\"https:\/\/www.sos-ti.ch\/mayday.html\">Antenna MayDay<\/a>), qui s&rsquo;engagent pour les droits des personnes victimes de la traite des \u00eatres humains et identifient, conseillent et assistent les victimes. Leurs principes de base sont le respect des droits humains et l&rsquo;attention port\u00e9e aux besoins des personnes concern\u00e9es.<\/p>\n<p>Contact pour les m\u00e9dias :<\/p>\n<ul>\n<li>Mimoza Kokollari, &#x6d;&#x69;&#x6d;&#x6f;&#x7a;&#x61;&#x2e;&#x6b;&#x6f;&#x6b;&#x6f;&#108;&#108;&#97;&#114;&#105;&#64;&#97;stree&#46;&#x63;&#x68;, 021 544 27 99 (en fran\u00e7ais)<\/li>\n<li>Fanie Wirth, &#x66;&#x61;&#110;i&#x65;&#x2e;&#87;ir&#x74;&#x68;&#64;f&#x69;&#x7a;&#45;&#105;n&#x66;&#x6f;&#46;c&#x68;, 044 436 90 09 (en allemand)<\/li>\n<\/ul>\n<p>Pour toute question concernant des r\u00e9gions sp\u00e9cifiques :<\/p>\n<ul>\n<li>Suisse al\u00e9manique : FIZ, Fanie Wirth, &#70;&#x61;n&#105;&#x65;&#46;&#x57;&#x69;&#114;&#x74;h&#64;&#x66;i&#122;&#x2d;&#105;&#x6e;f&#111;&#x2e;c&#104;<\/li>\n<li>Suisse romande : ASTR\u00c9E (Vaud), Angela Oriti, 021 544 27 99 ; CSP Gen\u00e8ve, Leila Boussemacer, 022 807 07 63 ; AVIT (Valais), David Dandr\u00e8s, 027 565 05 53<\/li>\n<li>Tessin : Antenna MayDay, Monica Marcionetti, 0795903946<\/li>\n<\/ul>\n","protected":false},"excerpt":{"rendered":"<p>Plus de 200 personnes victimes de la traite des \u00eatres humains identifi\u00e9es en Suisse en 2024 Les cinq organisations membres de la Plateforme Traite &#8211; FIZ, ASTR\u00c9E, CSP Gen\u00e8ve, Antenna MayDay et AVIT &#8211; ont identifi\u00e9 201 nouvelles victimes de la traite des \u00eatres humains en Suisse l&rsquo;ann\u00e9e derni\u00e8re. Les organisations membres de la Plateforme [&hellip;]<\/p>\n","protected":false},"author":32,"featured_media":26547,"comment_status":"closed","ping_status":"closed","sticky":false,"template":"","format":"standard","meta":{"_acf_changed":false,"footnotes":""},"categories":[47],"tags":[66],"class_list":["post-26544","post","type-post","status-publish","format-standard","has-post-thumbnail","hentry","category-traite-des-etres-humains","tag-traite-des-etres-humains"],"acf":[],"yoast_head":"<!-- This site is optimized with the Yoast SEO plugin v27.1.1 - https:\/\/yoast.com\/product\/yoast-seo-wordpress\/ -->\n<title>30 juillet: journ\u00e9e mondiale contre la traite des \u00eatres humains - CSP Gen\u00e8ve<\/title>\n<meta name=\"description\" content=\"Plus de 200 personnes victimes de la traite des \u00eatres humains identifi\u00e9es en Suisse en 2024\" \/>\n<meta name=\"robots\" content=\"index, follow, max-snippet:-1, max-image-preview:large, max-video-preview:-1\" \/>\n<link rel=\"canonical\" href=\"https:\/\/csp.ch\/geneve\/30-juillet-journee-mondiale-contre-la-traite-des-etres-humains-2\/\" \/>\n<meta property=\"og:locale\" content=\"fr_FR\" \/>\n<meta property=\"og:type\" content=\"article\" \/>\n<meta property=\"og:title\" content=\"30 juillet: journ\u00e9e mondiale contre la traite des \u00eatres humains - CSP Gen\u00e8ve\" \/>\n<meta property=\"og:description\" content=\"Plus de 200 personnes victimes de la traite des \u00eatres humains identifi\u00e9es en Suisse en 2024\" \/>\n<meta property=\"og:url\" content=\"https:\/\/csp.ch\/geneve\/30-juillet-journee-mondiale-contre-la-traite-des-etres-humains-2\/\" \/>\n<meta property=\"og:site_name\" content=\"CSP Gen\u00e8ve\" \/>\n<meta property=\"article:published_time\" content=\"2025-07-30T08:00:19+00:00\" \/>\n<meta property=\"article:modified_time\" content=\"2025-07-30T08:55:17+00:00\" \/>\n<meta property=\"og:image\" content=\"https:\/\/csp.ch\/wp-content\/uploads\/sites\/5\/2025\/07\/MH_FOTO_ROCK_09-1024x683.jpg\" \/>\n\t<meta property=\"og:image:width\" content=\"1024\" \/>\n\t<meta property=\"og:image:height\" content=\"683\" \/>\n\t<meta property=\"og:image:type\" content=\"image\/jpeg\" \/>\n<meta name=\"author\" content=\"kschach\" \/>\n<meta name=\"twitter:card\" content=\"summary_large_image\" \/>\n<meta name=\"twitter:label1\" content=\"\u00c9crit par\" \/>\n\t<meta name=\"twitter:data1\" content=\"kschach\" \/>\n\t<meta name=\"twitter:label2\" content=\"Dur\u00e9e de lecture estim\u00e9e\" \/>\n\t<meta name=\"twitter:data2\" content=\"5 minutes\" \/>\n<script type=\"application\/ld+json\" class=\"yoast-schema-graph\">{\"@context\":\"https:\/\/schema.org\",\"@graph\":[{\"@type\":\"Article\",\"@id\":\"https:\/\/csp.ch\/geneve\/30-juillet-journee-mondiale-contre-la-traite-des-etres-humains-2\/#article\",\"isPartOf\":{\"@id\":\"https:\/\/csp.ch\/geneve\/30-juillet-journee-mondiale-contre-la-traite-des-etres-humains-2\/\"},\"author\":{\"name\":\"kschach\",\"@id\":\"https:\/\/csp.ch\/geneve\/#\/schema\/person\/9d3863f340958049df7c835076b616a0\"},\"headline\":\"30 juillet: journ\u00e9e mondiale contre la traite des \u00eatres humains\",\"datePublished\":\"2025-07-30T08:00:19+00:00\",\"dateModified\":\"2025-07-30T08:55:17+00:00\",\"mainEntityOfPage\":{\"@id\":\"https:\/\/csp.ch\/geneve\/30-juillet-journee-mondiale-contre-la-traite-des-etres-humains-2\/\"},\"wordCount\":885,\"image\":{\"@id\":\"https:\/\/csp.ch\/geneve\/30-juillet-journee-mondiale-contre-la-traite-des-etres-humains-2\/#primaryimage\"},\"thumbnailUrl\":\"https:\/\/csp.ch\/wp-content\/uploads\/sites\/5\/2025\/07\/MH_FOTO_ROCK_09.jpg\",\"keywords\":[\"Traite des \u00eatres humains\"],\"articleSection\":[\"Traite des \u00eatres humains\"],\"inLanguage\":\"fr-FR\"},{\"@type\":\"WebPage\",\"@id\":\"https:\/\/csp.ch\/geneve\/30-juillet-journee-mondiale-contre-la-traite-des-etres-humains-2\/\",\"url\":\"https:\/\/csp.ch\/geneve\/30-juillet-journee-mondiale-contre-la-traite-des-etres-humains-2\/\",\"name\":\"30 juillet: journ\u00e9e mondiale contre la traite des \u00eatres humains - CSP Gen\u00e8ve\",\"isPartOf\":{\"@id\":\"https:\/\/csp.ch\/geneve\/#website\"},\"primaryImageOfPage\":{\"@id\":\"https:\/\/csp.ch\/geneve\/30-juillet-journee-mondiale-contre-la-traite-des-etres-humains-2\/#primaryimage\"},\"image\":{\"@id\":\"https:\/\/csp.ch\/geneve\/30-juillet-journee-mondiale-contre-la-traite-des-etres-humains-2\/#primaryimage\"},\"thumbnailUrl\":\"https:\/\/csp.ch\/wp-content\/uploads\/sites\/5\/2025\/07\/MH_FOTO_ROCK_09.jpg\",\"datePublished\":\"2025-07-30T08:00:19+00:00\",\"dateModified\":\"2025-07-30T08:55:17+00:00\",\"author\":{\"@id\":\"https:\/\/csp.ch\/geneve\/#\/schema\/person\/9d3863f340958049df7c835076b616a0\"},\"description\":\"Plus de 200 personnes victimes de la traite des \u00eatres humains identifi\u00e9es en Suisse en 2024\",\"breadcrumb\":{\"@id\":\"https:\/\/csp.ch\/geneve\/30-juillet-journee-mondiale-contre-la-traite-des-etres-humains-2\/#breadcrumb\"},\"inLanguage\":\"fr-FR\",\"potentialAction\":[{\"@type\":\"ReadAction\",\"target\":[\"https:\/\/csp.ch\/geneve\/30-juillet-journee-mondiale-contre-la-traite-des-etres-humains-2\/\"]}]},{\"@type\":\"ImageObject\",\"inLanguage\":\"fr-FR\",\"@id\":\"https:\/\/csp.ch\/geneve\/30-juillet-journee-mondiale-contre-la-traite-des-etres-humains-2\/#primaryimage\",\"url\":\"https:\/\/csp.ch\/wp-content\/uploads\/sites\/5\/2025\/07\/MH_FOTO_ROCK_09.jpg\",\"contentUrl\":\"https:\/\/csp.ch\/wp-content\/uploads\/sites\/5\/2025\/07\/MH_FOTO_ROCK_09.jpg\",\"width\":8064,\"height\":5379},{\"@type\":\"BreadcrumbList\",\"@id\":\"https:\/\/csp.ch\/geneve\/30-juillet-journee-mondiale-contre-la-traite-des-etres-humains-2\/#breadcrumb\",\"itemListElement\":[{\"@type\":\"ListItem\",\"position\":1,\"name\":\"Accueil\",\"item\":\"https:\/\/csp.ch\/geneve\/\"},{\"@type\":\"ListItem\",\"position\":2,\"name\":\"30 juillet: journ\u00e9e mondiale contre la traite des \u00eatres humains\"}]},{\"@type\":\"WebSite\",\"@id\":\"https:\/\/csp.ch\/geneve\/#website\",\"url\":\"https:\/\/csp.ch\/geneve\/\",\"name\":\"CSP Gen\u00e8ve\",\"description\":\"\",\"potentialAction\":[{\"@type\":\"SearchAction\",\"target\":{\"@type\":\"EntryPoint\",\"urlTemplate\":\"https:\/\/csp.ch\/geneve\/?s={search_term_string}\"},\"query-input\":{\"@type\":\"PropertyValueSpecification\",\"valueRequired\":true,\"valueName\":\"search_term_string\"}}],\"inLanguage\":\"fr-FR\"},{\"@type\":\"Person\",\"@id\":\"https:\/\/csp.ch\/geneve\/#\/schema\/person\/9d3863f340958049df7c835076b616a0\",\"name\":\"kschach\",\"image\":{\"@type\":\"ImageObject\",\"inLanguage\":\"fr-FR\",\"@id\":\"https:\/\/csp.ch\/geneve\/#\/schema\/person\/image\/\",\"url\":\"https:\/\/secure.gravatar.com\/avatar\/b9e8bd33105bf5642e115513de9c558ebc32a1af8c0b131ed24c6605dfb5a6fb?s=96&d=mm&r=g\",\"contentUrl\":\"https:\/\/secure.gravatar.com\/avatar\/b9e8bd33105bf5642e115513de9c558ebc32a1af8c0b131ed24c6605dfb5a6fb?s=96&d=mm&r=g\",\"caption\":\"kschach\"},\"url\":\"https:\/\/csp.ch\/geneve\/author\/kschach\/\"}]}<\/script>\n<!-- \/ Yoast SEO plugin. -->","yoast_head_json":{"title":"30 juillet: journ\u00e9e mondiale contre la traite des \u00eatres humains - CSP Gen\u00e8ve","description":"Plus de 200 personnes victimes de la traite des \u00eatres humains identifi\u00e9es en Suisse en 2024","robots":{"index":"index","follow":"follow","max-snippet":"max-snippet:-1","max-image-preview":"max-image-preview:large","max-video-preview":"max-video-preview:-1"},"canonical":"https:\/\/csp.ch\/geneve\/30-juillet-journee-mondiale-contre-la-traite-des-etres-humains-2\/","og_locale":"fr_FR","og_type":"article","og_title":"30 juillet: journ\u00e9e mondiale contre la traite des \u00eatres humains - CSP Gen\u00e8ve","og_description":"Plus de 200 personnes victimes de la traite des \u00eatres humains identifi\u00e9es en Suisse en 2024","og_url":"https:\/\/csp.ch\/geneve\/30-juillet-journee-mondiale-contre-la-traite-des-etres-humains-2\/","og_site_name":"CSP Gen\u00e8ve","article_published_time":"2025-07-30T08:00:19+00:00","article_modified_time":"2025-07-30T08:55:17+00:00","og_image":[{"width":1024,"height":683,"url":"https:\/\/csp.ch\/wp-content\/uploads\/sites\/5\/2025\/07\/MH_FOTO_ROCK_09-1024x683.jpg","type":"image\/jpeg"}],"author":"kschach","twitter_card":"summary_large_image","twitter_misc":{"\u00c9crit par":"kschach","Dur\u00e9e de lecture estim\u00e9e":"5 minutes"},"schema":{"@context":"https:\/\/schema.org","@graph":[{"@type":"Article","@id":"https:\/\/csp.ch\/geneve\/30-juillet-journee-mondiale-contre-la-traite-des-etres-humains-2\/#article","isPartOf":{"@id":"https:\/\/csp.ch\/geneve\/30-juillet-journee-mondiale-contre-la-traite-des-etres-humains-2\/"},"author":{"name":"kschach","@id":"https:\/\/csp.ch\/geneve\/#\/schema\/person\/9d3863f340958049df7c835076b616a0"},"headline":"30 juillet: journ\u00e9e mondiale contre la traite des \u00eatres humains","datePublished":"2025-07-30T08:00:19+00:00","dateModified":"2025-07-30T08:55:17+00:00","mainEntityOfPage":{"@id":"https:\/\/csp.ch\/geneve\/30-juillet-journee-mondiale-contre-la-traite-des-etres-humains-2\/"},"wordCount":885,"image":{"@id":"https:\/\/csp.ch\/geneve\/30-juillet-journee-mondiale-contre-la-traite-des-etres-humains-2\/#primaryimage"},"thumbnailUrl":"https:\/\/csp.ch\/wp-content\/uploads\/sites\/5\/2025\/07\/MH_FOTO_ROCK_09.jpg","keywords":["Traite des \u00eatres humains"],"articleSection":["Traite des \u00eatres humains"],"inLanguage":"fr-FR"},{"@type":"WebPage","@id":"https:\/\/csp.ch\/geneve\/30-juillet-journee-mondiale-contre-la-traite-des-etres-humains-2\/","url":"https:\/\/csp.ch\/geneve\/30-juillet-journee-mondiale-contre-la-traite-des-etres-humains-2\/","name":"30 juillet: journ\u00e9e mondiale contre la traite des \u00eatres humains - CSP Gen\u00e8ve","isPartOf":{"@id":"https:\/\/csp.ch\/geneve\/#website"},"primaryImageOfPage":{"@id":"https:\/\/csp.ch\/geneve\/30-juillet-journee-mondiale-contre-la-traite-des-etres-humains-2\/#primaryimage"},"image":{"@id":"https:\/\/csp.ch\/geneve\/30-juillet-journee-mondiale-contre-la-traite-des-etres-humains-2\/#primaryimage"},"thumbnailUrl":"https:\/\/csp.ch\/wp-content\/uploads\/sites\/5\/2025\/07\/MH_FOTO_ROCK_09.jpg","datePublished":"2025-07-30T08:00:19+00:00","dateModified":"2025-07-30T08:55:17+00:00","author":{"@id":"https:\/\/csp.ch\/geneve\/#\/schema\/person\/9d3863f340958049df7c835076b616a0"},"description":"Plus de 200 personnes victimes de la traite des \u00eatres humains identifi\u00e9es en Suisse en 2024","breadcrumb":{"@id":"https:\/\/csp.ch\/geneve\/30-juillet-journee-mondiale-contre-la-traite-des-etres-humains-2\/#breadcrumb"},"inLanguage":"fr-FR","potentialAction":[{"@type":"ReadAction","target":["https:\/\/csp.ch\/geneve\/30-juillet-journee-mondiale-contre-la-traite-des-etres-humains-2\/"]}]},{"@type":"ImageObject","inLanguage":"fr-FR","@id":"https:\/\/csp.ch\/geneve\/30-juillet-journee-mondiale-contre-la-traite-des-etres-humains-2\/#primaryimage","url":"https:\/\/csp.ch\/wp-content\/uploads\/sites\/5\/2025\/07\/MH_FOTO_ROCK_09.jpg","contentUrl":"https:\/\/csp.ch\/wp-content\/uploads\/sites\/5\/2025\/07\/MH_FOTO_ROCK_09.jpg","width":8064,"height":5379},{"@type":"BreadcrumbList","@id":"https:\/\/csp.ch\/geneve\/30-juillet-journee-mondiale-contre-la-traite-des-etres-humains-2\/#breadcrumb","itemListElement":[{"@type":"ListItem","position":1,"name":"Accueil","item":"https:\/\/csp.ch\/geneve\/"},{"@type":"ListItem","position":2,"name":"30 juillet: journ\u00e9e mondiale contre la traite des \u00eatres humains"}]},{"@type":"WebSite","@id":"https:\/\/csp.ch\/geneve\/#website","url":"https:\/\/csp.ch\/geneve\/","name":"CSP Gen\u00e8ve","description":"","potentialAction":[{"@type":"SearchAction","target":{"@type":"EntryPoint","urlTemplate":"https:\/\/csp.ch\/geneve\/?s={search_term_string}"},"query-input":{"@type":"PropertyValueSpecification","valueRequired":true,"valueName":"search_term_string"}}],"inLanguage":"fr-FR"},{"@type":"Person","@id":"https:\/\/csp.ch\/geneve\/#\/schema\/person\/9d3863f340958049df7c835076b616a0","name":"kschach","image":{"@type":"ImageObject","inLanguage":"fr-FR","@id":"https:\/\/csp.ch\/geneve\/#\/schema\/person\/image\/","url":"https:\/\/secure.gravatar.com\/avatar\/b9e8bd33105bf5642e115513de9c558ebc32a1af8c0b131ed24c6605dfb5a6fb?s=96&d=mm&r=g","contentUrl":"https:\/\/secure.gravatar.com\/avatar\/b9e8bd33105bf5642e115513de9c558ebc32a1af8c0b131ed24c6605dfb5a6fb?s=96&d=mm&r=g","caption":"kschach"},"url":"https:\/\/csp.ch\/geneve\/author\/kschach\/"}]}},"_links":{"self":[{"href":"https:\/\/csp.ch\/geneve\/wp-json\/wp\/v2\/posts\/26544","targetHints":{"allow":["GET"]}}],"collection":[{"href":"https:\/\/csp.ch\/geneve\/wp-json\/wp\/v2\/posts"}],"about":[{"href":"https:\/\/csp.ch\/geneve\/wp-json\/wp\/v2\/types\/post"}],"author":[{"embeddable":true,"href":"https:\/\/csp.ch\/geneve\/wp-json\/wp\/v2\/users\/32"}],"replies":[{"embeddable":true,"href":"https:\/\/csp.ch\/geneve\/wp-json\/wp\/v2\/comments?post=26544"}],"version-history":[{"count":3,"href":"https:\/\/csp.ch\/geneve\/wp-json\/wp\/v2\/posts\/26544\/revisions"}],"predecessor-version":[{"id":26557,"href":"https:\/\/csp.ch\/geneve\/wp-json\/wp\/v2\/posts\/26544\/revisions\/26557"}],"wp:featuredmedia":[{"embeddable":true,"href":"https:\/\/csp.ch\/geneve\/wp-json\/wp\/v2\/media\/26547"}],"wp:attachment":[{"href":"https:\/\/csp.ch\/geneve\/wp-json\/wp\/v2\/media?parent=26544"}],"wp:term":[{"taxonomy":"category","embeddable":true,"href":"https:\/\/csp.ch\/geneve\/wp-json\/wp\/v2\/categories?post=26544"},{"taxonomy":"post_tag","embeddable":true,"href":"https:\/\/csp.ch\/geneve\/wp-json\/wp\/v2\/tags?post=26544"}],"curies":[{"name":"wp","href":"https:\/\/api.w.org\/{rel}","templated":true}]}}