{"id":24566,"date":"2024-11-14T14:11:50","date_gmt":"2024-11-14T13:11:50","guid":{"rendered":"https:\/\/csp.ch\/geneve\/?p=24566"},"modified":"2024-11-14T14:11:59","modified_gmt":"2024-11-14T13:11:59","slug":"ulysse-lintegration-par-la-formation","status":"publish","type":"post","link":"https:\/\/csp.ch\/geneve\/ulysse-lintegration-par-la-formation\/","title":{"rendered":"Ulysse: l&rsquo;int\u00e9gration par la formation"},"content":{"rendered":"<blockquote><p><strong>Le 8 novembre dernier, le programme Ulysse \u00e9tait retenu parmi les finalistes du Prix Philippe Nordmann. Une distinction qui honore ce projet innovant, port\u00e9 par cinq entreprises sociales, dont le CSP Gen\u00e8ve.<\/strong><\/p><\/blockquote>\n<p>Apr\u00e8s trois ann\u00e9es de d\u00e9veloppement en mode pilote, les r\u00e9sultats plus qu&rsquo;encourageants du programme Ulysse incitent ses initiateurs \u00e0 lui donner une forme p\u00e9renne.<\/p>\n<p><strong>De quoi s&rsquo;agit-il?<\/strong> Ulysse propose des cursus de <strong><span style=\"color: #ff6600\">formations pratiques \u00e0 de jeunes migrants \u00e2g\u00e9s de 18 \u00e0 25 ans qui pr\u00e9sentent des troubles de l\u2019apprentissage<\/span><\/strong>, soit en raison d&rsquo;une faible ou d&rsquo;une absence de scolarisation, ou encore du fait de traumatismes endur\u00e9s et de leur arriv\u00e9e, seuls, dans un monde qui leur est compl\u00e8tement \u00e9tranger.<\/p>\n<p>Gr\u00e2ce \u00e0 une approche sur mesure durant deux \u00e0 trois ans, chaque apprenti peut d\u00e9velopper son potentiel jusqu\u2019\u00e0 son entr\u00e9e dans la vie active et son int\u00e9gration au sein de la soci\u00e9t\u00e9 civile. Les candidats &#8211; une vingtaine en tout &#8211; d\u00e9butent leur cursus par une formation pratique (FPRa), avant d\u2019encha\u00eener avec une Attestation de formation professionnelle (AFP), voire un Certificat f\u00e9d\u00e9ral de capacit\u00e9 (CFC) si la situation le permet.<\/p>\n<p>A ce jour, <span style=\"color: #ff6600\"><strong>neuf d&rsquo;entre eux ont r\u00e9ussi leur formation pratique et 11 leur Attestation de formation professionnelle<\/strong><\/span>, dans des domaines aussi divers que la menuiserie, l&rsquo;administration, l&rsquo;intendance ou encore la vente de d\u00e9tail. Plusieurs poursuivent leur chemin avec une formation CFC, tandis que certains ont d\u00e9j\u00e0 trouv\u00e9 un employeur!<\/p>\n<p>Ulysse est port\u00e9 par PRO, Gen\u00e8veroule, Clair Bois et le CSP Gen\u00e8ve en tant qu&rsquo;entreprises formatrices. La fondation 022 Familles g\u00e8re les aspects financiers et administratifs du programme.<\/p>\n<p><strong><span style=\"color: #ff6600\"><a style=\"color: #ff6600\" href=\"https:\/\/ulysse-ge.ch\/\">&gt; D\u00e9couvrez Ulysse en trois vid\u00e9os<\/a><\/span><\/strong><\/p>\n<p><span style=\"color: #ff6600\"><a style=\"color: #ff6600\" href=\"https:\/\/csp.ch\/wp-content\/uploads\/sites\/5\/2024\/11\/Programme-Ulysse_Communique.pdf\"><strong>&gt; Lire le communiqu\u00e9 de presse du 14 novembre 2024<\/strong><\/a><\/span><\/p>\n","protected":false},"excerpt":{"rendered":"<p>Le 8 novembre dernier, le programme Ulysse \u00e9tait retenu parmi les finalistes du Prix Philippe Nordmann. Une distinction qui honore ce projet innovant, port\u00e9 par cinq entreprises sociales, dont le CSP Gen\u00e8ve. Apr\u00e8s trois ann\u00e9es de d\u00e9veloppement en mode pilote, les r\u00e9sultats plus qu&rsquo;encourageants du programme Ulysse incitent ses initiateurs \u00e0 lui donner une forme [&hellip;]<\/p>\n","protected":false},"author":12,"featured_media":24564,"comment_status":"closed","ping_status":"closed","sticky":false,"template":"","format":"standard","meta":{"_acf_changed":false,"footnotes":""},"categories":[1,28,49,51],"tags":[],"class_list":["post-24566","post","type-post","status-publish","format-standard","has-post-thumbnail","hentry","category-non-classe","category-migration","category-refugies","category-reinsertion"],"acf":[],"yoast_head":"<!-- This site is optimized with the Yoast SEO plugin v27.1.1 - https:\/\/yoast.com\/product\/yoast-seo-wordpress\/ -->\n<title>Ulysse: l&#039;int\u00e9gration par la formation - CSP Gen\u00e8ve<\/title>\n<meta name=\"description\" content=\"Avec 4 partenaires, le CSP Gen\u00e8ve pr\u00e9sente Ulysse, un programme de formations pour des jeunes migrants pr\u00e9sentant des troubles de l\u2019apprentissage.\" \/>\n<meta name=\"robots\" content=\"index, follow, max-snippet:-1, max-image-preview:large, max-video-preview:-1\" \/>\n<link rel=\"canonical\" href=\"https:\/\/csp.ch\/geneve\/ulysse-lintegration-par-la-formation\/\" \/>\n<meta property=\"og:locale\" content=\"fr_FR\" \/>\n<meta property=\"og:type\" content=\"article\" \/>\n<meta property=\"og:title\" content=\"Ulysse: l&#039;int\u00e9gration par la formation - CSP Gen\u00e8ve\" \/>\n<meta property=\"og:description\" content=\"Avec 4 partenaires, le CSP Gen\u00e8ve pr\u00e9sente Ulysse, un programme de formations pour des jeunes migrants pr\u00e9sentant des troubles de l\u2019apprentissage.\" \/>\n<meta property=\"og:url\" content=\"https:\/\/csp.ch\/geneve\/ulysse-lintegration-par-la-formation\/\" \/>\n<meta property=\"og:site_name\" content=\"CSP Gen\u00e8ve\" \/>\n<meta property=\"article:published_time\" content=\"2024-11-14T13:11:50+00:00\" \/>\n<meta property=\"article:modified_time\" content=\"2024-11-14T13:11:59+00:00\" \/>\n<meta property=\"og:image\" content=\"https:\/\/csp.ch\/wp-content\/uploads\/sites\/5\/2024\/11\/Programme-Ulysse_Projection-documentaire-2024-scaled.jpg\" \/>\n\t<meta property=\"og:image:width\" content=\"2560\" \/>\n\t<meta property=\"og:image:height\" content=\"1707\" \/>\n\t<meta property=\"og:image:type\" content=\"image\/jpeg\" \/>\n<meta name=\"author\" content=\"cfluckiger\" \/>\n<meta name=\"twitter:card\" content=\"summary_large_image\" \/>\n<meta name=\"twitter:label1\" content=\"\u00c9crit par\" \/>\n\t<meta name=\"twitter:data1\" content=\"cfluckiger\" \/>\n\t<meta name=\"twitter:label2\" content=\"Dur\u00e9e de lecture estim\u00e9e\" \/>\n\t<meta name=\"twitter:data2\" content=\"2 minutes\" \/>\n<script type=\"application\/ld+json\" class=\"yoast-schema-graph\">{\"@context\":\"https:\/\/schema.org\",\"@graph\":[{\"@type\":\"Article\",\"@id\":\"https:\/\/csp.ch\/geneve\/ulysse-lintegration-par-la-formation\/#article\",\"isPartOf\":{\"@id\":\"https:\/\/csp.ch\/geneve\/ulysse-lintegration-par-la-formation\/\"},\"author\":{\"name\":\"cfluckiger\",\"@id\":\"https:\/\/csp.ch\/geneve\/#\/schema\/person\/b1068a28034d6bbcbc3ece74beda2d8b\"},\"headline\":\"Ulysse: l&rsquo;int\u00e9gration par la formation\",\"datePublished\":\"2024-11-14T13:11:50+00:00\",\"dateModified\":\"2024-11-14T13:11:59+00:00\",\"mainEntityOfPage\":{\"@id\":\"https:\/\/csp.ch\/geneve\/ulysse-lintegration-par-la-formation\/\"},\"wordCount\":309,\"image\":{\"@id\":\"https:\/\/csp.ch\/geneve\/ulysse-lintegration-par-la-formation\/#primaryimage\"},\"thumbnailUrl\":\"https:\/\/csp.ch\/wp-content\/uploads\/sites\/5\/2024\/11\/Programme-Ulysse_Projection-documentaire-2024-scaled.jpg\",\"articleSection\":[\"Divers\",\"Migration\",\"R\u00e9fugi\u00e9s\",\"R\u00e9insertion\"],\"inLanguage\":\"fr-FR\"},{\"@type\":\"WebPage\",\"@id\":\"https:\/\/csp.ch\/geneve\/ulysse-lintegration-par-la-formation\/\",\"url\":\"https:\/\/csp.ch\/geneve\/ulysse-lintegration-par-la-formation\/\",\"name\":\"Ulysse: l'int\u00e9gration par la formation - CSP Gen\u00e8ve\",\"isPartOf\":{\"@id\":\"https:\/\/csp.ch\/geneve\/#website\"},\"primaryImageOfPage\":{\"@id\":\"https:\/\/csp.ch\/geneve\/ulysse-lintegration-par-la-formation\/#primaryimage\"},\"image\":{\"@id\":\"https:\/\/csp.ch\/geneve\/ulysse-lintegration-par-la-formation\/#primaryimage\"},\"thumbnailUrl\":\"https:\/\/csp.ch\/wp-content\/uploads\/sites\/5\/2024\/11\/Programme-Ulysse_Projection-documentaire-2024-scaled.jpg\",\"datePublished\":\"2024-11-14T13:11:50+00:00\",\"dateModified\":\"2024-11-14T13:11:59+00:00\",\"author\":{\"@id\":\"https:\/\/csp.ch\/geneve\/#\/schema\/person\/b1068a28034d6bbcbc3ece74beda2d8b\"},\"description\":\"Avec 4 partenaires, le CSP Gen\u00e8ve pr\u00e9sente Ulysse, un programme de formations pour des jeunes migrants pr\u00e9sentant des troubles de l\u2019apprentissage.\",\"breadcrumb\":{\"@id\":\"https:\/\/csp.ch\/geneve\/ulysse-lintegration-par-la-formation\/#breadcrumb\"},\"inLanguage\":\"fr-FR\",\"potentialAction\":[{\"@type\":\"ReadAction\",\"target\":[\"https:\/\/csp.ch\/geneve\/ulysse-lintegration-par-la-formation\/\"]}]},{\"@type\":\"ImageObject\",\"inLanguage\":\"fr-FR\",\"@id\":\"https:\/\/csp.ch\/geneve\/ulysse-lintegration-par-la-formation\/#primaryimage\",\"url\":\"https:\/\/csp.ch\/wp-content\/uploads\/sites\/5\/2024\/11\/Programme-Ulysse_Projection-documentaire-2024-scaled.jpg\",\"contentUrl\":\"https:\/\/csp.ch\/wp-content\/uploads\/sites\/5\/2024\/11\/Programme-Ulysse_Projection-documentaire-2024-scaled.jpg\",\"width\":2560,\"height\":1707},{\"@type\":\"BreadcrumbList\",\"@id\":\"https:\/\/csp.ch\/geneve\/ulysse-lintegration-par-la-formation\/#breadcrumb\",\"itemListElement\":[{\"@type\":\"ListItem\",\"position\":1,\"name\":\"Accueil\",\"item\":\"https:\/\/csp.ch\/geneve\/\"},{\"@type\":\"ListItem\",\"position\":2,\"name\":\"Ulysse: l&rsquo;int\u00e9gration par la formation\"}]},{\"@type\":\"WebSite\",\"@id\":\"https:\/\/csp.ch\/geneve\/#website\",\"url\":\"https:\/\/csp.ch\/geneve\/\",\"name\":\"CSP Gen\u00e8ve\",\"description\":\"\",\"potentialAction\":[{\"@type\":\"SearchAction\",\"target\":{\"@type\":\"EntryPoint\",\"urlTemplate\":\"https:\/\/csp.ch\/geneve\/?s={search_term_string}\"},\"query-input\":{\"@type\":\"PropertyValueSpecification\",\"valueRequired\":true,\"valueName\":\"search_term_string\"}}],\"inLanguage\":\"fr-FR\"},{\"@type\":\"Person\",\"@id\":\"https:\/\/csp.ch\/geneve\/#\/schema\/person\/b1068a28034d6bbcbc3ece74beda2d8b\",\"name\":\"cfluckiger\",\"image\":{\"@type\":\"ImageObject\",\"inLanguage\":\"fr-FR\",\"@id\":\"https:\/\/csp.ch\/geneve\/#\/schema\/person\/image\/\",\"url\":\"https:\/\/secure.gravatar.com\/avatar\/4a15eb964f996a19908f93512f9db569a54b04a75162bb7afa710250c1da52f7?s=96&d=mm&r=g\",\"contentUrl\":\"https:\/\/secure.gravatar.com\/avatar\/4a15eb964f996a19908f93512f9db569a54b04a75162bb7afa710250c1da52f7?s=96&d=mm&r=g\",\"caption\":\"cfluckiger\"},\"url\":\"https:\/\/csp.ch\/geneve\/author\/cfluckiger\/\"}]}<\/script>\n<!-- \/ Yoast SEO plugin. -->","yoast_head_json":{"title":"Ulysse: l'int\u00e9gration par la formation - CSP Gen\u00e8ve","description":"Avec 4 partenaires, le CSP Gen\u00e8ve pr\u00e9sente Ulysse, un programme de formations pour des jeunes migrants pr\u00e9sentant des troubles de l\u2019apprentissage.","robots":{"index":"index","follow":"follow","max-snippet":"max-snippet:-1","max-image-preview":"max-image-preview:large","max-video-preview":"max-video-preview:-1"},"canonical":"https:\/\/csp.ch\/geneve\/ulysse-lintegration-par-la-formation\/","og_locale":"fr_FR","og_type":"article","og_title":"Ulysse: l'int\u00e9gration par la formation - CSP Gen\u00e8ve","og_description":"Avec 4 partenaires, le CSP Gen\u00e8ve pr\u00e9sente Ulysse, un programme de formations pour des jeunes migrants pr\u00e9sentant des troubles de l\u2019apprentissage.","og_url":"https:\/\/csp.ch\/geneve\/ulysse-lintegration-par-la-formation\/","og_site_name":"CSP Gen\u00e8ve","article_published_time":"2024-11-14T13:11:50+00:00","article_modified_time":"2024-11-14T13:11:59+00:00","og_image":[{"width":2560,"height":1707,"url":"https:\/\/csp.ch\/wp-content\/uploads\/sites\/5\/2024\/11\/Programme-Ulysse_Projection-documentaire-2024-scaled.jpg","type":"image\/jpeg"}],"author":"cfluckiger","twitter_card":"summary_large_image","twitter_misc":{"\u00c9crit par":"cfluckiger","Dur\u00e9e de lecture estim\u00e9e":"2 minutes"},"schema":{"@context":"https:\/\/schema.org","@graph":[{"@type":"Article","@id":"https:\/\/csp.ch\/geneve\/ulysse-lintegration-par-la-formation\/#article","isPartOf":{"@id":"https:\/\/csp.ch\/geneve\/ulysse-lintegration-par-la-formation\/"},"author":{"name":"cfluckiger","@id":"https:\/\/csp.ch\/geneve\/#\/schema\/person\/b1068a28034d6bbcbc3ece74beda2d8b"},"headline":"Ulysse: l&rsquo;int\u00e9gration par la formation","datePublished":"2024-11-14T13:11:50+00:00","dateModified":"2024-11-14T13:11:59+00:00","mainEntityOfPage":{"@id":"https:\/\/csp.ch\/geneve\/ulysse-lintegration-par-la-formation\/"},"wordCount":309,"image":{"@id":"https:\/\/csp.ch\/geneve\/ulysse-lintegration-par-la-formation\/#primaryimage"},"thumbnailUrl":"https:\/\/csp.ch\/wp-content\/uploads\/sites\/5\/2024\/11\/Programme-Ulysse_Projection-documentaire-2024-scaled.jpg","articleSection":["Divers","Migration","R\u00e9fugi\u00e9s","R\u00e9insertion"],"inLanguage":"fr-FR"},{"@type":"WebPage","@id":"https:\/\/csp.ch\/geneve\/ulysse-lintegration-par-la-formation\/","url":"https:\/\/csp.ch\/geneve\/ulysse-lintegration-par-la-formation\/","name":"Ulysse: l'int\u00e9gration par la formation - CSP Gen\u00e8ve","isPartOf":{"@id":"https:\/\/csp.ch\/geneve\/#website"},"primaryImageOfPage":{"@id":"https:\/\/csp.ch\/geneve\/ulysse-lintegration-par-la-formation\/#primaryimage"},"image":{"@id":"https:\/\/csp.ch\/geneve\/ulysse-lintegration-par-la-formation\/#primaryimage"},"thumbnailUrl":"https:\/\/csp.ch\/wp-content\/uploads\/sites\/5\/2024\/11\/Programme-Ulysse_Projection-documentaire-2024-scaled.jpg","datePublished":"2024-11-14T13:11:50+00:00","dateModified":"2024-11-14T13:11:59+00:00","author":{"@id":"https:\/\/csp.ch\/geneve\/#\/schema\/person\/b1068a28034d6bbcbc3ece74beda2d8b"},"description":"Avec 4 partenaires, le CSP Gen\u00e8ve pr\u00e9sente Ulysse, un programme de formations pour des jeunes migrants pr\u00e9sentant des troubles de l\u2019apprentissage.","breadcrumb":{"@id":"https:\/\/csp.ch\/geneve\/ulysse-lintegration-par-la-formation\/#breadcrumb"},"inLanguage":"fr-FR","potentialAction":[{"@type":"ReadAction","target":["https:\/\/csp.ch\/geneve\/ulysse-lintegration-par-la-formation\/"]}]},{"@type":"ImageObject","inLanguage":"fr-FR","@id":"https:\/\/csp.ch\/geneve\/ulysse-lintegration-par-la-formation\/#primaryimage","url":"https:\/\/csp.ch\/wp-content\/uploads\/sites\/5\/2024\/11\/Programme-Ulysse_Projection-documentaire-2024-scaled.jpg","contentUrl":"https:\/\/csp.ch\/wp-content\/uploads\/sites\/5\/2024\/11\/Programme-Ulysse_Projection-documentaire-2024-scaled.jpg","width":2560,"height":1707},{"@type":"BreadcrumbList","@id":"https:\/\/csp.ch\/geneve\/ulysse-lintegration-par-la-formation\/#breadcrumb","itemListElement":[{"@type":"ListItem","position":1,"name":"Accueil","item":"https:\/\/csp.ch\/geneve\/"},{"@type":"ListItem","position":2,"name":"Ulysse: l&rsquo;int\u00e9gration par la formation"}]},{"@type":"WebSite","@id":"https:\/\/csp.ch\/geneve\/#website","url":"https:\/\/csp.ch\/geneve\/","name":"CSP Gen\u00e8ve","description":"","potentialAction":[{"@type":"SearchAction","target":{"@type":"EntryPoint","urlTemplate":"https:\/\/csp.ch\/geneve\/?s={search_term_string}"},"query-input":{"@type":"PropertyValueSpecification","valueRequired":true,"valueName":"search_term_string"}}],"inLanguage":"fr-FR"},{"@type":"Person","@id":"https:\/\/csp.ch\/geneve\/#\/schema\/person\/b1068a28034d6bbcbc3ece74beda2d8b","name":"cfluckiger","image":{"@type":"ImageObject","inLanguage":"fr-FR","@id":"https:\/\/csp.ch\/geneve\/#\/schema\/person\/image\/","url":"https:\/\/secure.gravatar.com\/avatar\/4a15eb964f996a19908f93512f9db569a54b04a75162bb7afa710250c1da52f7?s=96&d=mm&r=g","contentUrl":"https:\/\/secure.gravatar.com\/avatar\/4a15eb964f996a19908f93512f9db569a54b04a75162bb7afa710250c1da52f7?s=96&d=mm&r=g","caption":"cfluckiger"},"url":"https:\/\/csp.ch\/geneve\/author\/cfluckiger\/"}]}},"_links":{"self":[{"href":"https:\/\/csp.ch\/geneve\/wp-json\/wp\/v2\/posts\/24566","targetHints":{"allow":["GET"]}}],"collection":[{"href":"https:\/\/csp.ch\/geneve\/wp-json\/wp\/v2\/posts"}],"about":[{"href":"https:\/\/csp.ch\/geneve\/wp-json\/wp\/v2\/types\/post"}],"author":[{"embeddable":true,"href":"https:\/\/csp.ch\/geneve\/wp-json\/wp\/v2\/users\/12"}],"replies":[{"embeddable":true,"href":"https:\/\/csp.ch\/geneve\/wp-json\/wp\/v2\/comments?post=24566"}],"version-history":[{"count":3,"href":"https:\/\/csp.ch\/geneve\/wp-json\/wp\/v2\/posts\/24566\/revisions"}],"predecessor-version":[{"id":24573,"href":"https:\/\/csp.ch\/geneve\/wp-json\/wp\/v2\/posts\/24566\/revisions\/24573"}],"wp:featuredmedia":[{"embeddable":true,"href":"https:\/\/csp.ch\/geneve\/wp-json\/wp\/v2\/media\/24564"}],"wp:attachment":[{"href":"https:\/\/csp.ch\/geneve\/wp-json\/wp\/v2\/media?parent=24566"}],"wp:term":[{"taxonomy":"category","embeddable":true,"href":"https:\/\/csp.ch\/geneve\/wp-json\/wp\/v2\/categories?post=24566"},{"taxonomy":"post_tag","embeddable":true,"href":"https:\/\/csp.ch\/geneve\/wp-json\/wp\/v2\/tags?post=24566"}],"curies":[{"name":"wp","href":"https:\/\/api.w.org\/{rel}","templated":true}]}}