{"id":24150,"date":"2024-10-18T12:00:48","date_gmt":"2024-10-18T10:00:48","guid":{"rendered":"https:\/\/csp.ch\/geneve\/?p=24150"},"modified":"2024-10-17T17:43:18","modified_gmt":"2024-10-17T15:43:18","slug":"journee-europeenne-contre-la-traite-des-etres-humains-18-octobre","status":"publish","type":"post","link":"https:\/\/csp.ch\/geneve\/journee-europeenne-contre-la-traite-des-etres-humains-18-octobre\/","title":{"rendered":"Journ\u00e9e europ\u00e9enne contre la traite des \u00eatres humains &#8211; 18 octobre"},"content":{"rendered":"<p><strong>La traite des \u00eatres humains n&rsquo;est pas un d\u00e9lit mineur &#8211; Justice et r\u00e9paration pour les victimes de la traite des \u00eatres humains<\/strong><\/p>\n<p>Cette ann\u00e9e, quelques tribunaux suisses ont \u00e9t\u00e9 amen\u00e9s \u00e0 juger des affaires de traite des \u00eatres humains. M\u00eame si les situations d\u2019exploitation \u00e9taient diff\u00e9rentes, dans la plupart des cas la traite n\u2019a pas finalement \u00e9t\u00e9 retenue malgr\u00e9 les indicateurs \u00e9vidents, le jugement \u00e0 l&rsquo;\u00e9gard des auteurs a \u00e9t\u00e9 relativement cl\u00e9ment et le montant accord\u00e9 aux victimes au titre des r\u00e9parations morales a \u00e9t\u00e9 faible.\u00a0 La Plateforme Traite d\u00e9plore la contradiction entre l&rsquo;ampleur de l\u2019exploitation subie par les victimes de la traite des \u00eatres humains, les risques et l&rsquo;incertitude auxquels elles sont expos\u00e9es lorsqu&rsquo;elles participent \u00e0 des proc\u00e9dures p\u00e9nales et l&rsquo;issue de ces proc\u00e9dures en termes de condamnations des auteurs et d\u2019indemnisation des victimes.<\/p>\n<p><strong>L&rsquo;injustice n&rsquo;est pas reconnue<\/strong><\/p>\n<p>Le jugement dans <a href=\"https:\/\/www.24heures.ch\/zurich-un-couple-est-accuse-desclavage-sur-deux-femmes-623857464887\">l&rsquo;affaire de traite des \u00eatres humains d&rsquo;Andelfingen<\/a>\u00a0a \u00e9t\u00e9 prononc\u00e9 fin septembre. L&rsquo;auteur principal doit purger une peine de neuf mois de prison &#8211; une dur\u00e9e plus courte que celle pendant laquelle ses deux victimes ont \u00e9t\u00e9 enferm\u00e9es et exploit\u00e9es. L&rsquo;indemnisation des victimes est \u00e9galement nettement inf\u00e9rieure au profit que les auteurs ont tir\u00e9 de l&rsquo;exploitation des femmes concern\u00e9es.<\/p>\n<p>Dans<a href=\"https:\/\/www.letemps.ch\/suisse\/geneve\/a-geneve-la-tres-riche-famille-hinduja-est-condamnee-a-des-peines-fermes-pour-usure-par-metier?srsltid=AfmBOooicm-eS251pNTazDgprSXKWsDrNuP5wGIOq6wsTmS4la7Nj_Jk\"> le cas de la famille Hinduja<\/a>, o\u00f9 plusieurs employ\u00e9es de maison ont \u00e9t\u00e9 exploit\u00e9es \u00e0 Gen\u00e8ve, l&rsquo;accusation de traite d&rsquo;\u00eatres humains n\u2019a pas \u00e9t\u00e9 retenue cet \u00e9t\u00e9 en raison, entre autres, du retour volontaire des victimes chez les auteurs. Le fait que le consentement ne devrait pas \u00eatre valable en pr\u00e9sence de moyens de contrainte ainsi que la condition particuli\u00e8re des victimes touch\u00e9es par la pr\u00e9carit\u00e9 et ne disposant pas d\u2019un permis de s\u00e9jour en Suisse, n\u2019ont pas \u00e9t\u00e9 pris suffisamment en compte. Malgr\u00e9 la gravit\u00e9 des faits reproch\u00e9s, les auteurs ont \u00e9t\u00e9 condamn\u00e9s pour l\u2019infraction d\u2019usure. Une peine de privation de libert\u00e9 de plusieurs ann\u00e9es a \u00e9t\u00e9 prononc\u00e9e. Le Minist\u00e8re public a recouru contre la d\u00e9cision.<\/p>\n<p>\u00ab La situation particuli\u00e8re des victimes de la traite des \u00eatres humains n&rsquo;est pas suffisamment prise en compte dans le travail des tribunaux et des procureurs \u00bb, affirme Georgiana Ursprung de la Plateforme Traite, comme les cas mentionn\u00e9s ci-dessus d\u00e9montrent.<\/p>\n<p><strong>La traite des \u00eatres humains ne doit pas \u00eatre rentable<\/strong><\/p>\n<p>Lorsque les indemnit\u00e9s vers\u00e9es sont trop faibles, l&rsquo;exploitation peut \u00eatre per\u00e7ue comme \u00ab rentable \u00bb financi\u00e8rement pour les auteurs. Cela envoie un mauvais signal. \u00ab Nous sollicitons une indemnisation des salaires non pay\u00e9s perdu et \u00e0 accorder des r\u00e9parations pour le tort morale coh\u00e9rentes avec les cons\u00e9quences de l\u2019exploitation subie\u00bb, d\u00e9clare Fanie Wirth, <a href=\"http:\/\/www.fiz-info.ch\">FIZ Fachstelle Frauenhandel und Frauenmigration<\/a>.<\/p>\n<p>La majorit\u00e9 des cas de traite des \u00eatres humains n&rsquo;aboutisse pas devant les tribunaux<\/p>\n<p>La disproportion entre le nombre de victimes identifi\u00e9es et le nombre de condamnation pour traite des \u00eatres humains est grande. En 2023, sur 197 victimes identifi\u00e9es de la traite d&rsquo;\u00eatres humains par les services sp\u00e9cialis\u00e9s de la Plateforme Traite, seules 8 condamnations p\u00e9nales ont \u00e9t\u00e9 prononc\u00e9es pour traite d&rsquo;\u00eatres humains. <a href=\"https:\/\/plateforme-traite.ch\/wp-content\/uploads\/2024\/07\/20240730-Opferstatistik_statistique-des-victimes.pdf\">En 2022, sur 177 victimes identifi\u00e9es, seules 7 condamnations pour traite d&rsquo;\u00eatres humains ont \u00e9t\u00e9 prononc\u00e9es<\/a>.<\/p>\n<p>Lorsqu&rsquo;une proc\u00e9dure p\u00e9nale est engag\u00e9e, c&rsquo;est souvent une infraction connexe qui est privil\u00e9gi\u00e9e telle que l&rsquo;usure ou l&rsquo;encouragement \u00e0 la prostitution au lieu de la traite des \u00eatres humains. L&rsquo;article de loi actuel sur la traite des \u00eatres humains en Suisse est trop rarement appliqu\u00e9 ou de mani\u00e8re tr\u00e8s restrictive. L\u2019interpr\u00e9tation \u00e9troite de la contrainte n&rsquo;est pas conforme \u00e0 la Convention du Conseil de l&rsquo;Europe sur la lutte contre la traite des \u00eatres humains. De plus, la traite des \u00eatres humains est un crime complexe pour lequel de nombreux cantons ne font pas disponibles des ressources financi\u00e8res et de temps n\u00e9cessaires pour mener des enqu\u00eates approfondies. De plus les autorit\u00e9s p\u00e9nales sont peu sensibilis\u00e9es \u00e0 la th\u00e9matique de la traite ce qui explique aussi le nombre de condamnations encore faible pour cette infraction. \u00ab Une modification de l\u2019article du code p\u00e9nale sur la traite permettant d\u2019en pr\u00e9ciser les \u00e9l\u00e9ments constitutifs, ainsi que des ressources suffisantes pour les poursuites p\u00e9nales sont n\u00e9cessaires \u00bb, d\u00e9clare Angela Oriti <a href=\"http:\/\/www.astree.ch\">d&rsquo;ASTR\u00c9E<\/a>.<\/p>\n<p><strong>S\u00e9jour des victimes de traite en Suisse n\u2019est pas garantie apr\u00e8s la proc\u00e9dure p\u00e9nale<\/strong><\/p>\n<p>Les personnes concern\u00e9es ont souvent particip\u00e9 pendant des ann\u00e9es \u00e0 une proc\u00e9dure p\u00e9nale. Elles ont racont\u00e9 \u00e0 plusieurs reprises leur histoire, leur exploitation et ont d\u00fb entrer dans les d\u00e9tails des violences subies mais aussi d\u00fb faire face aux auteurs et aux risques de repr\u00e9sailles. Beaucoup sont traumatis\u00e9es et luttent contre les cons\u00e9quences psychiques et physiques.<\/p>\n<p>Leur t\u00e9moignage a permis de condamner les auteurs. Malgr\u00e9 cela, un avenir incertain attend de nombreuses victimes, leur s\u00e9jour en Suisse \u00e0 long terme n\u2019\u00e9tant pas garanti. Pour de nombreuses victimes, cette incertitude p\u00e8se sur leur sant\u00e9 et leur int\u00e9gration et reste peu compr\u00e9hensible face aux risques pris en participant \u00e0 la proc\u00e9dure p\u00e9nale. \u00ab La participation \u00e0 la proc\u00e9dure p\u00e9nale est traumatisante pour de nombreuses personnes concern\u00e9es et constitue un risque pour elles et souvent aussi pour leur famille dans leur pays d&rsquo;origine \u00bb, explique Leila Boussemacer, CSP Gen\u00e8ve.<\/p>\n<p>L\u2019acc\u00e8s \u00e0 des autorisations de s\u00e9jour pour cas de rigueur apr\u00e8s une proc\u00e9dure p\u00e9nale contribuerait \u00e0 ce que les personnes victimes puissent se reconstruire et \u00e9viter une nouvelle exploitation.<\/p>\n<p>&nbsp;<\/p>\n<hr \/>\n<p><a href=\"https:\/\/plateforme-traite.ch\/\">Plateforme Trait<\/a>e est un r\u00e9seau suisse de quatre organisations sp\u00e9cialis\u00e9es (CSP Gen\u00e8ve, <a href=\"http:\/\/www.astree.ch\">ASTR\u00c9E<\/a>, <a href=\"http:\/\/www.fiz-info.ch\">FIZ Fachstelle Frauenhandel und Frauenmigration<\/a>, <a href=\"http:\/\/www.sos-ti.ch\/mayday.html\">Antenna MayDay<\/a>), qui s&rsquo;engagent contre la traite des \u00eatres humains et identifient, conseillent et assistent les victimes. Leurs principes de base sont le respect des droits humains et l&rsquo;attention port\u00e9e aux besoins des personnes concern\u00e9es.<\/p>\n<p>&#x69;&#x6e;&#102;&#111;&#64;p&#x6c;&#x61;&#x74;&#101;fo&#x72;&#x6d;&#x65;&#45;&#116;r&#x61;&#x69;&#x74;&#101;&#46;c&#x68;, <a href=\"https:\/\/plateforme-traite.ch\/\">www.plateforme-traite.ch<\/a><\/p>\n","protected":false},"excerpt":{"rendered":"<p>La traite des \u00eatres humains n&rsquo;est pas un d\u00e9lit mineur &#8211; Justice et r\u00e9paration pour les victimes de la traite des \u00eatres humains Cette ann\u00e9e, quelques tribunaux suisses ont \u00e9t\u00e9 amen\u00e9s \u00e0 juger des affaires de traite des \u00eatres humains. M\u00eame si les situations d\u2019exploitation \u00e9taient diff\u00e9rentes, dans la plupart des cas la traite n\u2019a [&hellip;]<\/p>\n","protected":false},"author":32,"featured_media":24152,"comment_status":"closed","ping_status":"closed","sticky":false,"template":"","format":"standard","meta":{"_acf_changed":false,"footnotes":""},"categories":[1,47],"tags":[],"class_list":["post-24150","post","type-post","status-publish","format-standard","has-post-thumbnail","hentry","category-non-classe","category-traite-des-etres-humains"],"acf":[],"yoast_head":"<!-- This site is optimized with the Yoast SEO plugin v27.1.1 - https:\/\/yoast.com\/product\/yoast-seo-wordpress\/ -->\n<title>Journ\u00e9e europ\u00e9enne contre la traite des \u00eatres humains - 18 octobre - CSP Gen\u00e8ve<\/title>\n<meta name=\"description\" content=\"La traite des \u00eatres humains n&#039;est pas un d\u00e9lit mineur - Justice et r\u00e9paration pour les victimes de la traite des \u00eatres humains\" \/>\n<meta name=\"robots\" content=\"index, follow, max-snippet:-1, max-image-preview:large, max-video-preview:-1\" \/>\n<link rel=\"canonical\" href=\"https:\/\/csp.ch\/geneve\/journee-europeenne-contre-la-traite-des-etres-humains-18-octobre\/\" \/>\n<meta property=\"og:locale\" content=\"fr_FR\" \/>\n<meta property=\"og:type\" content=\"article\" \/>\n<meta property=\"og:title\" content=\"Journ\u00e9e europ\u00e9enne contre la traite des \u00eatres humains - 18 octobre - CSP Gen\u00e8ve\" \/>\n<meta property=\"og:description\" content=\"La traite des \u00eatres humains n&#039;est pas un d\u00e9lit mineur - Justice et r\u00e9paration pour les victimes de la traite des \u00eatres humains\" \/>\n<meta property=\"og:url\" content=\"https:\/\/csp.ch\/geneve\/journee-europeenne-contre-la-traite-des-etres-humains-18-octobre\/\" \/>\n<meta property=\"og:site_name\" content=\"CSP Gen\u00e8ve\" \/>\n<meta property=\"article:published_time\" content=\"2024-10-18T10:00:48+00:00\" \/>\n<meta property=\"og:image\" content=\"https:\/\/csp.ch\/wp-content\/uploads\/sites\/5\/2024\/10\/MH_FOTO_ROCK_06-scaled.jpg\" \/>\n\t<meta property=\"og:image:width\" content=\"2560\" \/>\n\t<meta property=\"og:image:height\" content=\"1707\" \/>\n\t<meta property=\"og:image:type\" content=\"image\/jpeg\" \/>\n<meta name=\"author\" content=\"kschach\" \/>\n<meta name=\"twitter:card\" content=\"summary_large_image\" \/>\n<meta name=\"twitter:label1\" content=\"\u00c9crit par\" \/>\n\t<meta name=\"twitter:data1\" content=\"kschach\" \/>\n\t<meta name=\"twitter:label2\" content=\"Dur\u00e9e de lecture estim\u00e9e\" \/>\n\t<meta name=\"twitter:data2\" content=\"5 minutes\" \/>\n<script type=\"application\/ld+json\" class=\"yoast-schema-graph\">{\"@context\":\"https:\/\/schema.org\",\"@graph\":[{\"@type\":\"Article\",\"@id\":\"https:\/\/csp.ch\/geneve\/journee-europeenne-contre-la-traite-des-etres-humains-18-octobre\/#article\",\"isPartOf\":{\"@id\":\"https:\/\/csp.ch\/geneve\/journee-europeenne-contre-la-traite-des-etres-humains-18-octobre\/\"},\"author\":{\"name\":\"kschach\",\"@id\":\"https:\/\/csp.ch\/geneve\/#\/schema\/person\/9d3863f340958049df7c835076b616a0\"},\"headline\":\"Journ\u00e9e europ\u00e9enne contre la traite des \u00eatres humains &#8211; 18 octobre\",\"datePublished\":\"2024-10-18T10:00:48+00:00\",\"mainEntityOfPage\":{\"@id\":\"https:\/\/csp.ch\/geneve\/journee-europeenne-contre-la-traite-des-etres-humains-18-octobre\/\"},\"wordCount\":1062,\"image\":{\"@id\":\"https:\/\/csp.ch\/geneve\/journee-europeenne-contre-la-traite-des-etres-humains-18-octobre\/#primaryimage\"},\"thumbnailUrl\":\"https:\/\/csp.ch\/wp-content\/uploads\/sites\/5\/2024\/10\/MH_FOTO_ROCK_06-scaled.jpg\",\"articleSection\":[\"Divers\",\"Traite des \u00eatres humains\"],\"inLanguage\":\"fr-FR\"},{\"@type\":\"WebPage\",\"@id\":\"https:\/\/csp.ch\/geneve\/journee-europeenne-contre-la-traite-des-etres-humains-18-octobre\/\",\"url\":\"https:\/\/csp.ch\/geneve\/journee-europeenne-contre-la-traite-des-etres-humains-18-octobre\/\",\"name\":\"Journ\u00e9e europ\u00e9enne contre la traite des \u00eatres humains - 18 octobre - CSP Gen\u00e8ve\",\"isPartOf\":{\"@id\":\"https:\/\/csp.ch\/geneve\/#website\"},\"primaryImageOfPage\":{\"@id\":\"https:\/\/csp.ch\/geneve\/journee-europeenne-contre-la-traite-des-etres-humains-18-octobre\/#primaryimage\"},\"image\":{\"@id\":\"https:\/\/csp.ch\/geneve\/journee-europeenne-contre-la-traite-des-etres-humains-18-octobre\/#primaryimage\"},\"thumbnailUrl\":\"https:\/\/csp.ch\/wp-content\/uploads\/sites\/5\/2024\/10\/MH_FOTO_ROCK_06-scaled.jpg\",\"datePublished\":\"2024-10-18T10:00:48+00:00\",\"author\":{\"@id\":\"https:\/\/csp.ch\/geneve\/#\/schema\/person\/9d3863f340958049df7c835076b616a0\"},\"description\":\"La traite des \u00eatres humains n'est pas un d\u00e9lit mineur - Justice et r\u00e9paration pour les victimes de la traite des \u00eatres humains\",\"breadcrumb\":{\"@id\":\"https:\/\/csp.ch\/geneve\/journee-europeenne-contre-la-traite-des-etres-humains-18-octobre\/#breadcrumb\"},\"inLanguage\":\"fr-FR\",\"potentialAction\":[{\"@type\":\"ReadAction\",\"target\":[\"https:\/\/csp.ch\/geneve\/journee-europeenne-contre-la-traite-des-etres-humains-18-octobre\/\"]}]},{\"@type\":\"ImageObject\",\"inLanguage\":\"fr-FR\",\"@id\":\"https:\/\/csp.ch\/geneve\/journee-europeenne-contre-la-traite-des-etres-humains-18-octobre\/#primaryimage\",\"url\":\"https:\/\/csp.ch\/wp-content\/uploads\/sites\/5\/2024\/10\/MH_FOTO_ROCK_06-scaled.jpg\",\"contentUrl\":\"https:\/\/csp.ch\/wp-content\/uploads\/sites\/5\/2024\/10\/MH_FOTO_ROCK_06-scaled.jpg\",\"width\":2560,\"height\":1707},{\"@type\":\"BreadcrumbList\",\"@id\":\"https:\/\/csp.ch\/geneve\/journee-europeenne-contre-la-traite-des-etres-humains-18-octobre\/#breadcrumb\",\"itemListElement\":[{\"@type\":\"ListItem\",\"position\":1,\"name\":\"Accueil\",\"item\":\"https:\/\/csp.ch\/geneve\/\"},{\"@type\":\"ListItem\",\"position\":2,\"name\":\"Journ\u00e9e europ\u00e9enne contre la traite des \u00eatres humains &#8211; 18 octobre\"}]},{\"@type\":\"WebSite\",\"@id\":\"https:\/\/csp.ch\/geneve\/#website\",\"url\":\"https:\/\/csp.ch\/geneve\/\",\"name\":\"CSP Gen\u00e8ve\",\"description\":\"\",\"potentialAction\":[{\"@type\":\"SearchAction\",\"target\":{\"@type\":\"EntryPoint\",\"urlTemplate\":\"https:\/\/csp.ch\/geneve\/?s={search_term_string}\"},\"query-input\":{\"@type\":\"PropertyValueSpecification\",\"valueRequired\":true,\"valueName\":\"search_term_string\"}}],\"inLanguage\":\"fr-FR\"},{\"@type\":\"Person\",\"@id\":\"https:\/\/csp.ch\/geneve\/#\/schema\/person\/9d3863f340958049df7c835076b616a0\",\"name\":\"kschach\",\"image\":{\"@type\":\"ImageObject\",\"inLanguage\":\"fr-FR\",\"@id\":\"https:\/\/csp.ch\/geneve\/#\/schema\/person\/image\/\",\"url\":\"https:\/\/secure.gravatar.com\/avatar\/b9e8bd33105bf5642e115513de9c558ebc32a1af8c0b131ed24c6605dfb5a6fb?s=96&d=mm&r=g\",\"contentUrl\":\"https:\/\/secure.gravatar.com\/avatar\/b9e8bd33105bf5642e115513de9c558ebc32a1af8c0b131ed24c6605dfb5a6fb?s=96&d=mm&r=g\",\"caption\":\"kschach\"},\"url\":\"https:\/\/csp.ch\/geneve\/author\/kschach\/\"}]}<\/script>\n<!-- \/ Yoast SEO plugin. -->","yoast_head_json":{"title":"Journ\u00e9e europ\u00e9enne contre la traite des \u00eatres humains - 18 octobre - CSP Gen\u00e8ve","description":"La traite des \u00eatres humains n'est pas un d\u00e9lit mineur - Justice et r\u00e9paration pour les victimes de la traite des \u00eatres humains","robots":{"index":"index","follow":"follow","max-snippet":"max-snippet:-1","max-image-preview":"max-image-preview:large","max-video-preview":"max-video-preview:-1"},"canonical":"https:\/\/csp.ch\/geneve\/journee-europeenne-contre-la-traite-des-etres-humains-18-octobre\/","og_locale":"fr_FR","og_type":"article","og_title":"Journ\u00e9e europ\u00e9enne contre la traite des \u00eatres humains - 18 octobre - CSP Gen\u00e8ve","og_description":"La traite des \u00eatres humains n'est pas un d\u00e9lit mineur - Justice et r\u00e9paration pour les victimes de la traite des \u00eatres humains","og_url":"https:\/\/csp.ch\/geneve\/journee-europeenne-contre-la-traite-des-etres-humains-18-octobre\/","og_site_name":"CSP Gen\u00e8ve","article_published_time":"2024-10-18T10:00:48+00:00","og_image":[{"width":2560,"height":1707,"url":"https:\/\/csp.ch\/wp-content\/uploads\/sites\/5\/2024\/10\/MH_FOTO_ROCK_06-scaled.jpg","type":"image\/jpeg"}],"author":"kschach","twitter_card":"summary_large_image","twitter_misc":{"\u00c9crit par":"kschach","Dur\u00e9e de lecture estim\u00e9e":"5 minutes"},"schema":{"@context":"https:\/\/schema.org","@graph":[{"@type":"Article","@id":"https:\/\/csp.ch\/geneve\/journee-europeenne-contre-la-traite-des-etres-humains-18-octobre\/#article","isPartOf":{"@id":"https:\/\/csp.ch\/geneve\/journee-europeenne-contre-la-traite-des-etres-humains-18-octobre\/"},"author":{"name":"kschach","@id":"https:\/\/csp.ch\/geneve\/#\/schema\/person\/9d3863f340958049df7c835076b616a0"},"headline":"Journ\u00e9e europ\u00e9enne contre la traite des \u00eatres humains &#8211; 18 octobre","datePublished":"2024-10-18T10:00:48+00:00","mainEntityOfPage":{"@id":"https:\/\/csp.ch\/geneve\/journee-europeenne-contre-la-traite-des-etres-humains-18-octobre\/"},"wordCount":1062,"image":{"@id":"https:\/\/csp.ch\/geneve\/journee-europeenne-contre-la-traite-des-etres-humains-18-octobre\/#primaryimage"},"thumbnailUrl":"https:\/\/csp.ch\/wp-content\/uploads\/sites\/5\/2024\/10\/MH_FOTO_ROCK_06-scaled.jpg","articleSection":["Divers","Traite des \u00eatres humains"],"inLanguage":"fr-FR"},{"@type":"WebPage","@id":"https:\/\/csp.ch\/geneve\/journee-europeenne-contre-la-traite-des-etres-humains-18-octobre\/","url":"https:\/\/csp.ch\/geneve\/journee-europeenne-contre-la-traite-des-etres-humains-18-octobre\/","name":"Journ\u00e9e europ\u00e9enne contre la traite des \u00eatres humains - 18 octobre - CSP Gen\u00e8ve","isPartOf":{"@id":"https:\/\/csp.ch\/geneve\/#website"},"primaryImageOfPage":{"@id":"https:\/\/csp.ch\/geneve\/journee-europeenne-contre-la-traite-des-etres-humains-18-octobre\/#primaryimage"},"image":{"@id":"https:\/\/csp.ch\/geneve\/journee-europeenne-contre-la-traite-des-etres-humains-18-octobre\/#primaryimage"},"thumbnailUrl":"https:\/\/csp.ch\/wp-content\/uploads\/sites\/5\/2024\/10\/MH_FOTO_ROCK_06-scaled.jpg","datePublished":"2024-10-18T10:00:48+00:00","author":{"@id":"https:\/\/csp.ch\/geneve\/#\/schema\/person\/9d3863f340958049df7c835076b616a0"},"description":"La traite des \u00eatres humains n'est pas un d\u00e9lit mineur - Justice et r\u00e9paration pour les victimes de la traite des \u00eatres humains","breadcrumb":{"@id":"https:\/\/csp.ch\/geneve\/journee-europeenne-contre-la-traite-des-etres-humains-18-octobre\/#breadcrumb"},"inLanguage":"fr-FR","potentialAction":[{"@type":"ReadAction","target":["https:\/\/csp.ch\/geneve\/journee-europeenne-contre-la-traite-des-etres-humains-18-octobre\/"]}]},{"@type":"ImageObject","inLanguage":"fr-FR","@id":"https:\/\/csp.ch\/geneve\/journee-europeenne-contre-la-traite-des-etres-humains-18-octobre\/#primaryimage","url":"https:\/\/csp.ch\/wp-content\/uploads\/sites\/5\/2024\/10\/MH_FOTO_ROCK_06-scaled.jpg","contentUrl":"https:\/\/csp.ch\/wp-content\/uploads\/sites\/5\/2024\/10\/MH_FOTO_ROCK_06-scaled.jpg","width":2560,"height":1707},{"@type":"BreadcrumbList","@id":"https:\/\/csp.ch\/geneve\/journee-europeenne-contre-la-traite-des-etres-humains-18-octobre\/#breadcrumb","itemListElement":[{"@type":"ListItem","position":1,"name":"Accueil","item":"https:\/\/csp.ch\/geneve\/"},{"@type":"ListItem","position":2,"name":"Journ\u00e9e europ\u00e9enne contre la traite des \u00eatres humains &#8211; 18 octobre"}]},{"@type":"WebSite","@id":"https:\/\/csp.ch\/geneve\/#website","url":"https:\/\/csp.ch\/geneve\/","name":"CSP Gen\u00e8ve","description":"","potentialAction":[{"@type":"SearchAction","target":{"@type":"EntryPoint","urlTemplate":"https:\/\/csp.ch\/geneve\/?s={search_term_string}"},"query-input":{"@type":"PropertyValueSpecification","valueRequired":true,"valueName":"search_term_string"}}],"inLanguage":"fr-FR"},{"@type":"Person","@id":"https:\/\/csp.ch\/geneve\/#\/schema\/person\/9d3863f340958049df7c835076b616a0","name":"kschach","image":{"@type":"ImageObject","inLanguage":"fr-FR","@id":"https:\/\/csp.ch\/geneve\/#\/schema\/person\/image\/","url":"https:\/\/secure.gravatar.com\/avatar\/b9e8bd33105bf5642e115513de9c558ebc32a1af8c0b131ed24c6605dfb5a6fb?s=96&d=mm&r=g","contentUrl":"https:\/\/secure.gravatar.com\/avatar\/b9e8bd33105bf5642e115513de9c558ebc32a1af8c0b131ed24c6605dfb5a6fb?s=96&d=mm&r=g","caption":"kschach"},"url":"https:\/\/csp.ch\/geneve\/author\/kschach\/"}]}},"_links":{"self":[{"href":"https:\/\/csp.ch\/geneve\/wp-json\/wp\/v2\/posts\/24150","targetHints":{"allow":["GET"]}}],"collection":[{"href":"https:\/\/csp.ch\/geneve\/wp-json\/wp\/v2\/posts"}],"about":[{"href":"https:\/\/csp.ch\/geneve\/wp-json\/wp\/v2\/types\/post"}],"author":[{"embeddable":true,"href":"https:\/\/csp.ch\/geneve\/wp-json\/wp\/v2\/users\/32"}],"replies":[{"embeddable":true,"href":"https:\/\/csp.ch\/geneve\/wp-json\/wp\/v2\/comments?post=24150"}],"version-history":[{"count":3,"href":"https:\/\/csp.ch\/geneve\/wp-json\/wp\/v2\/posts\/24150\/revisions"}],"predecessor-version":[{"id":24155,"href":"https:\/\/csp.ch\/geneve\/wp-json\/wp\/v2\/posts\/24150\/revisions\/24155"}],"wp:featuredmedia":[{"embeddable":true,"href":"https:\/\/csp.ch\/geneve\/wp-json\/wp\/v2\/media\/24152"}],"wp:attachment":[{"href":"https:\/\/csp.ch\/geneve\/wp-json\/wp\/v2\/media?parent=24150"}],"wp:term":[{"taxonomy":"category","embeddable":true,"href":"https:\/\/csp.ch\/geneve\/wp-json\/wp\/v2\/categories?post=24150"},{"taxonomy":"post_tag","embeddable":true,"href":"https:\/\/csp.ch\/geneve\/wp-json\/wp\/v2\/tags?post=24150"}],"curies":[{"name":"wp","href":"https:\/\/api.w.org\/{rel}","templated":true}]}}