{"id":23491,"date":"2024-06-24T17:53:16","date_gmt":"2024-06-24T15:53:16","guid":{"rendered":"https:\/\/csp.ch\/geneve\/?p=23491"},"modified":"2024-06-26T12:24:36","modified_gmt":"2024-06-26T10:24:36","slug":"ielles-se-creent-un-nouvel-avenir-par-la-couture","status":"publish","type":"post","link":"https:\/\/csp.ch\/geneve\/ielles-se-creent-un-nouvel-avenir-par-la-couture\/","title":{"rendered":"Ielles se cr\u00e9ent un nouvel avenir par la couture"},"content":{"rendered":"<div class=\"wpb-content-wrapper\"><p>[vc_row][vc_column][vc_column_text]<\/p>\n<h3>Atelier couture du CSP<\/h3>\n<p>Notre Atelier couture nous r\u00e9servait pour la seconde ann\u00e9e cons\u00e9cutive un grand moment d&rsquo;\u00e9motion avec la pr\u00e9sentation, le jeudi 20 juin dernier \u00e0 la Renfile de Plan-les-Ouates, des cr\u00e9ations de six jeunes lors d&rsquo;un extraordinaire d\u00e9fil\u00e9.<\/p>\n<p>A la recherche d&rsquo;une formation, ces jeunes \u00e2g\u00e9.es de 18 \u00e0 25 ans se sont investi.es pendant dix mois au sein de l&rsquo;atelier pour d\u00e9couvrir les techniques de la couture et, surtout, pour reprendre confiance en eux et l&rsquo;avenir \u00e0 travers une activit\u00e9 exploratrice et cr\u00e9atrice.<\/p>\n<p>A l&rsquo;issue de ce projet, qui s&rsquo;inscrit dans le programme \u00ab\u00a0<a href=\"https:\/\/www.ge.ch\/dossier\/objectif-jeunes-insertion-sport-arts-culture\">Objectif jeunes<\/a>\u00a0\u00bb du D\u00e9partement de la coh\u00e9sion sociale du Canton de Gen\u00e8ve, les six jeunes ont renou\u00e9 avec une formation, en CFP Arts ou encore dans les m\u00e9tiers de la bijouterie et du cuir, entre autres.<\/p>\n<p>D\u00e9couvrez-en plus dans l&rsquo;interview de Chlo\u00e9 Gindre (la Quotidienne de Radio Vostok) ci-dessous ainsi que dans notre galerie d&rsquo;images![\/vc_column_text][vc_btn title=\u00a0\u00bb\u00c9coutez l&rsquo;interview de Chlo\u00e9 Gindre, responsable de l&rsquo;Atelier couture\u00a0\u00bb color=\u00a0\u00bbwarning\u00a0\u00bb align=\u00a0\u00bbcenter\u00a0\u00bb button_block=\u00a0\u00bbtrue\u00a0\u00bb link=\u00a0\u00bburl:https%3A%2F%2Fradiovostok.ch%2Fla-creation-textile-pour-reprendre-sa-vie-en-main%2F\u00a0\u00bb][\/vc_column][\/vc_row][vc_row][vc_column][vc_images_carousel images=\u00a0\u00bb23496,23497,23498,23499,23500,23501,23502,23503,23504,23505,23506,23507,23508,23509,23510,23511,23512,23513,23514&Prime; img_size=\u00a0\u00bb740&#215;500&Prime; autoplay=\u00a0\u00bbyes\u00a0\u00bb hide_pagination_control=\u00a0\u00bbyes\u00a0\u00bb wrap=\u00a0\u00bbyes\u00a0\u00bb title=\u00a0\u00bbD\u00e9fil\u00e9 jeunes du 20 juin 2024&Prime;][\/vc_column][\/vc_row]<\/p>\n<\/div>","protected":false},"excerpt":{"rendered":"<p>[vc_row][vc_column][vc_column_text] Atelier couture du CSP Notre Atelier couture nous r\u00e9servait pour la seconde ann\u00e9e cons\u00e9cutive un grand moment d&rsquo;\u00e9motion avec la pr\u00e9sentation, le jeudi 20 juin dernier \u00e0 la Renfile de Plan-les-Ouates, des cr\u00e9ations de six jeunes lors d&rsquo;un extraordinaire d\u00e9fil\u00e9. A la recherche d&rsquo;une formation, ces jeunes \u00e2g\u00e9.es de 18 \u00e0 25 ans se [&hellip;]<\/p>\n","protected":false},"author":32,"featured_media":23517,"comment_status":"closed","ping_status":"closed","sticky":false,"template":"","format":"standard","meta":{"_acf_changed":false,"footnotes":""},"categories":[1,51],"tags":[],"class_list":["post-23491","post","type-post","status-publish","format-standard","has-post-thumbnail","hentry","category-non-classe","category-reinsertion"],"acf":[],"yoast_head":"<!-- This site is optimized with the Yoast SEO plugin v27.1.1 - https:\/\/yoast.com\/product\/yoast-seo-wordpress\/ -->\n<title>Ielles se cr\u00e9ent un nouvel avenir par la couture - CSP Gen\u00e8ve<\/title>\n<meta name=\"description\" content=\"Six jeunes d\u00e9filent pour leur avenir. Retour en images sur leurs cr\u00e9ations, pr\u00e9sent\u00e9es lors de notre \u00e9v\u00e9nement du 20 juin dernier.\" \/>\n<meta name=\"robots\" content=\"index, follow, max-snippet:-1, max-image-preview:large, max-video-preview:-1\" \/>\n<link rel=\"canonical\" href=\"https:\/\/csp.ch\/geneve\/ielles-se-creent-un-nouvel-avenir-par-la-couture\/\" \/>\n<meta property=\"og:locale\" content=\"fr_FR\" \/>\n<meta property=\"og:type\" content=\"article\" \/>\n<meta property=\"og:title\" content=\"Ielles se cr\u00e9ent un nouvel avenir par la couture - CSP Gen\u00e8ve\" \/>\n<meta property=\"og:description\" content=\"Six jeunes d\u00e9filent pour leur avenir. Retour en images sur leurs cr\u00e9ations, pr\u00e9sent\u00e9es lors de notre \u00e9v\u00e9nement du 20 juin dernier.\" \/>\n<meta property=\"og:url\" content=\"https:\/\/csp.ch\/geneve\/ielles-se-creent-un-nouvel-avenir-par-la-couture\/\" \/>\n<meta property=\"og:site_name\" content=\"CSP Gen\u00e8ve\" \/>\n<meta property=\"article:published_time\" content=\"2024-06-24T15:53:16+00:00\" \/>\n<meta property=\"article:modified_time\" content=\"2024-06-26T10:24:36+00:00\" \/>\n<meta property=\"og:image\" content=\"https:\/\/csp.ch\/wp-content\/uploads\/sites\/5\/2024\/06\/240623_Defile_Renfile-372-scaled.jpg\" \/>\n\t<meta property=\"og:image:width\" content=\"2560\" \/>\n\t<meta property=\"og:image:height\" content=\"1704\" \/>\n\t<meta property=\"og:image:type\" content=\"image\/jpeg\" \/>\n<meta name=\"author\" content=\"kschach\" \/>\n<meta name=\"twitter:card\" content=\"summary_large_image\" \/>\n<meta name=\"twitter:label1\" content=\"\u00c9crit par\" \/>\n\t<meta name=\"twitter:data1\" content=\"kschach\" \/>\n\t<meta name=\"twitter:label2\" content=\"Dur\u00e9e de lecture estim\u00e9e\" \/>\n\t<meta name=\"twitter:data2\" content=\"5 minutes\" \/>\n<script type=\"application\/ld+json\" class=\"yoast-schema-graph\">{\"@context\":\"https:\/\/schema.org\",\"@graph\":[{\"@type\":\"Article\",\"@id\":\"https:\/\/csp.ch\/geneve\/ielles-se-creent-un-nouvel-avenir-par-la-couture\/#article\",\"isPartOf\":{\"@id\":\"https:\/\/csp.ch\/geneve\/ielles-se-creent-un-nouvel-avenir-par-la-couture\/\"},\"author\":{\"name\":\"kschach\",\"@id\":\"https:\/\/csp.ch\/geneve\/#\/schema\/person\/9d3863f340958049df7c835076b616a0\"},\"headline\":\"Ielles se cr\u00e9ent un nouvel avenir par la couture\",\"datePublished\":\"2024-06-24T15:53:16+00:00\",\"dateModified\":\"2024-06-26T10:24:36+00:00\",\"mainEntityOfPage\":{\"@id\":\"https:\/\/csp.ch\/geneve\/ielles-se-creent-un-nouvel-avenir-par-la-couture\/\"},\"wordCount\":252,\"image\":{\"@id\":\"https:\/\/csp.ch\/geneve\/ielles-se-creent-un-nouvel-avenir-par-la-couture\/#primaryimage\"},\"thumbnailUrl\":\"https:\/\/csp.ch\/wp-content\/uploads\/sites\/5\/2024\/06\/240623_Defile_Renfile-372-scaled.jpg\",\"articleSection\":[\"Divers\",\"R\u00e9insertion\"],\"inLanguage\":\"fr-FR\"},{\"@type\":\"WebPage\",\"@id\":\"https:\/\/csp.ch\/geneve\/ielles-se-creent-un-nouvel-avenir-par-la-couture\/\",\"url\":\"https:\/\/csp.ch\/geneve\/ielles-se-creent-un-nouvel-avenir-par-la-couture\/\",\"name\":\"Ielles se cr\u00e9ent un nouvel avenir par la couture - CSP Gen\u00e8ve\",\"isPartOf\":{\"@id\":\"https:\/\/csp.ch\/geneve\/#website\"},\"primaryImageOfPage\":{\"@id\":\"https:\/\/csp.ch\/geneve\/ielles-se-creent-un-nouvel-avenir-par-la-couture\/#primaryimage\"},\"image\":{\"@id\":\"https:\/\/csp.ch\/geneve\/ielles-se-creent-un-nouvel-avenir-par-la-couture\/#primaryimage\"},\"thumbnailUrl\":\"https:\/\/csp.ch\/wp-content\/uploads\/sites\/5\/2024\/06\/240623_Defile_Renfile-372-scaled.jpg\",\"datePublished\":\"2024-06-24T15:53:16+00:00\",\"dateModified\":\"2024-06-26T10:24:36+00:00\",\"author\":{\"@id\":\"https:\/\/csp.ch\/geneve\/#\/schema\/person\/9d3863f340958049df7c835076b616a0\"},\"description\":\"Six jeunes d\u00e9filent pour leur avenir. Retour en images sur leurs cr\u00e9ations, pr\u00e9sent\u00e9es lors de notre \u00e9v\u00e9nement du 20 juin dernier.\",\"breadcrumb\":{\"@id\":\"https:\/\/csp.ch\/geneve\/ielles-se-creent-un-nouvel-avenir-par-la-couture\/#breadcrumb\"},\"inLanguage\":\"fr-FR\",\"potentialAction\":[{\"@type\":\"ReadAction\",\"target\":[\"https:\/\/csp.ch\/geneve\/ielles-se-creent-un-nouvel-avenir-par-la-couture\/\"]}]},{\"@type\":\"ImageObject\",\"inLanguage\":\"fr-FR\",\"@id\":\"https:\/\/csp.ch\/geneve\/ielles-se-creent-un-nouvel-avenir-par-la-couture\/#primaryimage\",\"url\":\"https:\/\/csp.ch\/wp-content\/uploads\/sites\/5\/2024\/06\/240623_Defile_Renfile-372-scaled.jpg\",\"contentUrl\":\"https:\/\/csp.ch\/wp-content\/uploads\/sites\/5\/2024\/06\/240623_Defile_Renfile-372-scaled.jpg\",\"width\":2560,\"height\":1704},{\"@type\":\"BreadcrumbList\",\"@id\":\"https:\/\/csp.ch\/geneve\/ielles-se-creent-un-nouvel-avenir-par-la-couture\/#breadcrumb\",\"itemListElement\":[{\"@type\":\"ListItem\",\"position\":1,\"name\":\"Accueil\",\"item\":\"https:\/\/csp.ch\/geneve\/\"},{\"@type\":\"ListItem\",\"position\":2,\"name\":\"Ielles se cr\u00e9ent un nouvel avenir par la couture\"}]},{\"@type\":\"WebSite\",\"@id\":\"https:\/\/csp.ch\/geneve\/#website\",\"url\":\"https:\/\/csp.ch\/geneve\/\",\"name\":\"CSP Gen\u00e8ve\",\"description\":\"\",\"potentialAction\":[{\"@type\":\"SearchAction\",\"target\":{\"@type\":\"EntryPoint\",\"urlTemplate\":\"https:\/\/csp.ch\/geneve\/?s={search_term_string}\"},\"query-input\":{\"@type\":\"PropertyValueSpecification\",\"valueRequired\":true,\"valueName\":\"search_term_string\"}}],\"inLanguage\":\"fr-FR\"},{\"@type\":\"Person\",\"@id\":\"https:\/\/csp.ch\/geneve\/#\/schema\/person\/9d3863f340958049df7c835076b616a0\",\"name\":\"kschach\",\"image\":{\"@type\":\"ImageObject\",\"inLanguage\":\"fr-FR\",\"@id\":\"https:\/\/csp.ch\/geneve\/#\/schema\/person\/image\/\",\"url\":\"https:\/\/secure.gravatar.com\/avatar\/b9e8bd33105bf5642e115513de9c558ebc32a1af8c0b131ed24c6605dfb5a6fb?s=96&d=mm&r=g\",\"contentUrl\":\"https:\/\/secure.gravatar.com\/avatar\/b9e8bd33105bf5642e115513de9c558ebc32a1af8c0b131ed24c6605dfb5a6fb?s=96&d=mm&r=g\",\"caption\":\"kschach\"},\"url\":\"https:\/\/csp.ch\/geneve\/author\/kschach\/\"}]}<\/script>\n<!-- \/ Yoast SEO plugin. -->","yoast_head_json":{"title":"Ielles se cr\u00e9ent un nouvel avenir par la couture - CSP Gen\u00e8ve","description":"Six jeunes d\u00e9filent pour leur avenir. Retour en images sur leurs cr\u00e9ations, pr\u00e9sent\u00e9es lors de notre \u00e9v\u00e9nement du 20 juin dernier.","robots":{"index":"index","follow":"follow","max-snippet":"max-snippet:-1","max-image-preview":"max-image-preview:large","max-video-preview":"max-video-preview:-1"},"canonical":"https:\/\/csp.ch\/geneve\/ielles-se-creent-un-nouvel-avenir-par-la-couture\/","og_locale":"fr_FR","og_type":"article","og_title":"Ielles se cr\u00e9ent un nouvel avenir par la couture - CSP Gen\u00e8ve","og_description":"Six jeunes d\u00e9filent pour leur avenir. Retour en images sur leurs cr\u00e9ations, pr\u00e9sent\u00e9es lors de notre \u00e9v\u00e9nement du 20 juin dernier.","og_url":"https:\/\/csp.ch\/geneve\/ielles-se-creent-un-nouvel-avenir-par-la-couture\/","og_site_name":"CSP Gen\u00e8ve","article_published_time":"2024-06-24T15:53:16+00:00","article_modified_time":"2024-06-26T10:24:36+00:00","og_image":[{"width":2560,"height":1704,"url":"https:\/\/csp.ch\/wp-content\/uploads\/sites\/5\/2024\/06\/240623_Defile_Renfile-372-scaled.jpg","type":"image\/jpeg"}],"author":"kschach","twitter_card":"summary_large_image","twitter_misc":{"\u00c9crit par":"kschach","Dur\u00e9e de lecture estim\u00e9e":"5 minutes"},"schema":{"@context":"https:\/\/schema.org","@graph":[{"@type":"Article","@id":"https:\/\/csp.ch\/geneve\/ielles-se-creent-un-nouvel-avenir-par-la-couture\/#article","isPartOf":{"@id":"https:\/\/csp.ch\/geneve\/ielles-se-creent-un-nouvel-avenir-par-la-couture\/"},"author":{"name":"kschach","@id":"https:\/\/csp.ch\/geneve\/#\/schema\/person\/9d3863f340958049df7c835076b616a0"},"headline":"Ielles se cr\u00e9ent un nouvel avenir par la couture","datePublished":"2024-06-24T15:53:16+00:00","dateModified":"2024-06-26T10:24:36+00:00","mainEntityOfPage":{"@id":"https:\/\/csp.ch\/geneve\/ielles-se-creent-un-nouvel-avenir-par-la-couture\/"},"wordCount":252,"image":{"@id":"https:\/\/csp.ch\/geneve\/ielles-se-creent-un-nouvel-avenir-par-la-couture\/#primaryimage"},"thumbnailUrl":"https:\/\/csp.ch\/wp-content\/uploads\/sites\/5\/2024\/06\/240623_Defile_Renfile-372-scaled.jpg","articleSection":["Divers","R\u00e9insertion"],"inLanguage":"fr-FR"},{"@type":"WebPage","@id":"https:\/\/csp.ch\/geneve\/ielles-se-creent-un-nouvel-avenir-par-la-couture\/","url":"https:\/\/csp.ch\/geneve\/ielles-se-creent-un-nouvel-avenir-par-la-couture\/","name":"Ielles se cr\u00e9ent un nouvel avenir par la couture - CSP Gen\u00e8ve","isPartOf":{"@id":"https:\/\/csp.ch\/geneve\/#website"},"primaryImageOfPage":{"@id":"https:\/\/csp.ch\/geneve\/ielles-se-creent-un-nouvel-avenir-par-la-couture\/#primaryimage"},"image":{"@id":"https:\/\/csp.ch\/geneve\/ielles-se-creent-un-nouvel-avenir-par-la-couture\/#primaryimage"},"thumbnailUrl":"https:\/\/csp.ch\/wp-content\/uploads\/sites\/5\/2024\/06\/240623_Defile_Renfile-372-scaled.jpg","datePublished":"2024-06-24T15:53:16+00:00","dateModified":"2024-06-26T10:24:36+00:00","author":{"@id":"https:\/\/csp.ch\/geneve\/#\/schema\/person\/9d3863f340958049df7c835076b616a0"},"description":"Six jeunes d\u00e9filent pour leur avenir. Retour en images sur leurs cr\u00e9ations, pr\u00e9sent\u00e9es lors de notre \u00e9v\u00e9nement du 20 juin dernier.","breadcrumb":{"@id":"https:\/\/csp.ch\/geneve\/ielles-se-creent-un-nouvel-avenir-par-la-couture\/#breadcrumb"},"inLanguage":"fr-FR","potentialAction":[{"@type":"ReadAction","target":["https:\/\/csp.ch\/geneve\/ielles-se-creent-un-nouvel-avenir-par-la-couture\/"]}]},{"@type":"ImageObject","inLanguage":"fr-FR","@id":"https:\/\/csp.ch\/geneve\/ielles-se-creent-un-nouvel-avenir-par-la-couture\/#primaryimage","url":"https:\/\/csp.ch\/wp-content\/uploads\/sites\/5\/2024\/06\/240623_Defile_Renfile-372-scaled.jpg","contentUrl":"https:\/\/csp.ch\/wp-content\/uploads\/sites\/5\/2024\/06\/240623_Defile_Renfile-372-scaled.jpg","width":2560,"height":1704},{"@type":"BreadcrumbList","@id":"https:\/\/csp.ch\/geneve\/ielles-se-creent-un-nouvel-avenir-par-la-couture\/#breadcrumb","itemListElement":[{"@type":"ListItem","position":1,"name":"Accueil","item":"https:\/\/csp.ch\/geneve\/"},{"@type":"ListItem","position":2,"name":"Ielles se cr\u00e9ent un nouvel avenir par la couture"}]},{"@type":"WebSite","@id":"https:\/\/csp.ch\/geneve\/#website","url":"https:\/\/csp.ch\/geneve\/","name":"CSP Gen\u00e8ve","description":"","potentialAction":[{"@type":"SearchAction","target":{"@type":"EntryPoint","urlTemplate":"https:\/\/csp.ch\/geneve\/?s={search_term_string}"},"query-input":{"@type":"PropertyValueSpecification","valueRequired":true,"valueName":"search_term_string"}}],"inLanguage":"fr-FR"},{"@type":"Person","@id":"https:\/\/csp.ch\/geneve\/#\/schema\/person\/9d3863f340958049df7c835076b616a0","name":"kschach","image":{"@type":"ImageObject","inLanguage":"fr-FR","@id":"https:\/\/csp.ch\/geneve\/#\/schema\/person\/image\/","url":"https:\/\/secure.gravatar.com\/avatar\/b9e8bd33105bf5642e115513de9c558ebc32a1af8c0b131ed24c6605dfb5a6fb?s=96&d=mm&r=g","contentUrl":"https:\/\/secure.gravatar.com\/avatar\/b9e8bd33105bf5642e115513de9c558ebc32a1af8c0b131ed24c6605dfb5a6fb?s=96&d=mm&r=g","caption":"kschach"},"url":"https:\/\/csp.ch\/geneve\/author\/kschach\/"}]}},"_links":{"self":[{"href":"https:\/\/csp.ch\/geneve\/wp-json\/wp\/v2\/posts\/23491","targetHints":{"allow":["GET"]}}],"collection":[{"href":"https:\/\/csp.ch\/geneve\/wp-json\/wp\/v2\/posts"}],"about":[{"href":"https:\/\/csp.ch\/geneve\/wp-json\/wp\/v2\/types\/post"}],"author":[{"embeddable":true,"href":"https:\/\/csp.ch\/geneve\/wp-json\/wp\/v2\/users\/32"}],"replies":[{"embeddable":true,"href":"https:\/\/csp.ch\/geneve\/wp-json\/wp\/v2\/comments?post=23491"}],"version-history":[{"count":4,"href":"https:\/\/csp.ch\/geneve\/wp-json\/wp\/v2\/posts\/23491\/revisions"}],"predecessor-version":[{"id":23526,"href":"https:\/\/csp.ch\/geneve\/wp-json\/wp\/v2\/posts\/23491\/revisions\/23526"}],"wp:featuredmedia":[{"embeddable":true,"href":"https:\/\/csp.ch\/geneve\/wp-json\/wp\/v2\/media\/23517"}],"wp:attachment":[{"href":"https:\/\/csp.ch\/geneve\/wp-json\/wp\/v2\/media?parent=23491"}],"wp:term":[{"taxonomy":"category","embeddable":true,"href":"https:\/\/csp.ch\/geneve\/wp-json\/wp\/v2\/categories?post=23491"},{"taxonomy":"post_tag","embeddable":true,"href":"https:\/\/csp.ch\/geneve\/wp-json\/wp\/v2\/tags?post=23491"}],"curies":[{"name":"wp","href":"https:\/\/api.w.org\/{rel}","templated":true}]}}