{"id":20582,"date":"2023-02-06T14:23:25","date_gmt":"2023-02-06T13:23:25","guid":{"rendered":"https:\/\/csp.ch\/geneve\/?p=20582"},"modified":"2026-02-02T17:00:27","modified_gmt":"2026-02-02T16:00:27","slug":"que-deviennent-vos-vetements-usages","status":"publish","type":"post","link":"https:\/\/csp.ch\/geneve\/que-deviennent-vos-vetements-usages\/","title":{"rendered":"QUE DEVIENNENT VOS V\u00caTEMENTS USAG\u00c9S"},"content":{"rendered":"<div class=\"wpb-content-wrapper\"><p>[vc_row][vc_column][vc_column_text css=\u00a0\u00bb\u00a0\u00bb]<\/p>\n<h3><span style=\"color: #ff6600\"><strong><span class=\"has-inline-color has-text-orange-color\">Les habits solidaires<\/span><\/strong><\/span><\/h3>\n<p>Le\u00a0Centre social protestant (CSP)\u00a0de Gen\u00e8ve est membre, avec quatre autres partenaires actifs dans l\u2019aide aux personnes, de la\u00a0<a href=\"http:\/\/coordinationtextile.ch\/\" target=\"_blank\" rel=\"noreferrer noopener\"><strong><u>Coordination textile genevoise<\/u><\/strong>.<\/a><\/p>\n<p>Celle-ci se charge de collecter les articles \u2013 habits et chaussures pour tous \u00e2ges, maroquinerie, linge de maison \u2013 qui lui parviennent via un r\u00e9seau de plus de 350 bo\u00eetes \u00e0 fringues r\u00e9parties dans le canton et de les redistribuer aux organisations membres. Une partie des v\u00eatements est tri\u00e9e, nettoy\u00e9e, revaloris\u00e9e, avant d\u2019\u00eatre distribu\u00e9e dans les magasins de seconde main des organisations membres et au Vestiaire social.<\/p>\n<p>Le surplus des textiles, non tri\u00e9s \u00e0 Gen\u00e8ve, est revendu\u00a0\u00e0 l\u2019entreprise\u00a0<a href=\"https:\/\/www.texaid.ch\/fr\/\">Texaid<\/a>,\u00a0ce qui permet de contribuer \u00e0 financer les prestations gratuites du CSP. Recycl\u00e9s sous forme de chiffons ou d\u2019isolants, <u>c<\/u>es textiles en mauvais \u00e9tat, d\u00e9form\u00e9s ou trou\u00e9s, trouvent une nouvelle vie.<\/p>\n<hr \/>\n<p>[\/vc_column_text][\/vc_column][\/vc_row][vc_row][vc_column width=\u00a0\u00bb1\/2&Prime;][vc_column_text]<\/p>\n<h3>INTERVIEW RADIO \ud83c\udfa4<\/h3>\n<p>&nbsp;<\/p>\n<h4><strong>Les \u00ab\u00a0bo\u00eetes \u00e0 fringues\u00a0\u00bb de Gen\u00e8ve<\/strong><\/h4>\n<p>RTS 1<sup>\u00e8re<\/sup>\u00a0\u2013 On en parle \u2013 30 novembre 2022<\/p>\n<p>L\u02b9hiver approche et les plus pr\u00e9caires peuvent b\u00e9n\u00e9ficier des v\u00eatements de n\u02b9importe qui via 350 bo\u00eetes \u00e0 fringues dispers\u00e9es dans tout le canton de Gen\u00e8ve\u2026 Witold Langlois a assist\u00e9 \u00e0 une collecte de v\u00eatements issu de ces bo\u00eetes, accompagn\u00e9 par Typhaine Guihard, la pr\u00e9sidente de \u00ab\u00a0Coordination textile\u00a0\u00bb.<\/p>\n<p><a href=\"https:\/\/pages.rts.ch\/la-1ere\/programmes\/on-en-parle\/30-11-2022#13548593\" target=\"_blank\" rel=\"noreferrer noopener\">Ecouter l\u2019\u00e9mission.<\/a>[\/vc_column_text][\/vc_column][vc_column width=\u00a0\u00bb1\/2&Prime;][vc_single_image image=\u00a0\u00bb20583&Prime; img_size=\u00a0\u00bblarge\u00a0\u00bb onclick=\u00a0\u00bblink_image\u00a0\u00bb][\/vc_column][\/vc_row][vc_row][vc_column][vc_column_text]<\/p>\n<hr \/>\n<h3><span style=\"color: #ff6600\"><strong><span class=\"has-inline-color has-text-orange-color\">L\u2019atelier de revalorisation textile Renfile<\/span><\/strong>\u00a0\ud83d\udc55<\/span><\/h3>\n<p>Le CSP Gen\u00e8ve s\u2019engage dans ses diff\u00e9rents ateliers \u00e0 mieux trier, r\u00e9parer, recycler et\u00a0<em>upcycler<\/em>\u00a0les articles provenant de donations.<\/p>\n<p>Chaque jour, ce sont entre 1 et 1 \u00bd tonne de textiles et d\u2019articles de maroquinerie qui arrivent \u00e0 l\u2019<a href=\"https:\/\/renfile.ch\/atelier-textile\/\">Atelier de revalorisation textile Renfile<\/a>. Une dizaine de collaborateurs polyvalents, aid\u00e9s par des b\u00e9n\u00e9voles, y travaillent en alternance sur plusieurs postes: tri, r\u00e9paration, revalorisation des mati\u00e8res, \u00e9tiquetage pour le lavage, repassage, pliage, mise sur cintre et envoi en boutique.[\/vc_column_text][\/vc_column][\/vc_row][vc_row][vc_column width=\u00a0\u00bb1\/5&Prime;][vc_single_image image=\u00a0\u00bb20588&Prime; img_size=\u00a0\u00bbmedium\u00a0\u00bb onclick=\u00a0\u00bblink_image\u00a0\u00bb][\/vc_column][vc_column width=\u00a0\u00bb1\/5&Prime;][vc_single_image image=\u00a0\u00bb20587&Prime; img_size=\u00a0\u00bbmedium\u00a0\u00bb onclick=\u00a0\u00bblink_image\u00a0\u00bb][\/vc_column][vc_column width=\u00a0\u00bb1\/5&Prime;][vc_single_image image=\u00a0\u00bb20586&Prime; img_size=\u00a0\u00bbmedium\u00a0\u00bb onclick=\u00a0\u00bblink_image\u00a0\u00bb][\/vc_column][vc_column width=\u00a0\u00bb1\/5&Prime;][vc_single_image image=\u00a0\u00bb20585&Prime; img_size=\u00a0\u00bbmedium\u00a0\u00bb onclick=\u00a0\u00bblink_image\u00a0\u00bb][\/vc_column][vc_column width=\u00a0\u00bb1\/5&Prime;][vc_single_image image=\u00a0\u00bb20584&Prime; img_size=\u00a0\u00bbmedium\u00a0\u00bb onclick=\u00a0\u00bblink_image\u00a0\u00bb][\/vc_column][\/vc_row][vc_row][vc_column width=\u00a0\u00bb1\/2&Prime;][vc_column_text]<\/p>\n<h3><strong>Moins consommer, mieux donner<\/strong><\/h3>\n<p>En 1994, les v\u00eatements r\u00e9cup\u00e9r\u00e9s dans les bo\u00eetes \u00e0 fringues repr\u00e9sentaient quelque 250 tonnes par an. Un quart de si\u00e8cle plus tard, ce chiffre explose. En 2021, ce sont 2\u2019208 tonnes de textiles usag\u00e9s qui ont \u00e9t\u00e9 re\u00e7us, soit presque dix fois plus et 4,5 kilos par habitant!<\/p>\n<p><img loading=\"lazy\" decoding=\"async\" class=\"alignnone size-medium wp-image-20590\" src=\"https:\/\/csp.ch\/geneve\/wp-content\/uploads\/sites\/5\/2023\/02\/Picto-Avion-300x300.png\" alt=\"\" width=\"300\" height=\"300\" srcset=\"https:\/\/csp.ch\/wp-content\/uploads\/sites\/5\/2023\/02\/Picto-Avion.png 300w, https:\/\/csp.ch\/wp-content\/uploads\/sites\/5\/2023\/02\/Picto-Avion-221x221.png 221w, https:\/\/csp.ch\/wp-content\/uploads\/sites\/5\/2023\/02\/Picto-Avion-100x100.png 100w\" sizes=\"auto, (max-width: 300px) 100vw, 300px\" \/>[\/vc_column_text][\/vc_column][vc_column width=\u00a0\u00bb1\/2&Prime;][vc_column_text]<\/p>\n<h3><strong>Jeter plus \u2260 donner plus<\/strong><\/h3>\n<p>Entretemps, la\u00a0<em>fast fashion<\/em>, qui consiste \u00e0 changer de garde-robe comme de saison, est pass\u00e9e par l\u00e0, avec des cons\u00e9quences d\u00e9sastreuses sur le plan environnemental. L\u2019industrie textile est en effet l\u2019une des plus polluantes au monde. Les quantit\u00e9s de v\u00eatements \u00e0 trier sont colossales et leur qualit\u00e9 faiblit.<\/p>\n<p><img loading=\"lazy\" decoding=\"async\" class=\"alignnone size-medium wp-image-20591\" src=\"https:\/\/csp.ch\/geneve\/wp-content\/uploads\/sites\/5\/2023\/02\/Picto-jeans-300x300.png\" alt=\"\" width=\"300\" height=\"300\" srcset=\"https:\/\/csp.ch\/wp-content\/uploads\/sites\/5\/2023\/02\/Picto-jeans.png 300w, https:\/\/csp.ch\/wp-content\/uploads\/sites\/5\/2023\/02\/Picto-jeans-221x221.png 221w, https:\/\/csp.ch\/wp-content\/uploads\/sites\/5\/2023\/02\/Picto-jeans-100x100.png 100w\" sizes=\"auto, (max-width: 300px) 100vw, 300px\" \/>[\/vc_column_text][\/vc_column][\/vc_row][vc_row][vc_column width=\u00a0\u00bb1\/2&Prime;][vc_column_text]<\/p>\n<h3>EMISSION \u2018A BON ENTENDEUR\u2019 \ud83d\udda5<\/h3>\n<h4>Le futur de l\u2019industrie textile sera circulaire et durable<\/h4>\n<p>RTS \u2013 ABE \u2013 17 janvier 2023<\/p>\n<p>Au rayon v\u00eatements, les mentions \u00ab recycl\u00e9 \u00bb, \u00ab durable \u00bb ou \u00ab \u00e9co \u00bb se multiplient. Mais la r\u00e9alit\u00e9 est nettement moins verte. Le syst\u00e8me de \u00ab fast fashion \u00bb, ou mode rapide, s\u2019est en effet encore acc\u00e9l\u00e9r\u00e9 ces derni\u00e8res ann\u00e9es, entra\u00eenant un \u00e9norme gaspillage de ressources et la production de tonnes de d\u00e9chets.<\/p>\n<p><a href=\"https:\/\/pages.rts.ch\/emissions\/abe\/13587357-fibre-recyclee-beaucoup-de-marketing-peu-decologie.html\" target=\"_blank\" rel=\"noreferrer noopener\">Regarder l\u2019\u00e9mission.<\/a>[\/vc_column_text][\/vc_column][vc_column width=\u00a0\u00bb1\/2&Prime;][vc_single_image image=\u00a0\u00bb20592&Prime; img_size=\u00a0\u00bbfull\u00a0\u00bb onclick=\u00a0\u00bbcustom_link\u00a0\u00bb img_link_target=\u00a0\u00bb_blank\u00a0\u00bb link=\u00a0\u00bbhttps:\/\/pages.rts.ch\/emissions\/abe\/13587357-fibre-recyclee-beaucoup-de-marketing-peu-decologie.html\u00a0\u00bb][\/vc_column][\/vc_row][vc_row][vc_column][vc_column_text]<\/p>\n<hr \/>\n<h3><strong><span class=\"has-inline-color has-text-orange-color\">Les habits solidaires<\/span><\/strong><\/h3>\n<p>De plus en plus de consommatrices et de consommateurs souhaitent privil\u00e9gier une \u00e9conomie circulaire et durable, r\u00e9solument respectueuse de l\u2019environnement. \u267b Rejoignez-les en observant les quelques principes suivants!<\/p>\n<ul>\n<li>Je privil\u00e9gie la seconde main.<\/li>\n<li>J\u2019ach\u00e8te moins de v\u00eatements neufs et de meilleure qualit\u00e9.<\/li>\n<li>Je pr\u00e9f\u00e8re les textiles de fabrication \u00e9quitable, durable et bio (plus d\u2019infos sur\u00a0<a href=\"https:\/\/www.swissfairtrade.ch\/fr\/\">Fair Trade<\/a>\u00a0et\u00a0<a href=\"https:\/\/www.swissfairtrade.ch\/fr\/economie-textile-ecologique-equitable\/\">Sustainable Textiles 2030<\/a>).<\/li>\n<li><span class=\"has-inline-color has-text-rouge-color\"><span class=\"has-inline-color has-text-rouge-color\"><span style=\"color: #993300\"><strong>J\u2019apporte mes habits usag\u00e9s en bon \u00e9tat directement dans les brocantes et boutiques du CSP ou au Vestiaire social<\/strong><\/span>.<\/span><\/span><\/li>\n<\/ul>\n<hr \/>\n<p>[\/vc_column_text][\/vc_column][\/vc_row][vc_row][vc_column width=\u00a0\u00bb1\/2&Prime;][vc_column_text]<\/p>\n<h3><span style=\"color: #ff6600\"><strong><span class=\"has-inline-color has-text-orange-color\">RENFILE<\/span><\/strong><\/span><\/h3>\n<p>Le CSP est actif dans le domaine de la vente de seconde main depuis 1963. En achetant dans ses deux brocantes et ses cinq boutiques Renfile, vous faites la diff\u00e9rence:<\/p>\n<ul>\n<li>Vous agissez en faveur de l\u2019environnement.<\/li>\n<li>Vous soutenez nos actions de d\u00e9fense pour plus de justice sociale.<\/li>\n<\/ul>\n<p><strong>Gr\u00e2ce \u00e0 vos dons<\/strong><\/p>\n<ul>\n<li>Vous permettez \u00e0 des personnes et \u00e0 des familles en situation de pr\u00e9carit\u00e9 de se v\u00eatir avec des articles de qualit\u00e9 \u00e0 moindre prix.<\/li>\n<li>Vous contribuez au financement des prestations d\u2019aide gratuites du CSP.<\/li>\n<li>Vous offrez l\u2019opportunit\u00e9 \u00e0 quelque 60 personnes en insertion socio-professionnelle de travailler et de se former \u00e0 de nouveaux m\u00e9tiers.<\/li>\n<\/ul>\n<p>\ud83d\udc49\u00a0<a href=\"https:\/\/renfile.ch\/ramassage-a-domicile\/\">Comment donner\u2026<\/a>[\/vc_column_text][\/vc_column][vc_column width=\u00a0\u00bb1\/2&Prime;][vc_column_text]<\/p>\n<h3><span style=\"color: #ff6600\"><strong><a style=\"color: #ff6600\" href=\"https:\/\/csp.ch\/geneve\/services-aide\/vestiaire-social\/\">VESTIAIRE SOCIAL<\/a><\/strong><\/span><\/h3>\n<p>Le Vestiaire social habille 1,9% de la population genevoise. T\u00e9moin de la grande pr\u00e9carit\u00e9 \u00e0 Gen\u00e8ve, il a vu son nombre de b\u00e9n\u00e9ficiaires augmenter de fa\u00e7on dramatique ces derni\u00e8res ann\u00e9es en raison des crises successives que nous traversons. Pr\u00e8s de 10\u2019000 distributions (contre quelque 6700 en 2021) ont \u00e9t\u00e9 assur\u00e9es en 2022.<\/p>\n<p>&nbsp;<\/p>\n<p><strong>Gr\u00e2ce \u00e0 vos dons<\/strong><\/p>\n<ul>\n<li>Vous permettez \u00e0 des adultes et \u00e0 des enfants de se v\u00eatir gratuitement en contrepartie de bons d\u00e9livr\u00e9s par des services sociaux. Le Vestiaire social r\u00e9pond ainsi \u00e0 un besoin fondamental et \u00e0 l\u2019exigence de la dignit\u00e9 des personnes.<\/li>\n<li>Vous offrez l\u2019opportunit\u00e9 \u00e0 des personnes en insertion professionnelle de travailler et de se former \u00e0 de nouveaux m\u00e9tiers.<\/li>\n<\/ul>\n<p>[\/vc_column_text][\/vc_column][\/vc_row]<\/p>\n<\/div>","protected":false},"excerpt":{"rendered":"<p>[vc_row][vc_column][vc_column_text css=\u00a0\u00bb\u00a0\u00bb] Les habits solidaires Le\u00a0Centre social protestant (CSP)\u00a0de Gen\u00e8ve est membre, avec quatre autres partenaires actifs dans l\u2019aide aux personnes, de la\u00a0Coordination textile genevoise. Celle-ci se charge de collecter les articles \u2013 habits et chaussures pour tous \u00e2ges, maroquinerie, linge de maison \u2013 qui lui parviennent via un r\u00e9seau de plus de 350 bo\u00eetes [&hellip;]<\/p>\n","protected":false},"author":32,"featured_media":20608,"comment_status":"closed","ping_status":"closed","sticky":false,"template":"","format":"standard","meta":{"_acf_changed":false,"footnotes":""},"categories":[1],"tags":[],"class_list":["post-20582","post","type-post","status-publish","format-standard","has-post-thumbnail","hentry","category-non-classe"],"acf":[],"yoast_head":"<!-- This site is optimized with the Yoast SEO plugin v27.1.1 - https:\/\/yoast.com\/product\/yoast-seo-wordpress\/ -->\n<title>QUE DEVIENNENT VOS V\u00caTEMENTS USAG\u00c9S - CSP Gen\u00e8ve<\/title>\n<meta name=\"description\" content=\"Vous avez toujours voulu savoir ce que deviennent les v\u00eatements que vous donnez \u00e0 Gen\u00e8ve ?\" \/>\n<meta name=\"robots\" content=\"index, follow, max-snippet:-1, max-image-preview:large, max-video-preview:-1\" \/>\n<link rel=\"canonical\" href=\"https:\/\/csp.ch\/geneve\/que-deviennent-vos-vetements-usages\/\" \/>\n<meta property=\"og:locale\" content=\"fr_FR\" \/>\n<meta property=\"og:type\" content=\"article\" \/>\n<meta property=\"og:title\" content=\"QUE DEVIENNENT VOS V\u00caTEMENTS USAG\u00c9S - CSP Gen\u00e8ve\" \/>\n<meta property=\"og:description\" content=\"Vous avez toujours voulu savoir ce que deviennent les v\u00eatements que vous donnez \u00e0 Gen\u00e8ve ?\" \/>\n<meta property=\"og:url\" content=\"https:\/\/csp.ch\/geneve\/que-deviennent-vos-vetements-usages\/\" \/>\n<meta property=\"og:site_name\" content=\"CSP Gen\u00e8ve\" \/>\n<meta property=\"article:published_time\" content=\"2023-02-06T13:23:25+00:00\" \/>\n<meta property=\"article:modified_time\" content=\"2026-02-02T16:00:27+00:00\" \/>\n<meta property=\"og:image\" content=\"https:\/\/csp.ch\/wp-content\/uploads\/sites\/5\/2023\/02\/Focus.jpg\" \/>\n\t<meta property=\"og:image:width\" content=\"1201\" \/>\n\t<meta property=\"og:image:height\" content=\"631\" \/>\n\t<meta property=\"og:image:type\" content=\"image\/jpeg\" \/>\n<meta name=\"author\" content=\"kschach\" \/>\n<meta name=\"twitter:card\" content=\"summary_large_image\" \/>\n<meta name=\"twitter:label1\" content=\"\u00c9crit par\" \/>\n\t<meta name=\"twitter:data1\" content=\"kschach\" \/>\n\t<meta name=\"twitter:label2\" content=\"Dur\u00e9e de lecture estim\u00e9e\" \/>\n\t<meta name=\"twitter:data2\" content=\"7 minutes\" \/>\n<script type=\"application\/ld+json\" class=\"yoast-schema-graph\">{\"@context\":\"https:\/\/schema.org\",\"@graph\":[{\"@type\":\"Article\",\"@id\":\"https:\/\/csp.ch\/geneve\/que-deviennent-vos-vetements-usages\/#article\",\"isPartOf\":{\"@id\":\"https:\/\/csp.ch\/geneve\/que-deviennent-vos-vetements-usages\/\"},\"author\":{\"name\":\"kschach\",\"@id\":\"https:\/\/csp.ch\/geneve\/#\/schema\/person\/9d3863f340958049df7c835076b616a0\"},\"headline\":\"QUE DEVIENNENT VOS V\u00caTEMENTS USAG\u00c9S\",\"datePublished\":\"2023-02-06T13:23:25+00:00\",\"dateModified\":\"2026-02-02T16:00:27+00:00\",\"mainEntityOfPage\":{\"@id\":\"https:\/\/csp.ch\/geneve\/que-deviennent-vos-vetements-usages\/\"},\"wordCount\":1081,\"image\":{\"@id\":\"https:\/\/csp.ch\/geneve\/que-deviennent-vos-vetements-usages\/#primaryimage\"},\"thumbnailUrl\":\"https:\/\/csp.ch\/wp-content\/uploads\/sites\/5\/2023\/02\/Focus.jpg\",\"articleSection\":[\"Divers\"],\"inLanguage\":\"fr-FR\"},{\"@type\":\"WebPage\",\"@id\":\"https:\/\/csp.ch\/geneve\/que-deviennent-vos-vetements-usages\/\",\"url\":\"https:\/\/csp.ch\/geneve\/que-deviennent-vos-vetements-usages\/\",\"name\":\"QUE DEVIENNENT VOS V\u00caTEMENTS USAG\u00c9S - CSP Gen\u00e8ve\",\"isPartOf\":{\"@id\":\"https:\/\/csp.ch\/geneve\/#website\"},\"primaryImageOfPage\":{\"@id\":\"https:\/\/csp.ch\/geneve\/que-deviennent-vos-vetements-usages\/#primaryimage\"},\"image\":{\"@id\":\"https:\/\/csp.ch\/geneve\/que-deviennent-vos-vetements-usages\/#primaryimage\"},\"thumbnailUrl\":\"https:\/\/csp.ch\/wp-content\/uploads\/sites\/5\/2023\/02\/Focus.jpg\",\"datePublished\":\"2023-02-06T13:23:25+00:00\",\"dateModified\":\"2026-02-02T16:00:27+00:00\",\"author\":{\"@id\":\"https:\/\/csp.ch\/geneve\/#\/schema\/person\/9d3863f340958049df7c835076b616a0\"},\"description\":\"Vous avez toujours voulu savoir ce que deviennent les v\u00eatements que vous donnez \u00e0 Gen\u00e8ve ?\",\"breadcrumb\":{\"@id\":\"https:\/\/csp.ch\/geneve\/que-deviennent-vos-vetements-usages\/#breadcrumb\"},\"inLanguage\":\"fr-FR\",\"potentialAction\":[{\"@type\":\"ReadAction\",\"target\":[\"https:\/\/csp.ch\/geneve\/que-deviennent-vos-vetements-usages\/\"]}]},{\"@type\":\"ImageObject\",\"inLanguage\":\"fr-FR\",\"@id\":\"https:\/\/csp.ch\/geneve\/que-deviennent-vos-vetements-usages\/#primaryimage\",\"url\":\"https:\/\/csp.ch\/wp-content\/uploads\/sites\/5\/2023\/02\/Focus.jpg\",\"contentUrl\":\"https:\/\/csp.ch\/wp-content\/uploads\/sites\/5\/2023\/02\/Focus.jpg\",\"width\":1201,\"height\":631},{\"@type\":\"BreadcrumbList\",\"@id\":\"https:\/\/csp.ch\/geneve\/que-deviennent-vos-vetements-usages\/#breadcrumb\",\"itemListElement\":[{\"@type\":\"ListItem\",\"position\":1,\"name\":\"Accueil\",\"item\":\"https:\/\/csp.ch\/geneve\/\"},{\"@type\":\"ListItem\",\"position\":2,\"name\":\"QUE DEVIENNENT VOS V\u00caTEMENTS USAG\u00c9S\"}]},{\"@type\":\"WebSite\",\"@id\":\"https:\/\/csp.ch\/geneve\/#website\",\"url\":\"https:\/\/csp.ch\/geneve\/\",\"name\":\"CSP Gen\u00e8ve\",\"description\":\"\",\"potentialAction\":[{\"@type\":\"SearchAction\",\"target\":{\"@type\":\"EntryPoint\",\"urlTemplate\":\"https:\/\/csp.ch\/geneve\/?s={search_term_string}\"},\"query-input\":{\"@type\":\"PropertyValueSpecification\",\"valueRequired\":true,\"valueName\":\"search_term_string\"}}],\"inLanguage\":\"fr-FR\"},{\"@type\":\"Person\",\"@id\":\"https:\/\/csp.ch\/geneve\/#\/schema\/person\/9d3863f340958049df7c835076b616a0\",\"name\":\"kschach\",\"image\":{\"@type\":\"ImageObject\",\"inLanguage\":\"fr-FR\",\"@id\":\"https:\/\/csp.ch\/geneve\/#\/schema\/person\/image\/\",\"url\":\"https:\/\/secure.gravatar.com\/avatar\/b9e8bd33105bf5642e115513de9c558ebc32a1af8c0b131ed24c6605dfb5a6fb?s=96&d=mm&r=g\",\"contentUrl\":\"https:\/\/secure.gravatar.com\/avatar\/b9e8bd33105bf5642e115513de9c558ebc32a1af8c0b131ed24c6605dfb5a6fb?s=96&d=mm&r=g\",\"caption\":\"kschach\"},\"url\":\"https:\/\/csp.ch\/geneve\/author\/kschach\/\"}]}<\/script>\n<!-- \/ Yoast SEO plugin. -->","yoast_head_json":{"title":"QUE DEVIENNENT VOS V\u00caTEMENTS USAG\u00c9S - CSP Gen\u00e8ve","description":"Vous avez toujours voulu savoir ce que deviennent les v\u00eatements que vous donnez \u00e0 Gen\u00e8ve ?","robots":{"index":"index","follow":"follow","max-snippet":"max-snippet:-1","max-image-preview":"max-image-preview:large","max-video-preview":"max-video-preview:-1"},"canonical":"https:\/\/csp.ch\/geneve\/que-deviennent-vos-vetements-usages\/","og_locale":"fr_FR","og_type":"article","og_title":"QUE DEVIENNENT VOS V\u00caTEMENTS USAG\u00c9S - CSP Gen\u00e8ve","og_description":"Vous avez toujours voulu savoir ce que deviennent les v\u00eatements que vous donnez \u00e0 Gen\u00e8ve ?","og_url":"https:\/\/csp.ch\/geneve\/que-deviennent-vos-vetements-usages\/","og_site_name":"CSP Gen\u00e8ve","article_published_time":"2023-02-06T13:23:25+00:00","article_modified_time":"2026-02-02T16:00:27+00:00","og_image":[{"width":1201,"height":631,"url":"https:\/\/csp.ch\/wp-content\/uploads\/sites\/5\/2023\/02\/Focus.jpg","type":"image\/jpeg"}],"author":"kschach","twitter_card":"summary_large_image","twitter_misc":{"\u00c9crit par":"kschach","Dur\u00e9e de lecture estim\u00e9e":"7 minutes"},"schema":{"@context":"https:\/\/schema.org","@graph":[{"@type":"Article","@id":"https:\/\/csp.ch\/geneve\/que-deviennent-vos-vetements-usages\/#article","isPartOf":{"@id":"https:\/\/csp.ch\/geneve\/que-deviennent-vos-vetements-usages\/"},"author":{"name":"kschach","@id":"https:\/\/csp.ch\/geneve\/#\/schema\/person\/9d3863f340958049df7c835076b616a0"},"headline":"QUE DEVIENNENT VOS V\u00caTEMENTS USAG\u00c9S","datePublished":"2023-02-06T13:23:25+00:00","dateModified":"2026-02-02T16:00:27+00:00","mainEntityOfPage":{"@id":"https:\/\/csp.ch\/geneve\/que-deviennent-vos-vetements-usages\/"},"wordCount":1081,"image":{"@id":"https:\/\/csp.ch\/geneve\/que-deviennent-vos-vetements-usages\/#primaryimage"},"thumbnailUrl":"https:\/\/csp.ch\/wp-content\/uploads\/sites\/5\/2023\/02\/Focus.jpg","articleSection":["Divers"],"inLanguage":"fr-FR"},{"@type":"WebPage","@id":"https:\/\/csp.ch\/geneve\/que-deviennent-vos-vetements-usages\/","url":"https:\/\/csp.ch\/geneve\/que-deviennent-vos-vetements-usages\/","name":"QUE DEVIENNENT VOS V\u00caTEMENTS USAG\u00c9S - CSP Gen\u00e8ve","isPartOf":{"@id":"https:\/\/csp.ch\/geneve\/#website"},"primaryImageOfPage":{"@id":"https:\/\/csp.ch\/geneve\/que-deviennent-vos-vetements-usages\/#primaryimage"},"image":{"@id":"https:\/\/csp.ch\/geneve\/que-deviennent-vos-vetements-usages\/#primaryimage"},"thumbnailUrl":"https:\/\/csp.ch\/wp-content\/uploads\/sites\/5\/2023\/02\/Focus.jpg","datePublished":"2023-02-06T13:23:25+00:00","dateModified":"2026-02-02T16:00:27+00:00","author":{"@id":"https:\/\/csp.ch\/geneve\/#\/schema\/person\/9d3863f340958049df7c835076b616a0"},"description":"Vous avez toujours voulu savoir ce que deviennent les v\u00eatements que vous donnez \u00e0 Gen\u00e8ve ?","breadcrumb":{"@id":"https:\/\/csp.ch\/geneve\/que-deviennent-vos-vetements-usages\/#breadcrumb"},"inLanguage":"fr-FR","potentialAction":[{"@type":"ReadAction","target":["https:\/\/csp.ch\/geneve\/que-deviennent-vos-vetements-usages\/"]}]},{"@type":"ImageObject","inLanguage":"fr-FR","@id":"https:\/\/csp.ch\/geneve\/que-deviennent-vos-vetements-usages\/#primaryimage","url":"https:\/\/csp.ch\/wp-content\/uploads\/sites\/5\/2023\/02\/Focus.jpg","contentUrl":"https:\/\/csp.ch\/wp-content\/uploads\/sites\/5\/2023\/02\/Focus.jpg","width":1201,"height":631},{"@type":"BreadcrumbList","@id":"https:\/\/csp.ch\/geneve\/que-deviennent-vos-vetements-usages\/#breadcrumb","itemListElement":[{"@type":"ListItem","position":1,"name":"Accueil","item":"https:\/\/csp.ch\/geneve\/"},{"@type":"ListItem","position":2,"name":"QUE DEVIENNENT VOS V\u00caTEMENTS USAG\u00c9S"}]},{"@type":"WebSite","@id":"https:\/\/csp.ch\/geneve\/#website","url":"https:\/\/csp.ch\/geneve\/","name":"CSP Gen\u00e8ve","description":"","potentialAction":[{"@type":"SearchAction","target":{"@type":"EntryPoint","urlTemplate":"https:\/\/csp.ch\/geneve\/?s={search_term_string}"},"query-input":{"@type":"PropertyValueSpecification","valueRequired":true,"valueName":"search_term_string"}}],"inLanguage":"fr-FR"},{"@type":"Person","@id":"https:\/\/csp.ch\/geneve\/#\/schema\/person\/9d3863f340958049df7c835076b616a0","name":"kschach","image":{"@type":"ImageObject","inLanguage":"fr-FR","@id":"https:\/\/csp.ch\/geneve\/#\/schema\/person\/image\/","url":"https:\/\/secure.gravatar.com\/avatar\/b9e8bd33105bf5642e115513de9c558ebc32a1af8c0b131ed24c6605dfb5a6fb?s=96&d=mm&r=g","contentUrl":"https:\/\/secure.gravatar.com\/avatar\/b9e8bd33105bf5642e115513de9c558ebc32a1af8c0b131ed24c6605dfb5a6fb?s=96&d=mm&r=g","caption":"kschach"},"url":"https:\/\/csp.ch\/geneve\/author\/kschach\/"}]}},"_links":{"self":[{"href":"https:\/\/csp.ch\/geneve\/wp-json\/wp\/v2\/posts\/20582","targetHints":{"allow":["GET"]}}],"collection":[{"href":"https:\/\/csp.ch\/geneve\/wp-json\/wp\/v2\/posts"}],"about":[{"href":"https:\/\/csp.ch\/geneve\/wp-json\/wp\/v2\/types\/post"}],"author":[{"embeddable":true,"href":"https:\/\/csp.ch\/geneve\/wp-json\/wp\/v2\/users\/32"}],"replies":[{"embeddable":true,"href":"https:\/\/csp.ch\/geneve\/wp-json\/wp\/v2\/comments?post=20582"}],"version-history":[{"count":3,"href":"https:\/\/csp.ch\/geneve\/wp-json\/wp\/v2\/posts\/20582\/revisions"}],"predecessor-version":[{"id":30762,"href":"https:\/\/csp.ch\/geneve\/wp-json\/wp\/v2\/posts\/20582\/revisions\/30762"}],"wp:featuredmedia":[{"embeddable":true,"href":"https:\/\/csp.ch\/geneve\/wp-json\/wp\/v2\/media\/20608"}],"wp:attachment":[{"href":"https:\/\/csp.ch\/geneve\/wp-json\/wp\/v2\/media?parent=20582"}],"wp:term":[{"taxonomy":"category","embeddable":true,"href":"https:\/\/csp.ch\/geneve\/wp-json\/wp\/v2\/categories?post=20582"},{"taxonomy":"post_tag","embeddable":true,"href":"https:\/\/csp.ch\/geneve\/wp-json\/wp\/v2\/tags?post=20582"}],"curies":[{"name":"wp","href":"https:\/\/api.w.org\/{rel}","templated":true}]}}