{"id":19905,"date":"2022-12-06T16:14:04","date_gmt":"2022-12-06T15:14:04","guid":{"rendered":"https:\/\/csp.ch\/geneve\/?p=19905"},"modified":"2022-12-06T16:31:59","modified_gmt":"2022-12-06T15:31:59","slug":"la-politique-migratoire-suisse-tue","status":"publish","type":"post","link":"https:\/\/csp.ch\/geneve\/la-politique-migratoire-suisse-tue\/","title":{"rendered":"La politique migratoire suisse tue"},"content":{"rendered":"<div class=\"wpb-content-wrapper\"><p>[vc_row][vc_column][vc_column_text]Alireza, jeune demandeur d\u2019asile afghan, a mis fin \u00e0 ses jours le 30 novembre 2022. \u00a0Il venait de recevoir une d\u00e9cision du Tribunal administratif f\u00e9d\u00e9ral (TAF) confirmant une d\u00e9cision du Secr\u00e9tariat d\u2019\u00c9tat aux migrations (SEM)\u00a0: non-entr\u00e9e en mati\u00e8re sur sa demande d\u2019asile et renvoi vers la Gr\u00e8ce. Une nouvelle insoutenable.<\/p>\n<p><strong>Cette d\u00e9cision politique est \u00e0 la fois choquante et incompr\u00e9hensible. <\/strong><\/p>\n<p>L\u2019avis m\u00e9dical alarmant n\u2019a pas \u00e9t\u00e9 pris en compte par les autorit\u00e9s. En effet, un rapport faisait \u00e9tat d\u2019une grande vuln\u00e9rabilit\u00e9 psychique en lien avec une histoire traumatisante. \u00ab\u00a0Ils avaient entre leurs mains un certificat m\u00e9dical \u00e9voquant, \u00e0 deux reprises, un risque \u00e9lev\u00e9 de passage \u00e0 l\u2019acte suicidaire en cas de renvoi\u00a0\u00bb, rel\u00e8ve Rapha\u00ebl Rey, charg\u00e9 d\u2019information au Service d\u2019aide aux r\u00e9fugi\u00e9\u00b7e\u00b7s du CSP.<\/p>\n<p>Pourtant, au printemps dernier, le TAF a impos\u00e9 des restrictions strictes pour les renvois vers la Gr\u00e8ce, notamment pour les personnes particuli\u00e8rement vuln\u00e9rables. \u00ab Trop souvent, la d\u00e9tresse et la fragilit\u00e9 des personnes ne sont pas prises en compte par les autorit\u00e9s, alors m\u00eame que le droit les y oblige\u00a0\u00bb, ajoute Rapha\u00ebl Rey.<\/p>\n<p>Cela ne doit plus se reproduire. Une v\u00e9ritable prise en compte des rapports m\u00e9dicaux et de la vuln\u00e9rabilit\u00e9 des personnes est n\u00e9cessaire. Il est \u00e9galement urgent que les autorit\u00e9s cantonales se positionnent contre l\u2019ex\u00e9cution de renvois vers des pays o\u00f9 la vie des requ\u00e9rant\u00b7e\u00b7s est en danger.<\/p>\n<p><a href=\"https:\/\/csp.ch\/geneve\/wp-content\/uploads\/sites\/5\/2022\/12\/CSP_communique_Alireza_05.12.2022.pdf\">Retrouvez ici notre communiqu\u00e9 de presse<\/a><\/p>\n<hr \/>\n<p>Vous vous inqui\u00e9tez pour un\u00b7e de vos proches? Ou vous avez besoin d\u2019aide?<\/p>\n<p>N\u2019h\u00e9sitez pas \u00e0 contacter, de mani\u00e8re confidentielle (24h\/24 7j\/7)\u00a0:<\/p>\n<ul>\n<li>147 \u2013 Ligne d\u2019aide Jeunes (147.ch)<\/li>\n<li>143 \u2013 La main tendue, ligne d\u2019aide Adultes (143.ch)<\/li>\n<li>144 \u2013 Urgences m\u00e9dicales<\/li>\n<\/ul>\n<p>[\/vc_column_text][\/vc_column][\/vc_row]<\/p>\n<\/div>","protected":false},"excerpt":{"rendered":"<p>[vc_row][vc_column][vc_column_text]Alireza, jeune demandeur d\u2019asile afghan, a mis fin \u00e0 ses jours le 30 novembre 2022. \u00a0Il venait de recevoir une d\u00e9cision du Tribunal administratif f\u00e9d\u00e9ral (TAF) confirmant une d\u00e9cision du Secr\u00e9tariat d\u2019\u00c9tat aux migrations (SEM)\u00a0: non-entr\u00e9e en mati\u00e8re sur sa demande d\u2019asile et renvoi vers la Gr\u00e8ce. Une nouvelle insoutenable. Cette d\u00e9cision politique est \u00e0 [&hellip;]<\/p>\n","protected":false},"author":32,"featured_media":19910,"comment_status":"closed","ping_status":"closed","sticky":false,"template":"","format":"standard","meta":{"_acf_changed":false,"footnotes":""},"categories":[28,49],"tags":[],"class_list":["post-19905","post","type-post","status-publish","format-standard","has-post-thumbnail","hentry","category-migration","category-refugies"],"acf":[],"yoast_head":"<!-- This site is optimized with the Yoast SEO plugin v27.1.1 - https:\/\/yoast.com\/product\/yoast-seo-wordpress\/ -->\n<title>La politique migratoire suisse tue - CSP Gen\u00e8ve<\/title>\n<meta name=\"description\" content=\"Alireza, jeune demandeur d\u2019asile afghan, a mis fin \u00e0 ses jours le 30 novembre 2022. \u00a0Il venait de recevoir une d\u00e9cision du Tribunal administratif f\u00e9d\u00e9ral (TAF) confirmant une d\u00e9cision du Secr\u00e9tariat d\u2019\u00c9tat aux migrations (SEM)\u00a0: non-entr\u00e9e en mati\u00e8re sur sa demande d\u2019asile et renvoi vers la Gr\u00e8ce. Une nouvelle insoutenable.\" \/>\n<meta name=\"robots\" content=\"index, follow, max-snippet:-1, max-image-preview:large, max-video-preview:-1\" \/>\n<link rel=\"canonical\" href=\"https:\/\/csp.ch\/geneve\/la-politique-migratoire-suisse-tue\/\" \/>\n<meta property=\"og:locale\" content=\"fr_FR\" \/>\n<meta property=\"og:type\" content=\"article\" \/>\n<meta property=\"og:title\" content=\"La politique migratoire suisse tue - CSP Gen\u00e8ve\" \/>\n<meta property=\"og:description\" content=\"Alireza, jeune demandeur d\u2019asile afghan, a mis fin \u00e0 ses jours le 30 novembre 2022. \u00a0Il venait de recevoir une d\u00e9cision du Tribunal administratif f\u00e9d\u00e9ral (TAF) confirmant une d\u00e9cision du Secr\u00e9tariat d\u2019\u00c9tat aux migrations (SEM)\u00a0: non-entr\u00e9e en mati\u00e8re sur sa demande d\u2019asile et renvoi vers la Gr\u00e8ce. Une nouvelle insoutenable.\" \/>\n<meta property=\"og:url\" content=\"https:\/\/csp.ch\/geneve\/la-politique-migratoire-suisse-tue\/\" \/>\n<meta property=\"og:site_name\" content=\"CSP Gen\u00e8ve\" \/>\n<meta property=\"article:published_time\" content=\"2022-12-06T15:14:04+00:00\" \/>\n<meta property=\"article:modified_time\" content=\"2022-12-06T15:31:59+00:00\" \/>\n<meta property=\"og:image\" content=\"https:\/\/csp.ch\/wp-content\/uploads\/sites\/5\/2022\/12\/Image_courrier.jpg-1024x605.png\" \/>\n\t<meta property=\"og:image:width\" content=\"1024\" \/>\n\t<meta property=\"og:image:height\" content=\"605\" \/>\n\t<meta property=\"og:image:type\" content=\"image\/png\" \/>\n<meta name=\"author\" content=\"kschach\" \/>\n<meta name=\"twitter:card\" content=\"summary_large_image\" \/>\n<meta name=\"twitter:label1\" content=\"\u00c9crit par\" \/>\n\t<meta name=\"twitter:data1\" content=\"kschach\" \/>\n\t<meta name=\"twitter:label2\" content=\"Dur\u00e9e de lecture estim\u00e9e\" \/>\n\t<meta name=\"twitter:data2\" content=\"2 minutes\" \/>\n<script type=\"application\/ld+json\" class=\"yoast-schema-graph\">{\"@context\":\"https:\/\/schema.org\",\"@graph\":[{\"@type\":\"Article\",\"@id\":\"https:\/\/csp.ch\/geneve\/la-politique-migratoire-suisse-tue\/#article\",\"isPartOf\":{\"@id\":\"https:\/\/csp.ch\/geneve\/la-politique-migratoire-suisse-tue\/\"},\"author\":{\"name\":\"kschach\",\"@id\":\"https:\/\/csp.ch\/geneve\/#\/schema\/person\/9d3863f340958049df7c835076b616a0\"},\"headline\":\"La politique migratoire suisse tue\",\"datePublished\":\"2022-12-06T15:14:04+00:00\",\"dateModified\":\"2022-12-06T15:31:59+00:00\",\"mainEntityOfPage\":{\"@id\":\"https:\/\/csp.ch\/geneve\/la-politique-migratoire-suisse-tue\/\"},\"wordCount\":330,\"image\":{\"@id\":\"https:\/\/csp.ch\/geneve\/la-politique-migratoire-suisse-tue\/#primaryimage\"},\"thumbnailUrl\":\"https:\/\/csp.ch\/wp-content\/uploads\/sites\/5\/2022\/12\/Image_courrier.jpg-e1670339820176.png\",\"articleSection\":[\"Migration\",\"R\u00e9fugi\u00e9s\"],\"inLanguage\":\"fr-FR\"},{\"@type\":\"WebPage\",\"@id\":\"https:\/\/csp.ch\/geneve\/la-politique-migratoire-suisse-tue\/\",\"url\":\"https:\/\/csp.ch\/geneve\/la-politique-migratoire-suisse-tue\/\",\"name\":\"La politique migratoire suisse tue - CSP Gen\u00e8ve\",\"isPartOf\":{\"@id\":\"https:\/\/csp.ch\/geneve\/#website\"},\"primaryImageOfPage\":{\"@id\":\"https:\/\/csp.ch\/geneve\/la-politique-migratoire-suisse-tue\/#primaryimage\"},\"image\":{\"@id\":\"https:\/\/csp.ch\/geneve\/la-politique-migratoire-suisse-tue\/#primaryimage\"},\"thumbnailUrl\":\"https:\/\/csp.ch\/wp-content\/uploads\/sites\/5\/2022\/12\/Image_courrier.jpg-e1670339820176.png\",\"datePublished\":\"2022-12-06T15:14:04+00:00\",\"dateModified\":\"2022-12-06T15:31:59+00:00\",\"author\":{\"@id\":\"https:\/\/csp.ch\/geneve\/#\/schema\/person\/9d3863f340958049df7c835076b616a0\"},\"description\":\"Alireza, jeune demandeur d\u2019asile afghan, a mis fin \u00e0 ses jours le 30 novembre 2022. \u00a0Il venait de recevoir une d\u00e9cision du Tribunal administratif f\u00e9d\u00e9ral (TAF) confirmant une d\u00e9cision du Secr\u00e9tariat d\u2019\u00c9tat aux migrations (SEM)\u00a0: non-entr\u00e9e en mati\u00e8re sur sa demande d\u2019asile et renvoi vers la Gr\u00e8ce. Une nouvelle insoutenable.\",\"breadcrumb\":{\"@id\":\"https:\/\/csp.ch\/geneve\/la-politique-migratoire-suisse-tue\/#breadcrumb\"},\"inLanguage\":\"fr-FR\",\"potentialAction\":[{\"@type\":\"ReadAction\",\"target\":[\"https:\/\/csp.ch\/geneve\/la-politique-migratoire-suisse-tue\/\"]}]},{\"@type\":\"ImageObject\",\"inLanguage\":\"fr-FR\",\"@id\":\"https:\/\/csp.ch\/geneve\/la-politique-migratoire-suisse-tue\/#primaryimage\",\"url\":\"https:\/\/csp.ch\/wp-content\/uploads\/sites\/5\/2022\/12\/Image_courrier.jpg-e1670339820176.png\",\"contentUrl\":\"https:\/\/csp.ch\/wp-content\/uploads\/sites\/5\/2022\/12\/Image_courrier.jpg-e1670339820176.png\",\"width\":723,\"height\":336},{\"@type\":\"BreadcrumbList\",\"@id\":\"https:\/\/csp.ch\/geneve\/la-politique-migratoire-suisse-tue\/#breadcrumb\",\"itemListElement\":[{\"@type\":\"ListItem\",\"position\":1,\"name\":\"Accueil\",\"item\":\"https:\/\/csp.ch\/geneve\/\"},{\"@type\":\"ListItem\",\"position\":2,\"name\":\"La politique migratoire suisse tue\"}]},{\"@type\":\"WebSite\",\"@id\":\"https:\/\/csp.ch\/geneve\/#website\",\"url\":\"https:\/\/csp.ch\/geneve\/\",\"name\":\"CSP Gen\u00e8ve\",\"description\":\"\",\"potentialAction\":[{\"@type\":\"SearchAction\",\"target\":{\"@type\":\"EntryPoint\",\"urlTemplate\":\"https:\/\/csp.ch\/geneve\/?s={search_term_string}\"},\"query-input\":{\"@type\":\"PropertyValueSpecification\",\"valueRequired\":true,\"valueName\":\"search_term_string\"}}],\"inLanguage\":\"fr-FR\"},{\"@type\":\"Person\",\"@id\":\"https:\/\/csp.ch\/geneve\/#\/schema\/person\/9d3863f340958049df7c835076b616a0\",\"name\":\"kschach\",\"image\":{\"@type\":\"ImageObject\",\"inLanguage\":\"fr-FR\",\"@id\":\"https:\/\/csp.ch\/geneve\/#\/schema\/person\/image\/\",\"url\":\"https:\/\/secure.gravatar.com\/avatar\/b9e8bd33105bf5642e115513de9c558ebc32a1af8c0b131ed24c6605dfb5a6fb?s=96&d=mm&r=g\",\"contentUrl\":\"https:\/\/secure.gravatar.com\/avatar\/b9e8bd33105bf5642e115513de9c558ebc32a1af8c0b131ed24c6605dfb5a6fb?s=96&d=mm&r=g\",\"caption\":\"kschach\"},\"url\":\"https:\/\/csp.ch\/geneve\/author\/kschach\/\"}]}<\/script>\n<!-- \/ Yoast SEO plugin. -->","yoast_head_json":{"title":"La politique migratoire suisse tue - CSP Gen\u00e8ve","description":"Alireza, jeune demandeur d\u2019asile afghan, a mis fin \u00e0 ses jours le 30 novembre 2022. \u00a0Il venait de recevoir une d\u00e9cision du Tribunal administratif f\u00e9d\u00e9ral (TAF) confirmant une d\u00e9cision du Secr\u00e9tariat d\u2019\u00c9tat aux migrations (SEM)\u00a0: non-entr\u00e9e en mati\u00e8re sur sa demande d\u2019asile et renvoi vers la Gr\u00e8ce. Une nouvelle insoutenable.","robots":{"index":"index","follow":"follow","max-snippet":"max-snippet:-1","max-image-preview":"max-image-preview:large","max-video-preview":"max-video-preview:-1"},"canonical":"https:\/\/csp.ch\/geneve\/la-politique-migratoire-suisse-tue\/","og_locale":"fr_FR","og_type":"article","og_title":"La politique migratoire suisse tue - CSP Gen\u00e8ve","og_description":"Alireza, jeune demandeur d\u2019asile afghan, a mis fin \u00e0 ses jours le 30 novembre 2022. \u00a0Il venait de recevoir une d\u00e9cision du Tribunal administratif f\u00e9d\u00e9ral (TAF) confirmant une d\u00e9cision du Secr\u00e9tariat d\u2019\u00c9tat aux migrations (SEM)\u00a0: non-entr\u00e9e en mati\u00e8re sur sa demande d\u2019asile et renvoi vers la Gr\u00e8ce. Une nouvelle insoutenable.","og_url":"https:\/\/csp.ch\/geneve\/la-politique-migratoire-suisse-tue\/","og_site_name":"CSP Gen\u00e8ve","article_published_time":"2022-12-06T15:14:04+00:00","article_modified_time":"2022-12-06T15:31:59+00:00","og_image":[{"width":1024,"height":605,"url":"https:\/\/csp.ch\/wp-content\/uploads\/sites\/5\/2022\/12\/Image_courrier.jpg-1024x605.png","type":"image\/png"}],"author":"kschach","twitter_card":"summary_large_image","twitter_misc":{"\u00c9crit par":"kschach","Dur\u00e9e de lecture estim\u00e9e":"2 minutes"},"schema":{"@context":"https:\/\/schema.org","@graph":[{"@type":"Article","@id":"https:\/\/csp.ch\/geneve\/la-politique-migratoire-suisse-tue\/#article","isPartOf":{"@id":"https:\/\/csp.ch\/geneve\/la-politique-migratoire-suisse-tue\/"},"author":{"name":"kschach","@id":"https:\/\/csp.ch\/geneve\/#\/schema\/person\/9d3863f340958049df7c835076b616a0"},"headline":"La politique migratoire suisse tue","datePublished":"2022-12-06T15:14:04+00:00","dateModified":"2022-12-06T15:31:59+00:00","mainEntityOfPage":{"@id":"https:\/\/csp.ch\/geneve\/la-politique-migratoire-suisse-tue\/"},"wordCount":330,"image":{"@id":"https:\/\/csp.ch\/geneve\/la-politique-migratoire-suisse-tue\/#primaryimage"},"thumbnailUrl":"https:\/\/csp.ch\/wp-content\/uploads\/sites\/5\/2022\/12\/Image_courrier.jpg-e1670339820176.png","articleSection":["Migration","R\u00e9fugi\u00e9s"],"inLanguage":"fr-FR"},{"@type":"WebPage","@id":"https:\/\/csp.ch\/geneve\/la-politique-migratoire-suisse-tue\/","url":"https:\/\/csp.ch\/geneve\/la-politique-migratoire-suisse-tue\/","name":"La politique migratoire suisse tue - CSP Gen\u00e8ve","isPartOf":{"@id":"https:\/\/csp.ch\/geneve\/#website"},"primaryImageOfPage":{"@id":"https:\/\/csp.ch\/geneve\/la-politique-migratoire-suisse-tue\/#primaryimage"},"image":{"@id":"https:\/\/csp.ch\/geneve\/la-politique-migratoire-suisse-tue\/#primaryimage"},"thumbnailUrl":"https:\/\/csp.ch\/wp-content\/uploads\/sites\/5\/2022\/12\/Image_courrier.jpg-e1670339820176.png","datePublished":"2022-12-06T15:14:04+00:00","dateModified":"2022-12-06T15:31:59+00:00","author":{"@id":"https:\/\/csp.ch\/geneve\/#\/schema\/person\/9d3863f340958049df7c835076b616a0"},"description":"Alireza, jeune demandeur d\u2019asile afghan, a mis fin \u00e0 ses jours le 30 novembre 2022. \u00a0Il venait de recevoir une d\u00e9cision du Tribunal administratif f\u00e9d\u00e9ral (TAF) confirmant une d\u00e9cision du Secr\u00e9tariat d\u2019\u00c9tat aux migrations (SEM)\u00a0: non-entr\u00e9e en mati\u00e8re sur sa demande d\u2019asile et renvoi vers la Gr\u00e8ce. Une nouvelle insoutenable.","breadcrumb":{"@id":"https:\/\/csp.ch\/geneve\/la-politique-migratoire-suisse-tue\/#breadcrumb"},"inLanguage":"fr-FR","potentialAction":[{"@type":"ReadAction","target":["https:\/\/csp.ch\/geneve\/la-politique-migratoire-suisse-tue\/"]}]},{"@type":"ImageObject","inLanguage":"fr-FR","@id":"https:\/\/csp.ch\/geneve\/la-politique-migratoire-suisse-tue\/#primaryimage","url":"https:\/\/csp.ch\/wp-content\/uploads\/sites\/5\/2022\/12\/Image_courrier.jpg-e1670339820176.png","contentUrl":"https:\/\/csp.ch\/wp-content\/uploads\/sites\/5\/2022\/12\/Image_courrier.jpg-e1670339820176.png","width":723,"height":336},{"@type":"BreadcrumbList","@id":"https:\/\/csp.ch\/geneve\/la-politique-migratoire-suisse-tue\/#breadcrumb","itemListElement":[{"@type":"ListItem","position":1,"name":"Accueil","item":"https:\/\/csp.ch\/geneve\/"},{"@type":"ListItem","position":2,"name":"La politique migratoire suisse tue"}]},{"@type":"WebSite","@id":"https:\/\/csp.ch\/geneve\/#website","url":"https:\/\/csp.ch\/geneve\/","name":"CSP Gen\u00e8ve","description":"","potentialAction":[{"@type":"SearchAction","target":{"@type":"EntryPoint","urlTemplate":"https:\/\/csp.ch\/geneve\/?s={search_term_string}"},"query-input":{"@type":"PropertyValueSpecification","valueRequired":true,"valueName":"search_term_string"}}],"inLanguage":"fr-FR"},{"@type":"Person","@id":"https:\/\/csp.ch\/geneve\/#\/schema\/person\/9d3863f340958049df7c835076b616a0","name":"kschach","image":{"@type":"ImageObject","inLanguage":"fr-FR","@id":"https:\/\/csp.ch\/geneve\/#\/schema\/person\/image\/","url":"https:\/\/secure.gravatar.com\/avatar\/b9e8bd33105bf5642e115513de9c558ebc32a1af8c0b131ed24c6605dfb5a6fb?s=96&d=mm&r=g","contentUrl":"https:\/\/secure.gravatar.com\/avatar\/b9e8bd33105bf5642e115513de9c558ebc32a1af8c0b131ed24c6605dfb5a6fb?s=96&d=mm&r=g","caption":"kschach"},"url":"https:\/\/csp.ch\/geneve\/author\/kschach\/"}]}},"_links":{"self":[{"href":"https:\/\/csp.ch\/geneve\/wp-json\/wp\/v2\/posts\/19905","targetHints":{"allow":["GET"]}}],"collection":[{"href":"https:\/\/csp.ch\/geneve\/wp-json\/wp\/v2\/posts"}],"about":[{"href":"https:\/\/csp.ch\/geneve\/wp-json\/wp\/v2\/types\/post"}],"author":[{"embeddable":true,"href":"https:\/\/csp.ch\/geneve\/wp-json\/wp\/v2\/users\/32"}],"replies":[{"embeddable":true,"href":"https:\/\/csp.ch\/geneve\/wp-json\/wp\/v2\/comments?post=19905"}],"version-history":[{"count":8,"href":"https:\/\/csp.ch\/geneve\/wp-json\/wp\/v2\/posts\/19905\/revisions"}],"predecessor-version":[{"id":19916,"href":"https:\/\/csp.ch\/geneve\/wp-json\/wp\/v2\/posts\/19905\/revisions\/19916"}],"wp:featuredmedia":[{"embeddable":true,"href":"https:\/\/csp.ch\/geneve\/wp-json\/wp\/v2\/media\/19910"}],"wp:attachment":[{"href":"https:\/\/csp.ch\/geneve\/wp-json\/wp\/v2\/media?parent=19905"}],"wp:term":[{"taxonomy":"category","embeddable":true,"href":"https:\/\/csp.ch\/geneve\/wp-json\/wp\/v2\/categories?post=19905"},{"taxonomy":"post_tag","embeddable":true,"href":"https:\/\/csp.ch\/geneve\/wp-json\/wp\/v2\/tags?post=19905"}],"curies":[{"name":"wp","href":"https:\/\/api.w.org\/{rel}","templated":true}]}}